{"id":8583,"date":"2022-08-05T13:31:50","date_gmt":"2022-08-05T19:31:50","guid":{"rendered":"https:\/\/www.blplegal.com\/?p=8583"},"modified":"2026-07-22T11:29:03","modified_gmt":"2026-07-22T17:29:03","slug":"blp-suma-nuevo-especialista-en-derecho-corporativo-e-inmobiliario-a-su-equipo-en-costa-rica","status":"publish","type":"post","link":"https:\/\/blplegal.com\/es\/blp-suma-nuevo-especialista-en-derecho-corporativo-e-inmobiliario-a-su-equipo-en-costa-rica\/","title":{"rendered":"BLP suma nuevo especialista en derecho corporativo e inmobiliario a su equipo en Costa Rica"},"content":{"rendered":"\n<p class=\"wp-block-paragraph\">Como parte de su estrategia de crecimiento, y en atenci\u00f3n a las demandas claves del mercado, BLP suma a <strong><font color=\"#002f87\"><a href=\"https:\/\/www.blplegal.com\/es\/jose-maria-pacheco\/\" target=\"_blank\" rel=\"noopener noreferrer\" style=\"color: rgb(0, 47, 135);\">Jos\u00e9 Mar\u00eda Pacheco<\/a><\/font><\/strong> como Special Counsel a su equipo en Costa Rica. Se integrar\u00e1 a las pr\u00e1cticas de Derecho Corporativo e Inmobiliario y Hoteler\u00eda de la firma. <\/p>\n\n\n\n<figure class=\"wp-block-image\"><img decoding=\"async\" src=\"https:\/\/www.blplegal.com\/blp-web-2021\/wp-content\/uploads\/2022\/08\/Jose-Maria-Pachecho-400x489-1-245x300.png\" alt=\"\" \/><\/figure>\n\n\n\n<p class=\"wp-block-paragraph\" style=\"text-align: center;\" align=\"left\"><a href=\"https:\/\/www.blplegal.com\/jose-maria-pacheco\/\"><strong style=\"color: #002293;\">Jos\u00e9 Mar\u00eda Pacheco<\/strong><\/a><br \/>\nSpecial Counsel | Costa Rica<\/p>\n\n\n\n<p class=\"wp-block-paragraph\">La experiencia de Jos\u00e9 Mar\u00eda\u00a0incluye la representaci\u00f3n de compa\u00f1\u00edas regionales y extranjeras en el establecimiento de sus operaciones, direcci\u00f3n de transacciones multinacionales complejas de fusiones y adquisiciones, y el dise\u00f1o y ejecuci\u00f3n de estructuras corporativas locales e internacionales. Jos\u00e9 Mar\u00eda tambi\u00e9n tiene experiencia asesorando a clientes en desarrollos inmobiliarios y hoteleros de gran escala desde su inicio hasta sus fases operativas, incluido el dise\u00f1o legal de proyectos inmobiliarios, la adquisici\u00f3n de bienes inmuebles.\u202f\u00a0<\/p>\n\n\n\n<p class=\"wp-block-paragraph\">Jos\u00e9 Mar\u00eda se une a las reconocidas pr\u00e1cticas de Derecho Corporativo e Inmobiliario &amp; Hoteler\u00eda de BLP, ambas reconocidas como Band 1 por Chambers and Partners, y que ostentan la m\u00e1xima calificaci\u00f3n por The Legal 500 y Latin Lawyer.\u00a0<\/p>\n\n\n\n<h5 class=\"wp-block-heading\"><b>Orgullosos del talento incomparable de nuestro equipo, una vez m\u00e1s le damos la bienvenida a Jos\u00e9 Mar\u00eda Pacheco a BLP. <\/b><\/h5>\n","protected":false},"excerpt":{"rendered":"<p>Como parte de su estrategia de crecimiento, y en atenci\u00f3n a las demandas claves del mercado, BLP suma a Jos\u00e9 Mar\u00eda Pacheco como Special Counsel a su equipo en Costa Rica. Se integrar\u00e1 a las pr\u00e1cticas de Derecho Corporativo e Inmobiliario y Hoteler\u00eda de la firma. Jos\u00e9 Mar\u00eda Pacheco Special Counsel | Costa Rica La&#8230;<\/p>\n","protected":false},"author":8,"featured_media":22344,"comment_status":"open","ping_status":"open","sticky":false,"template":"","format":"standard","meta":{"_acf_changed":false,"footnotes":""},"categories":[300,301,259,269,287],"tags":[],"class_list":["post-8583","post","type-post","status-publish","format-standard","has-post-thumbnail","hentry","category-at-blp","category-blog","category-costa-rica","category-derecho-corporativo","category-inmobiliario-y-hoteleria"],"acf":[],"yoast_head":"<!-- This site is optimized with the Yoast SEO plugin v28.3 - https:\/\/yoast.com\/product\/yoast-seo-wordpress\/ -->\n<title>BLP suma nuevo especialista en derecho corporativo e inmobiliario a su equipo en Costa Rica - BLP Legal<\/title>\n<meta name=\"description\" content=\"BLP suma a Jos\u00e9 Mar\u00eda Pacheco como Special Counsel a su equipo en Costa Rica. Se integrar\u00e1 a las pr\u00e1cticas de Derecho Corporativo e Inmobiliario y Hoteler\u00eda de la firma.\" \/>\n<meta name=\"robots\" content=\"index, follow, max-snippet:-1, max-image-preview:large, max-video-preview:-1\" \/>\n<link rel=\"canonical\" href=\"https:\/\/blplegal.com\/es\/blp-suma-nuevo-especialista-en-derecho-corporativo-e-inmobiliario-a-su-equipo-en-costa-rica\/\" \/>\n<meta property=\"og:locale\" content=\"es_ES\" \/>\n<meta property=\"og:type\" content=\"article\" \/>\n<meta property=\"og:title\" content=\"BLP suma nuevo especialista en derecho corporativo e inmobiliario a su equipo en Costa Rica\" \/>\n<meta property=\"og:description\" content=\"BLP suma a Jos\u00e9 Mar\u00eda Pacheco como Special Counsel a su equipo en Costa Rica. Se integrar\u00e1 a las pr\u00e1cticas de Derecho Corporativo e Inmobiliario y Hoteler\u00eda de la firma.\" \/>\n<meta property=\"og:url\" content=\"https:\/\/blplegal.com\/es\/blp-suma-nuevo-especialista-en-derecho-corporativo-e-inmobiliario-a-su-equipo-en-costa-rica\/\" \/>\n<meta property=\"og:site_name\" content=\"BLP Legal\" \/>\n<meta property=\"article:publisher\" content=\"https:\/\/www.facebook.com\/blplaw\" \/>\n<meta property=\"article:published_time\" content=\"2022-08-05T19:31:50+00:00\" \/>\n<meta property=\"article:modified_time\" content=\"2026-07-22T17:29:03+00:00\" \/>\n<meta name=\"author\" content=\"BLP\" \/>\n<meta name=\"twitter:card\" content=\"summary_large_image\" \/>\n<meta name=\"twitter:title\" content=\"BLP suma nuevo especialista en derecho corporativo e inmobiliario a su equipo en Costa Rica\" \/>\n<meta name=\"twitter:description\" content=\"BLP suma a Jos\u00e9 Mar\u00eda Pacheco como Special Counsel a su equipo en Costa Rica. Se integrar\u00e1 a las pr\u00e1cticas de Derecho Corporativo e Inmobiliario y Hoteler\u00eda de la firma.\" \/>\n<meta name=\"twitter:creator\" content=\"@blplegal\" \/>\n<meta name=\"twitter:site\" content=\"@blplegal\" \/>\n<meta name=\"twitter:label1\" content=\"Escrito por\" \/>\n\t<meta name=\"twitter:data1\" content=\"BLP\" \/>\n\t<meta name=\"twitter:label2\" content=\"Tiempo de lectura\" \/>\n\t<meta name=\"twitter:data2\" content=\"5 minutos\" \/>\n<script type=\"application\/ld+json\" class=\"yoast-schema-graph\">{\"@context\":\"https:\\\/\\\/schema.org\",\"@graph\":[{\"@type\":\"Article\",\"@id\":\"https:\\\/\\\/blplegal.com\\\/es\\\/blp-suma-nuevo-especialista-en-derecho-corporativo-e-inmobiliario-a-su-equipo-en-costa-rica\\\/#article\",\"isPartOf\":{\"@id\":\"https:\\\/\\\/blplegal.com\\\/es\\\/blp-suma-nuevo-especialista-en-derecho-corporativo-e-inmobiliario-a-su-equipo-en-costa-rica\\\/\"},\"author\":{\"name\":\"BLP\",\"@id\":\"https:\\\/\\\/blplegal.com\\\/es\\\/#\\\/schema\\\/person\\\/6ab710bbab799caa7fe5581f7622ce7d\"},\"headline\":\"BLP suma nuevo especialista en derecho corporativo e inmobiliario a su equipo en Costa Rica\",\"datePublished\":\"2022-08-05T19:31:50+00:00\",\"dateModified\":\"2026-07-22T17:29:03+00:00\",\"mainEntityOfPage\":{\"@id\":\"https:\\\/\\\/blplegal.com\\\/es\\\/blp-suma-nuevo-especialista-en-derecho-corporativo-e-inmobiliario-a-su-equipo-en-costa-rica\\\/\"},\"wordCount\":221,\"commentCount\":0,\"publisher\":{\"@id\":\"https:\\\/\\\/blplegal.com\\\/es\\\/#organization\"},\"image\":{\"@id\":\"https:\\\/\\\/blplegal.com\\\/es\\\/blp-suma-nuevo-especialista-en-derecho-corporativo-e-inmobiliario-a-su-equipo-en-costa-rica\\\/#primaryimage\"},\"thumbnailUrl\":\"https:\\\/\\\/blplegal.com\\\/wp-content\\\/uploads\\\/2026\\\/05\\\/noticias-CA-2026-100.jpg\",\"articleSection\":[\"At BLP\",\"Blog\",\"Costa Rica\",\"Derecho Corporativo\",\"Inmobiliario &amp; Hoteler\u00eda\"],\"inLanguage\":\"es\",\"potentialAction\":[{\"@type\":\"CommentAction\",\"name\":\"Comment\",\"target\":[\"https:\\\/\\\/blplegal.com\\\/es\\\/blp-suma-nuevo-especialista-en-derecho-corporativo-e-inmobiliario-a-su-equipo-en-costa-rica\\\/#respond\"]}]},{\"@type\":\"WebPage\",\"@id\":\"https:\\\/\\\/blplegal.com\\\/es\\\/blp-suma-nuevo-especialista-en-derecho-corporativo-e-inmobiliario-a-su-equipo-en-costa-rica\\\/\",\"url\":\"https:\\\/\\\/blplegal.com\\\/es\\\/blp-suma-nuevo-especialista-en-derecho-corporativo-e-inmobiliario-a-su-equipo-en-costa-rica\\\/\",\"name\":\"BLP suma nuevo especialista en derecho corporativo e inmobiliario a su equipo en Costa Rica - BLP Legal\",\"isPartOf\":{\"@id\":\"https:\\\/\\\/blplegal.com\\\/es\\\/#website\"},\"primaryImageOfPage\":{\"@id\":\"https:\\\/\\\/blplegal.com\\\/es\\\/blp-suma-nuevo-especialista-en-derecho-corporativo-e-inmobiliario-a-su-equipo-en-costa-rica\\\/#primaryimage\"},\"image\":{\"@id\":\"https:\\\/\\\/blplegal.com\\\/es\\\/blp-suma-nuevo-especialista-en-derecho-corporativo-e-inmobiliario-a-su-equipo-en-costa-rica\\\/#primaryimage\"},\"thumbnailUrl\":\"https:\\\/\\\/blplegal.com\\\/wp-content\\\/uploads\\\/2026\\\/05\\\/noticias-CA-2026-100.jpg\",\"datePublished\":\"2022-08-05T19:31:50+00:00\",\"dateModified\":\"2026-07-22T17:29:03+00:00\",\"description\":\"BLP suma a Jos\u00e9 Mar\u00eda Pacheco como Special Counsel a su equipo en Costa Rica. Se integrar\u00e1 a las pr\u00e1cticas de Derecho Corporativo e Inmobiliario y Hoteler\u00eda de la firma.\",\"breadcrumb\":{\"@id\":\"https:\\\/\\\/blplegal.com\\\/es\\\/blp-suma-nuevo-especialista-en-derecho-corporativo-e-inmobiliario-a-su-equipo-en-costa-rica\\\/#breadcrumb\"},\"inLanguage\":\"es\",\"potentialAction\":[{\"@type\":\"ReadAction\",\"target\":[\"https:\\\/\\\/blplegal.com\\\/es\\\/blp-suma-nuevo-especialista-en-derecho-corporativo-e-inmobiliario-a-su-equipo-en-costa-rica\\\/\"]}]},{\"@type\":\"ImageObject\",\"inLanguage\":\"es\",\"@id\":\"https:\\\/\\\/blplegal.com\\\/es\\\/blp-suma-nuevo-especialista-en-derecho-corporativo-e-inmobiliario-a-su-equipo-en-costa-rica\\\/#primaryimage\",\"url\":\"https:\\\/\\\/blplegal.com\\\/wp-content\\\/uploads\\\/2026\\\/05\\\/noticias-CA-2026-100.jpg\",\"contentUrl\":\"https:\\\/\\\/blplegal.com\\\/wp-content\\\/uploads\\\/2026\\\/05\\\/noticias-CA-2026-100.jpg\",\"width\":1920,\"height\":655},{\"@type\":\"BreadcrumbList\",\"@id\":\"https:\\\/\\\/blplegal.com\\\/es\\\/blp-suma-nuevo-especialista-en-derecho-corporativo-e-inmobiliario-a-su-equipo-en-costa-rica\\\/#breadcrumb\",\"itemListElement\":[{\"@type\":\"ListItem\",\"position\":1,\"name\":\"Home\",\"item\":\"https:\\\/\\\/blplegal.com\\\/es\\\/\"},{\"@type\":\"ListItem\",\"position\":2,\"name\":\"BLP suma nuevo especialista en derecho corporativo e inmobiliario a su equipo en Costa Rica\"}]},{\"@type\":\"WebSite\",\"@id\":\"https:\\\/\\\/blplegal.com\\\/es\\\/#website\",\"url\":\"https:\\\/\\\/blplegal.com\\\/es\\\/\",\"name\":\"BLP Legal\",\"description\":\"\",\"publisher\":{\"@id\":\"https:\\\/\\\/blplegal.com\\\/es\\\/#organization\"},\"potentialAction\":[{\"@type\":\"SearchAction\",\"target\":{\"@type\":\"EntryPoint\",\"urlTemplate\":\"https:\\\/\\\/blplegal.com\\\/es\\\/?s={search_term_string}\"},\"query-input\":{\"@type\":\"PropertyValueSpecification\",\"valueRequired\":true,\"valueName\":\"search_term_string\"}}],\"inLanguage\":\"es\"},{\"@type\":\"Organization\",\"@id\":\"https:\\\/\\\/blplegal.com\\\/es\\\/#organization\",\"name\":\"BLP Legal\",\"url\":\"https:\\\/\\\/blplegal.com\\\/es\\\/\",\"logo\":{\"@type\":\"ImageObject\",\"inLanguage\":\"es\",\"@id\":\"https:\\\/\\\/blplegal.com\\\/es\\\/#\\\/schema\\\/logo\\\/image\\\/\",\"url\":\"https:\\\/\\\/blplegal.com\\\/wp-content\\\/uploads\\\/2026\\\/02\\\/logo-horizontal-800x121-1.png\",\"contentUrl\":\"https:\\\/\\\/blplegal.com\\\/wp-content\\\/uploads\\\/2026\\\/02\\\/logo-horizontal-800x121-1.png\",\"width\":800,\"height\":121,\"caption\":\"BLP Legal\"},\"image\":{\"@id\":\"https:\\\/\\\/blplegal.com\\\/es\\\/#\\\/schema\\\/logo\\\/image\\\/\"},\"sameAs\":[\"https:\\\/\\\/www.facebook.com\\\/blplaw\",\"https:\\\/\\\/x.com\\\/blplegal\"]},{\"@type\":\"Person\",\"@id\":\"https:\\\/\\\/blplegal.com\\\/es\\\/#\\\/schema\\\/person\\\/6ab710bbab799caa7fe5581f7622ce7d\",\"name\":\"BLP\",\"url\":\"https:\\\/\\\/blplegal.com\\\/es\\\/author\\\/blp\\\/\"}]}<\/script>\n<!-- \/ Yoast SEO plugin. -->","yoast_head_json":{"title":"BLP suma nuevo especialista en derecho corporativo e inmobiliario a su equipo en Costa Rica - BLP Legal","description":"BLP suma a Jos\u00e9 Mar\u00eda Pacheco como Special Counsel a su equipo en Costa Rica. Se integrar\u00e1 a las pr\u00e1cticas de Derecho Corporativo e Inmobiliario y Hoteler\u00eda de la firma.","robots":{"index":"index","follow":"follow","max-snippet":"max-snippet:-1","max-image-preview":"max-image-preview:large","max-video-preview":"max-video-preview:-1"},"canonical":"https:\/\/blplegal.com\/es\/blp-suma-nuevo-especialista-en-derecho-corporativo-e-inmobiliario-a-su-equipo-en-costa-rica\/","og_locale":"es_ES","og_type":"article","og_title":"BLP suma nuevo especialista en derecho corporativo e inmobiliario a su equipo en Costa Rica","og_description":"BLP suma a Jos\u00e9 Mar\u00eda Pacheco como Special Counsel a su equipo en Costa Rica. Se integrar\u00e1 a las pr\u00e1cticas de Derecho Corporativo e Inmobiliario y Hoteler\u00eda de la firma.","og_url":"https:\/\/blplegal.com\/es\/blp-suma-nuevo-especialista-en-derecho-corporativo-e-inmobiliario-a-su-equipo-en-costa-rica\/","og_site_name":"BLP Legal","article_publisher":"https:\/\/www.facebook.com\/blplaw","article_published_time":"2022-08-05T19:31:50+00:00","article_modified_time":"2026-07-22T17:29:03+00:00","author":"BLP","twitter_card":"summary_large_image","twitter_title":"BLP suma nuevo especialista en derecho corporativo e inmobiliario a su equipo en Costa Rica","twitter_description":"BLP suma a Jos\u00e9 Mar\u00eda Pacheco como Special Counsel a su equipo en Costa Rica. Se integrar\u00e1 a las pr\u00e1cticas de Derecho Corporativo e Inmobiliario y Hoteler\u00eda de la firma.","twitter_creator":"@blplegal","twitter_site":"@blplegal","twitter_misc":{"Escrito por":"BLP","Tiempo de lectura":"5 minutos"},"schema":{"@context":"https:\/\/schema.org","@graph":[{"@type":"Article","@id":"https:\/\/blplegal.com\/es\/blp-suma-nuevo-especialista-en-derecho-corporativo-e-inmobiliario-a-su-equipo-en-costa-rica\/#article","isPartOf":{"@id":"https:\/\/blplegal.com\/es\/blp-suma-nuevo-especialista-en-derecho-corporativo-e-inmobiliario-a-su-equipo-en-costa-rica\/"},"author":{"name":"BLP","@id":"https:\/\/blplegal.com\/es\/#\/schema\/person\/6ab710bbab799caa7fe5581f7622ce7d"},"headline":"BLP suma nuevo especialista en derecho corporativo e inmobiliario a su equipo en Costa Rica","datePublished":"2022-08-05T19:31:50+00:00","dateModified":"2026-07-22T17:29:03+00:00","mainEntityOfPage":{"@id":"https:\/\/blplegal.com\/es\/blp-suma-nuevo-especialista-en-derecho-corporativo-e-inmobiliario-a-su-equipo-en-costa-rica\/"},"wordCount":221,"commentCount":0,"publisher":{"@id":"https:\/\/blplegal.com\/es\/#organization"},"image":{"@id":"https:\/\/blplegal.com\/es\/blp-suma-nuevo-especialista-en-derecho-corporativo-e-inmobiliario-a-su-equipo-en-costa-rica\/#primaryimage"},"thumbnailUrl":"https:\/\/blplegal.com\/wp-content\/uploads\/2026\/05\/noticias-CA-2026-100.jpg","articleSection":["At BLP","Blog","Costa Rica","Derecho Corporativo","Inmobiliario &amp; Hoteler\u00eda"],"inLanguage":"es","potentialAction":[{"@type":"CommentAction","name":"Comment","target":["https:\/\/blplegal.com\/es\/blp-suma-nuevo-especialista-en-derecho-corporativo-e-inmobiliario-a-su-equipo-en-costa-rica\/#respond"]}]},{"@type":"WebPage","@id":"https:\/\/blplegal.com\/es\/blp-suma-nuevo-especialista-en-derecho-corporativo-e-inmobiliario-a-su-equipo-en-costa-rica\/","url":"https:\/\/blplegal.com\/es\/blp-suma-nuevo-especialista-en-derecho-corporativo-e-inmobiliario-a-su-equipo-en-costa-rica\/","name":"BLP suma nuevo especialista en derecho corporativo e inmobiliario a su equipo en Costa Rica - BLP Legal","isPartOf":{"@id":"https:\/\/blplegal.com\/es\/#website"},"primaryImageOfPage":{"@id":"https:\/\/blplegal.com\/es\/blp-suma-nuevo-especialista-en-derecho-corporativo-e-inmobiliario-a-su-equipo-en-costa-rica\/#primaryimage"},"image":{"@id":"https:\/\/blplegal.com\/es\/blp-suma-nuevo-especialista-en-derecho-corporativo-e-inmobiliario-a-su-equipo-en-costa-rica\/#primaryimage"},"thumbnailUrl":"https:\/\/blplegal.com\/wp-content\/uploads\/2026\/05\/noticias-CA-2026-100.jpg","datePublished":"2022-08-05T19:31:50+00:00","dateModified":"2026-07-22T17:29:03+00:00","description":"BLP suma a Jos\u00e9 Mar\u00eda Pacheco como Special Counsel a su equipo en Costa Rica. Se integrar\u00e1 a las pr\u00e1cticas de Derecho Corporativo e Inmobiliario y Hoteler\u00eda de la firma.","breadcrumb":{"@id":"https:\/\/blplegal.com\/es\/blp-suma-nuevo-especialista-en-derecho-corporativo-e-inmobiliario-a-su-equipo-en-costa-rica\/#breadcrumb"},"inLanguage":"es","potentialAction":[{"@type":"ReadAction","target":["https:\/\/blplegal.com\/es\/blp-suma-nuevo-especialista-en-derecho-corporativo-e-inmobiliario-a-su-equipo-en-costa-rica\/"]}]},{"@type":"ImageObject","inLanguage":"es","@id":"https:\/\/blplegal.com\/es\/blp-suma-nuevo-especialista-en-derecho-corporativo-e-inmobiliario-a-su-equipo-en-costa-rica\/#primaryimage","url":"https:\/\/blplegal.com\/wp-content\/uploads\/2026\/05\/noticias-CA-2026-100.jpg","contentUrl":"https:\/\/blplegal.com\/wp-content\/uploads\/2026\/05\/noticias-CA-2026-100.jpg","width":1920,"height":655},{"@type":"BreadcrumbList","@id":"https:\/\/blplegal.com\/es\/blp-suma-nuevo-especialista-en-derecho-corporativo-e-inmobiliario-a-su-equipo-en-costa-rica\/#breadcrumb","itemListElement":[{"@type":"ListItem","position":1,"name":"Home","item":"https:\/\/blplegal.com\/es\/"},{"@type":"ListItem","position":2,"name":"BLP suma nuevo especialista en derecho corporativo e inmobiliario a su equipo en Costa Rica"}]},{"@type":"WebSite","@id":"https:\/\/blplegal.com\/es\/#website","url":"https:\/\/blplegal.com\/es\/","name":"BLP Legal","description":"","publisher":{"@id":"https:\/\/blplegal.com\/es\/#organization"},"potentialAction":[{"@type":"SearchAction","target":{"@type":"EntryPoint","urlTemplate":"https:\/\/blplegal.com\/es\/?s={search_term_string}"},"query-input":{"@type":"PropertyValueSpecification","valueRequired":true,"valueName":"search_term_string"}}],"inLanguage":"es"},{"@type":"Organization","@id":"https:\/\/blplegal.com\/es\/#organization","name":"BLP Legal","url":"https:\/\/blplegal.com\/es\/","logo":{"@type":"ImageObject","inLanguage":"es","@id":"https:\/\/blplegal.com\/es\/#\/schema\/logo\/image\/","url":"https:\/\/blplegal.com\/wp-content\/uploads\/2026\/02\/logo-horizontal-800x121-1.png","contentUrl":"https:\/\/blplegal.com\/wp-content\/uploads\/2026\/02\/logo-horizontal-800x121-1.png","width":800,"height":121,"caption":"BLP Legal"},"image":{"@id":"https:\/\/blplegal.com\/es\/#\/schema\/logo\/image\/"},"sameAs":["https:\/\/www.facebook.com\/blplaw","https:\/\/x.com\/blplegal"]},{"@type":"Person","@id":"https:\/\/blplegal.com\/es\/#\/schema\/person\/6ab710bbab799caa7fe5581f7622ce7d","name":"BLP","url":"https:\/\/blplegal.com\/es\/author\/blp\/"}]}},"_links":{"self":[{"href":"https:\/\/blplegal.com\/es\/wp-json\/wp\/v2\/posts\/8583","targetHints":{"allow":["GET"]}}],"collection":[{"href":"https:\/\/blplegal.com\/es\/wp-json\/wp\/v2\/posts"}],"about":[{"href":"https:\/\/blplegal.com\/es\/wp-json\/wp\/v2\/types\/post"}],"author":[{"embeddable":true,"href":"https:\/\/blplegal.com\/es\/wp-json\/wp\/v2\/users\/8"}],"replies":[{"embeddable":true,"href":"https:\/\/blplegal.com\/es\/wp-json\/wp\/v2\/comments?post=8583"}],"version-history":[{"count":0,"href":"https:\/\/blplegal.com\/es\/wp-json\/wp\/v2\/posts\/8583\/revisions"}],"wp:featuredmedia":[{"embeddable":true,"href":"https:\/\/blplegal.com\/es\/wp-json\/wp\/v2\/media\/22344"}],"wp:attachment":[{"href":"https:\/\/blplegal.com\/es\/wp-json\/wp\/v2\/media?parent=8583"}],"wp:term":[{"taxonomy":"category","embeddable":true,"href":"https:\/\/blplegal.com\/es\/wp-json\/wp\/v2\/categories?post=8583"},{"taxonomy":"post_tag","embeddable":true,"href":"https:\/\/blplegal.com\/es\/wp-json\/wp\/v2\/tags?post=8583"}],"curies":[{"name":"wp","href":"https:\/\/api.w.org\/{rel}","templated":true}]}}