{"id":23523,"date":"2026-09-03T14:00:14","date_gmt":"2026-09-03T20:00:14","guid":{"rendered":"https:\/\/blplegal.com\/?p=23523"},"modified":"2026-09-03T14:03:41","modified_gmt":"2026-09-03T20:03:41","slug":"reforma-contratacion-publica-obligaciones-laborales","status":"publish","type":"post","link":"https:\/\/blplegal.com\/es\/reforma-contratacion-publica-obligaciones-laborales\/","title":{"rendered":"Reforma a la Ley General de Contrataci\u00f3n P\u00fablica: nuevas exigencias laborales"},"content":{"rendered":"\n\t<div id=\"text-2217204291\" class=\"text texto-justificado\">\n\t\t\n\n<p><span style=\"font-size: 100%;\">La Asamblea Legislativa aprob\u00f3 en segundo debate el proyecto de reforma a la Ley N.\u00b0 9986 (Expediente N.\u00b0 24.547), se reforma el inciso f) del art\u00edculo 14, se reforma el inciso r), se corre la numeraci\u00f3n de los incisos subsiguientes del art\u00edculo 119 y se reforma el p\u00e1rrafo final del art\u00edculo 119, mediante la cual se fortalece las obligaciones laborales, de seguridad social y de riesgos del trabajo aplicables a los oferentes y contratistas de la Administraci\u00f3n P\u00fablica.\u00a0<\/span><\/p>\n<p><span style=\"font-size: 100%;\">Entre los cambios m\u00e1s relevantes destacan:\u00a0<\/span><\/p>\n<ul>\n<li aria-setsize=\"-1\" data-leveltext=\"\uf0b7\" data-font=\"Symbol\" data-listid=\"1\" data-list-defn-props=\"{&quot;134233528&quot;:true,&quot;335552541&quot;:1,&quot;335559685&quot;:720,&quot;335559991&quot;:360,&quot;469769226&quot;:&quot;Symbol&quot;,&quot;469769242&quot;:[8226],&quot;469777803&quot;:&quot;left&quot;,&quot;469777804&quot;:&quot;\uf0b7&quot;,&quot;469777815&quot;:&quot;hybridMultilevel&quot;}\" data-aria-posinset=\"1\" data-aria-level=\"1\"><span style=\"font-size: 100%;\">El reforzamiento de las obligaciones relacionadas con la CCSS, FODESAF, el INS y dem\u00e1s cargas laborales y de seguridad social.\u00a0\u00a0<\/span><\/li>\n<\/ul>\n<ul>\n<li aria-setsize=\"-1\" data-leveltext=\"\uf0b7\" data-font=\"Symbol\" data-listid=\"1\" data-list-defn-props=\"{&quot;134233528&quot;:true,&quot;335552541&quot;:1,&quot;335559685&quot;:720,&quot;335559991&quot;:360,&quot;469769226&quot;:&quot;Symbol&quot;,&quot;469769242&quot;:[8226],&quot;469777803&quot;:&quot;left&quot;,&quot;469777804&quot;:&quot;\uf0b7&quot;,&quot;469777815&quot;:&quot;hybridMultilevel&quot;}\" data-aria-posinset=\"2\" data-aria-level=\"1\"><span style=\"font-size: 100%;\">La incorporaci\u00f3n de una causal espec\u00edfica de sanci\u00f3n por incumplimientos relacionados con salarios, aguinaldo, jornada laboral, p\u00f3lizas de riesgos del trabajo y contribuciones a entidades como la CCSS, INA, FODESAF e IMAS.\u00a0\u00a0<\/span><\/li>\n<\/ul>\n<ul>\n<li aria-setsize=\"-1\" data-leveltext=\"\uf0b7\" data-font=\"Symbol\" data-listid=\"1\" data-list-defn-props=\"{&quot;134233528&quot;:true,&quot;335552541&quot;:1,&quot;335559685&quot;:720,&quot;335559991&quot;:360,&quot;469769226&quot;:&quot;Symbol&quot;,&quot;469769242&quot;:[8226],&quot;469777803&quot;:&quot;left&quot;,&quot;469777804&quot;:&quot;\uf0b7&quot;,&quot;469777815&quot;:&quot;hybridMultilevel&quot;}\" data-aria-posinset=\"3\" data-aria-level=\"1\"><span style=\"font-size: 100%;\">La posibilidad de que estos incumplimientos generen la exclusi\u00f3n de la oferta durante el procedimiento licitatorio o incluso la resoluci\u00f3n contractual durante la etapa de ejecuci\u00f3n.\u00a0\u00a0<\/span><\/li>\n<\/ul>\n<p><span style=\"font-size: 100%;\"><b>\u00bfQu\u00e9 significa esto para las empresas?<\/b>\u00a0<\/span><\/p>\n<p><span style=\"font-size: 100%;\">Esta reforma reafirma una tendencia clara en la contrataci\u00f3n p\u00fablica costarricense: el cumplimiento laboral y de seguridad social deja de ser un aspecto meramente operativo y se consolida como un elemento determinante para acceder, mantener y ejecutar negocios con el Estado.\u00a0\u00a0<\/span><\/p>\n<p><span style=\"font-size: 100%;\">Las organizaciones que participan en procedimientos de contrataci\u00f3n p\u00fablica deben revisar sus modelos de cumplimiento, mecanismos de control interno y procesos de supervisi\u00f3n de contratistas y subcontratistas para identificar riesgos y asegurar el cumplimiento oportuno de sus obligaciones legales.\u00a0\u00a0<\/span><\/p>\n<p><span style=\"font-size: 100%;\">Desde nuestra pr\u00e1ctica de Derecho P\u00fablico y Contrataci\u00f3n P\u00fablica, consideramos que esta reforma exigir\u00e1 a las empresas fortalecer sus programas de cumplimiento y adoptar una gesti\u00f3n m\u00e1s preventiva del riesgo contractual. La adecuada identificaci\u00f3n y mitigaci\u00f3n de contingencias laborales ser\u00e1 cada vez m\u00e1s relevante para preservar la elegibilidad en los concursos p\u00fablicos y garantizar la continuidad de los contratos administrativos.\u00a0<\/span><\/p>\n<p><span style=\"font-size: 100%;\">Si su organizaci\u00f3n participa en licitaciones o ejecuta contratos con entidades p\u00fablicas, en BLP nuestro equipo de especialistas se encuentra capacitado y actualizado para apoyarle en la evaluaci\u00f3n de riesgos, verificaci\u00f3n de cumplimiento y dise\u00f1o de estrategias para adaptarse a este nuevo marco regulatorio.\u00a0<\/span><\/p>\n\t\t\t<\/div>\n\t\n\n","protected":false},"excerpt":{"rendered":"","protected":false},"author":3,"featured_media":23522,"comment_status":"closed","ping_status":"closed","sticky":false,"template":"","format":"standard","meta":{"_acf_changed":false,"footnotes":""},"categories":[259,286,312],"tags":[],"class_list":["post-23523","post","type-post","status-publish","format-standard","has-post-thumbnail","hentry","category-costa-rica","category-derecho-publico-contratacion-administrativa-y-regulacion-economica","category-newsflash"],"acf":[],"yoast_head":"<!-- This site is optimized with the Yoast SEO plugin v28.4 - https:\/\/yoast.com\/product\/yoast-seo-wordpress\/ -->\n<title>Reforma a la Ley General de Contrataci\u00f3n P\u00fablica: nuevas exigencias laborales - BLP Legal<\/title>\n<meta name=\"description\" content=\"Cambios legales refuerzan obligaciones laborales y de seguridad social para contratistas que participan en compras p\u00fablicas.\" \/>\n<meta name=\"robots\" content=\"index, follow, max-snippet:-1, max-image-preview:large, max-video-preview:-1\" \/>\n<link rel=\"canonical\" href=\"https:\/\/blplegal.com\/es\/reforma-contratacion-publica-obligaciones-laborales\/\" \/>\n<meta property=\"og:locale\" content=\"es_ES\" \/>\n<meta property=\"og:type\" content=\"article\" \/>\n<meta property=\"og:title\" content=\"Reforma a la Ley General de Contrataci\u00f3n P\u00fablica: nuevas exigencias laborales\" \/>\n<meta property=\"og:description\" content=\"Cambios legales refuerzan obligaciones laborales y de seguridad social para contratistas que participan en compras p\u00fablicas.\" \/>\n<meta property=\"og:url\" content=\"https:\/\/blplegal.com\/es\/reforma-contratacion-publica-obligaciones-laborales\/\" \/>\n<meta property=\"og:site_name\" content=\"BLP Legal\" \/>\n<meta property=\"article:publisher\" content=\"https:\/\/www.facebook.com\/blplaw\" \/>\n<meta property=\"article:published_time\" content=\"2026-09-03T20:00:14+00:00\" \/>\n<meta property=\"article:modified_time\" content=\"2026-09-03T20:03:41+00:00\" \/>\n<meta property=\"og:image\" content=\"https:\/\/blplegal.com\/wp-content\/uploads\/2026\/09\/NF-CR-Reforma-a-la-Ley-General-de-Contratacion-P-08.jpg\" \/>\n\t<meta property=\"og:image:width\" content=\"2000\" \/>\n\t<meta property=\"og:image:height\" content=\"682\" \/>\n\t<meta property=\"og:image:type\" content=\"image\/jpeg\" \/>\n<meta name=\"author\" content=\"BLP\" \/>\n<meta name=\"twitter:card\" content=\"summary_large_image\" \/>\n<meta name=\"twitter:title\" content=\"Reforma a la Ley General de Contrataci\u00f3n P\u00fablica: nuevas exigencias laborales\" \/>\n<meta name=\"twitter:description\" content=\"Cambios legales refuerzan obligaciones laborales y de seguridad social para contratistas que participan en compras p\u00fablicas.\" \/>\n<meta name=\"twitter:image\" content=\"https:\/\/blplegal.com\/wp-content\/uploads\/2026\/09\/NF-CR-Reforma-a-la-Ley-General-de-Contratacion-P-08.jpg\" \/>\n<meta name=\"twitter:creator\" content=\"@blplegal\" \/>\n<meta name=\"twitter:site\" content=\"@blplegal\" \/>\n<meta name=\"twitter:label1\" content=\"Escrito por\" \/>\n\t<meta name=\"twitter:data1\" content=\"BLP\" \/>\n<script type=\"application\/ld+json\" class=\"yoast-schema-graph\">{\"@context\":\"https:\\\/\\\/schema.org\",\"@graph\":[{\"@type\":\"Article\",\"@id\":\"https:\\\/\\\/blplegal.com\\\/es\\\/reforma-contratacion-publica-obligaciones-laborales\\\/#article\",\"isPartOf\":{\"@id\":\"https:\\\/\\\/blplegal.com\\\/es\\\/reforma-contratacion-publica-obligaciones-laborales\\\/\"},\"author\":{\"name\":\"BLP\",\"@id\":\"https:\\\/\\\/blplegal.com\\\/es\\\/#\\\/schema\\\/person\\\/f5c4052956a003aa19608c579d61d8d2\"},\"headline\":\"Reforma a la Ley General de Contrataci\u00f3n P\u00fablica: nuevas exigencias laborales\",\"datePublished\":\"2026-09-03T20:00:14+00:00\",\"dateModified\":\"2026-09-03T20:03:41+00:00\",\"mainEntityOfPage\":{\"@id\":\"https:\\\/\\\/blplegal.com\\\/es\\\/reforma-contratacion-publica-obligaciones-laborales\\\/\"},\"wordCount\":402,\"publisher\":{\"@id\":\"https:\\\/\\\/blplegal.com\\\/es\\\/#organization\"},\"image\":{\"@id\":\"https:\\\/\\\/blplegal.com\\\/es\\\/reforma-contratacion-publica-obligaciones-laborales\\\/#primaryimage\"},\"thumbnailUrl\":\"https:\\\/\\\/blplegal.com\\\/wp-content\\\/uploads\\\/2026\\\/09\\\/NF-CR-Reforma-a-la-Ley-General-de-Contratacion-P-08.jpg\",\"articleSection\":[\"Costa Rica\",\"Derecho P\u00fablico, Contrataci\u00f3n Administrativa &amp; Regulaci\u00f3n Econ\u00f3mica\",\"Newsflash\"],\"inLanguage\":\"es\"},{\"@type\":\"WebPage\",\"@id\":\"https:\\\/\\\/blplegal.com\\\/es\\\/reforma-contratacion-publica-obligaciones-laborales\\\/\",\"url\":\"https:\\\/\\\/blplegal.com\\\/es\\\/reforma-contratacion-publica-obligaciones-laborales\\\/\",\"name\":\"Reforma a la Ley General de Contrataci\u00f3n P\u00fablica: nuevas exigencias laborales - BLP Legal\",\"isPartOf\":{\"@id\":\"https:\\\/\\\/blplegal.com\\\/es\\\/#website\"},\"primaryImageOfPage\":{\"@id\":\"https:\\\/\\\/blplegal.com\\\/es\\\/reforma-contratacion-publica-obligaciones-laborales\\\/#primaryimage\"},\"image\":{\"@id\":\"https:\\\/\\\/blplegal.com\\\/es\\\/reforma-contratacion-publica-obligaciones-laborales\\\/#primaryimage\"},\"thumbnailUrl\":\"https:\\\/\\\/blplegal.com\\\/wp-content\\\/uploads\\\/2026\\\/09\\\/NF-CR-Reforma-a-la-Ley-General-de-Contratacion-P-08.jpg\",\"datePublished\":\"2026-09-03T20:00:14+00:00\",\"dateModified\":\"2026-09-03T20:03:41+00:00\",\"description\":\"Cambios legales refuerzan obligaciones laborales y de seguridad social para contratistas que participan en compras p\u00fablicas.\",\"breadcrumb\":{\"@id\":\"https:\\\/\\\/blplegal.com\\\/es\\\/reforma-contratacion-publica-obligaciones-laborales\\\/#breadcrumb\"},\"inLanguage\":\"es\",\"potentialAction\":[{\"@type\":\"ReadAction\",\"target\":[\"https:\\\/\\\/blplegal.com\\\/es\\\/reforma-contratacion-publica-obligaciones-laborales\\\/\"]}]},{\"@type\":\"ImageObject\",\"inLanguage\":\"es\",\"@id\":\"https:\\\/\\\/blplegal.com\\\/es\\\/reforma-contratacion-publica-obligaciones-laborales\\\/#primaryimage\",\"url\":\"https:\\\/\\\/blplegal.com\\\/wp-content\\\/uploads\\\/2026\\\/09\\\/NF-CR-Reforma-a-la-Ley-General-de-Contratacion-P-08.jpg\",\"contentUrl\":\"https:\\\/\\\/blplegal.com\\\/wp-content\\\/uploads\\\/2026\\\/09\\\/NF-CR-Reforma-a-la-Ley-General-de-Contratacion-P-08.jpg\",\"width\":2000,\"height\":682},{\"@type\":\"BreadcrumbList\",\"@id\":\"https:\\\/\\\/blplegal.com\\\/es\\\/reforma-contratacion-publica-obligaciones-laborales\\\/#breadcrumb\",\"itemListElement\":[{\"@type\":\"ListItem\",\"position\":1,\"name\":\"Home\",\"item\":\"https:\\\/\\\/blplegal.com\\\/es\\\/\"},{\"@type\":\"ListItem\",\"position\":2,\"name\":\"Reforma a la Ley General de Contrataci\u00f3n P\u00fablica: nuevas exigencias laborales\"}]},{\"@type\":\"WebSite\",\"@id\":\"https:\\\/\\\/blplegal.com\\\/es\\\/#website\",\"url\":\"https:\\\/\\\/blplegal.com\\\/es\\\/\",\"name\":\"BLP Legal\",\"description\":\"\",\"publisher\":{\"@id\":\"https:\\\/\\\/blplegal.com\\\/es\\\/#organization\"},\"potentialAction\":[{\"@type\":\"SearchAction\",\"target\":{\"@type\":\"EntryPoint\",\"urlTemplate\":\"https:\\\/\\\/blplegal.com\\\/es\\\/?s={search_term_string}\"},\"query-input\":{\"@type\":\"PropertyValueSpecification\",\"valueRequired\":true,\"valueName\":\"search_term_string\"}}],\"inLanguage\":\"es\"},{\"@type\":\"Organization\",\"@id\":\"https:\\\/\\\/blplegal.com\\\/es\\\/#organization\",\"name\":\"BLP Legal\",\"url\":\"https:\\\/\\\/blplegal.com\\\/es\\\/\",\"logo\":{\"@type\":\"ImageObject\",\"inLanguage\":\"es\",\"@id\":\"https:\\\/\\\/blplegal.com\\\/es\\\/#\\\/schema\\\/logo\\\/image\\\/\",\"url\":\"https:\\\/\\\/blplegal.com\\\/wp-content\\\/uploads\\\/2026\\\/02\\\/logo-horizontal-800x121-1.png\",\"contentUrl\":\"https:\\\/\\\/blplegal.com\\\/wp-content\\\/uploads\\\/2026\\\/02\\\/logo-horizontal-800x121-1.png\",\"width\":800,\"height\":121,\"caption\":\"BLP Legal\"},\"image\":{\"@id\":\"https:\\\/\\\/blplegal.com\\\/es\\\/#\\\/schema\\\/logo\\\/image\\\/\"},\"sameAs\":[\"https:\\\/\\\/www.facebook.com\\\/blplaw\",\"https:\\\/\\\/x.com\\\/blplegal\"]},{\"@type\":\"Person\",\"@id\":\"https:\\\/\\\/blplegal.com\\\/es\\\/#\\\/schema\\\/person\\\/f5c4052956a003aa19608c579d61d8d2\",\"name\":\"BLP\",\"url\":\"https:\\\/\\\/blplegal.com\\\/es\\\/author\\\/kvalverde\\\/\"}]}<\/script>\n<!-- \/ Yoast SEO plugin. -->","yoast_head_json":{"title":"Reforma a la Ley General de Contrataci\u00f3n P\u00fablica: nuevas exigencias laborales - BLP Legal","description":"Cambios legales refuerzan obligaciones laborales y de seguridad social para contratistas que participan en compras p\u00fablicas.","robots":{"index":"index","follow":"follow","max-snippet":"max-snippet:-1","max-image-preview":"max-image-preview:large","max-video-preview":"max-video-preview:-1"},"canonical":"https:\/\/blplegal.com\/es\/reforma-contratacion-publica-obligaciones-laborales\/","og_locale":"es_ES","og_type":"article","og_title":"Reforma a la Ley General de Contrataci\u00f3n P\u00fablica: nuevas exigencias laborales","og_description":"Cambios legales refuerzan obligaciones laborales y de seguridad social para contratistas que participan en compras p\u00fablicas.","og_url":"https:\/\/blplegal.com\/es\/reforma-contratacion-publica-obligaciones-laborales\/","og_site_name":"BLP Legal","article_publisher":"https:\/\/www.facebook.com\/blplaw","article_published_time":"2026-09-03T20:00:14+00:00","article_modified_time":"2026-09-03T20:03:41+00:00","og_image":[{"width":2000,"height":682,"url":"https:\/\/blplegal.com\/wp-content\/uploads\/2026\/09\/NF-CR-Reforma-a-la-Ley-General-de-Contratacion-P-08.jpg","type":"image\/jpeg"}],"author":"BLP","twitter_card":"summary_large_image","twitter_title":"Reforma a la Ley General de Contrataci\u00f3n P\u00fablica: nuevas exigencias laborales","twitter_description":"Cambios legales refuerzan obligaciones laborales y de seguridad social para contratistas que participan en compras p\u00fablicas.","twitter_image":"https:\/\/blplegal.com\/wp-content\/uploads\/2026\/09\/NF-CR-Reforma-a-la-Ley-General-de-Contratacion-P-08.jpg","twitter_creator":"@blplegal","twitter_site":"@blplegal","twitter_misc":{"Escrito por":"BLP"},"schema":{"@context":"https:\/\/schema.org","@graph":[{"@type":"Article","@id":"https:\/\/blplegal.com\/es\/reforma-contratacion-publica-obligaciones-laborales\/#article","isPartOf":{"@id":"https:\/\/blplegal.com\/es\/reforma-contratacion-publica-obligaciones-laborales\/"},"author":{"name":"BLP","@id":"https:\/\/blplegal.com\/es\/#\/schema\/person\/f5c4052956a003aa19608c579d61d8d2"},"headline":"Reforma a la Ley General de Contrataci\u00f3n P\u00fablica: nuevas exigencias laborales","datePublished":"2026-09-03T20:00:14+00:00","dateModified":"2026-09-03T20:03:41+00:00","mainEntityOfPage":{"@id":"https:\/\/blplegal.com\/es\/reforma-contratacion-publica-obligaciones-laborales\/"},"wordCount":402,"publisher":{"@id":"https:\/\/blplegal.com\/es\/#organization"},"image":{"@id":"https:\/\/blplegal.com\/es\/reforma-contratacion-publica-obligaciones-laborales\/#primaryimage"},"thumbnailUrl":"https:\/\/blplegal.com\/wp-content\/uploads\/2026\/09\/NF-CR-Reforma-a-la-Ley-General-de-Contratacion-P-08.jpg","articleSection":["Costa Rica","Derecho P\u00fablico, Contrataci\u00f3n Administrativa &amp; Regulaci\u00f3n Econ\u00f3mica","Newsflash"],"inLanguage":"es"},{"@type":"WebPage","@id":"https:\/\/blplegal.com\/es\/reforma-contratacion-publica-obligaciones-laborales\/","url":"https:\/\/blplegal.com\/es\/reforma-contratacion-publica-obligaciones-laborales\/","name":"Reforma a la Ley General de Contrataci\u00f3n P\u00fablica: nuevas exigencias laborales - BLP Legal","isPartOf":{"@id":"https:\/\/blplegal.com\/es\/#website"},"primaryImageOfPage":{"@id":"https:\/\/blplegal.com\/es\/reforma-contratacion-publica-obligaciones-laborales\/#primaryimage"},"image":{"@id":"https:\/\/blplegal.com\/es\/reforma-contratacion-publica-obligaciones-laborales\/#primaryimage"},"thumbnailUrl":"https:\/\/blplegal.com\/wp-content\/uploads\/2026\/09\/NF-CR-Reforma-a-la-Ley-General-de-Contratacion-P-08.jpg","datePublished":"2026-09-03T20:00:14+00:00","dateModified":"2026-09-03T20:03:41+00:00","description":"Cambios legales refuerzan obligaciones laborales y de seguridad social para contratistas que participan en compras p\u00fablicas.","breadcrumb":{"@id":"https:\/\/blplegal.com\/es\/reforma-contratacion-publica-obligaciones-laborales\/#breadcrumb"},"inLanguage":"es","potentialAction":[{"@type":"ReadAction","target":["https:\/\/blplegal.com\/es\/reforma-contratacion-publica-obligaciones-laborales\/"]}]},{"@type":"ImageObject","inLanguage":"es","@id":"https:\/\/blplegal.com\/es\/reforma-contratacion-publica-obligaciones-laborales\/#primaryimage","url":"https:\/\/blplegal.com\/wp-content\/uploads\/2026\/09\/NF-CR-Reforma-a-la-Ley-General-de-Contratacion-P-08.jpg","contentUrl":"https:\/\/blplegal.com\/wp-content\/uploads\/2026\/09\/NF-CR-Reforma-a-la-Ley-General-de-Contratacion-P-08.jpg","width":2000,"height":682},{"@type":"BreadcrumbList","@id":"https:\/\/blplegal.com\/es\/reforma-contratacion-publica-obligaciones-laborales\/#breadcrumb","itemListElement":[{"@type":"ListItem","position":1,"name":"Home","item":"https:\/\/blplegal.com\/es\/"},{"@type":"ListItem","position":2,"name":"Reforma a la Ley General de Contrataci\u00f3n P\u00fablica: nuevas exigencias laborales"}]},{"@type":"WebSite","@id":"https:\/\/blplegal.com\/es\/#website","url":"https:\/\/blplegal.com\/es\/","name":"BLP Legal","description":"","publisher":{"@id":"https:\/\/blplegal.com\/es\/#organization"},"potentialAction":[{"@type":"SearchAction","target":{"@type":"EntryPoint","urlTemplate":"https:\/\/blplegal.com\/es\/?s={search_term_string}"},"query-input":{"@type":"PropertyValueSpecification","valueRequired":true,"valueName":"search_term_string"}}],"inLanguage":"es"},{"@type":"Organization","@id":"https:\/\/blplegal.com\/es\/#organization","name":"BLP Legal","url":"https:\/\/blplegal.com\/es\/","logo":{"@type":"ImageObject","inLanguage":"es","@id":"https:\/\/blplegal.com\/es\/#\/schema\/logo\/image\/","url":"https:\/\/blplegal.com\/wp-content\/uploads\/2026\/02\/logo-horizontal-800x121-1.png","contentUrl":"https:\/\/blplegal.com\/wp-content\/uploads\/2026\/02\/logo-horizontal-800x121-1.png","width":800,"height":121,"caption":"BLP Legal"},"image":{"@id":"https:\/\/blplegal.com\/es\/#\/schema\/logo\/image\/"},"sameAs":["https:\/\/www.facebook.com\/blplaw","https:\/\/x.com\/blplegal"]},{"@type":"Person","@id":"https:\/\/blplegal.com\/es\/#\/schema\/person\/f5c4052956a003aa19608c579d61d8d2","name":"BLP","url":"https:\/\/blplegal.com\/es\/author\/kvalverde\/"}]}},"_links":{"self":[{"href":"https:\/\/blplegal.com\/es\/wp-json\/wp\/v2\/posts\/23523","targetHints":{"allow":["GET"]}}],"collection":[{"href":"https:\/\/blplegal.com\/es\/wp-json\/wp\/v2\/posts"}],"about":[{"href":"https:\/\/blplegal.com\/es\/wp-json\/wp\/v2\/types\/post"}],"author":[{"embeddable":true,"href":"https:\/\/blplegal.com\/es\/wp-json\/wp\/v2\/users\/3"}],"replies":[{"embeddable":true,"href":"https:\/\/blplegal.com\/es\/wp-json\/wp\/v2\/comments?post=23523"}],"version-history":[{"count":0,"href":"https:\/\/blplegal.com\/es\/wp-json\/wp\/v2\/posts\/23523\/revisions"}],"wp:featuredmedia":[{"embeddable":true,"href":"https:\/\/blplegal.com\/es\/wp-json\/wp\/v2\/media\/23522"}],"wp:attachment":[{"href":"https:\/\/blplegal.com\/es\/wp-json\/wp\/v2\/media?parent=23523"}],"wp:term":[{"taxonomy":"category","embeddable":true,"href":"https:\/\/blplegal.com\/es\/wp-json\/wp\/v2\/categories?post=23523"},{"taxonomy":"post_tag","embeddable":true,"href":"https:\/\/blplegal.com\/es\/wp-json\/wp\/v2\/tags?post=23523"}],"curies":[{"name":"wp","href":"https:\/\/api.w.org\/{rel}","templated":true}]}}