{"id":23519,"date":"2026-09-03T10:55:37","date_gmt":"2026-09-03T16:55:37","guid":{"rendered":"https:\/\/blplegal.com\/?p=23519"},"modified":"2026-09-03T11:37:58","modified_gmt":"2026-09-03T17:37:58","slug":"business-law-perspectives-27-agosto-2-septiembre-2026","status":"publish","type":"post","link":"https:\/\/blplegal.com\/es\/business-law-perspectives-27-agosto-2-septiembre-2026\/","title":{"rendered":"BUSINESS LAW PERSPECTIVES | 27 AGOSTO &#8211; 2 SEPTIEMBRE, 2026"},"content":{"rendered":"\n\n\t<section class=\"section\" id=\"section_1050929647\">\n\t\t<div class=\"section-bg fill\" >\n\t\t\t\t\t\t\t\t\t\n\t\t\t\n\n\t\t<\/div>\n\n\t\t\n\n\t\t<div class=\"section-content relative\">\n\t\t\t\n\n\n\n<p style=\"text-align: justify;\"><span style=\"font-size: 110%;\">El resumen de BLP de las <strong>noticias y oportunidades m\u00e1s importantes de la regi\u00f3n<\/strong> ofrece un panorama del entorno econ\u00f3mico, social y pol\u00edtico de Centroam\u00e9rica a tan solo un clic de distancia.<\/span><\/p>\n\n<div class=\"accordion\">\n\n\t<div id=\"accordion-573590419\" class=\"accordion-item\">\n\t\t<a id=\"accordion-573590419-label\" class=\"accordion-title plain\" href=\"#accordion-item-costa-rica\" aria-expanded=\"false\" aria-controls=\"accordion-573590419-content\">\n\t\t\t<button class=\"toggle\" aria-label=\"Toggle\"><i class=\"icon-angle-down\" aria-hidden=\"true\"><\/i><\/button>\n\t\t\t<span>Costa Rica<\/span>\n\t\t<\/a>\n\t\t<div id=\"accordion-573590419-content\" class=\"accordion-inner\" aria-labelledby=\"accordion-573590419-label\">\n\t\t\t\n\n\n\n<div class=\"news-cr\">\n\n<p style=\"text-align: justify;\"><strong>Costa Rica fortalece su seguridad energ\u00e9tica con una inversi\u00f3n hist\u00f3rica en Lim\u00f3n<\/strong><\/p>\n<p style=\"text-align: justify;\">El Instituto Costarricense de Electricidad y el Banco Centroamericano de Integraci\u00f3n Econ\u00f3mica firmaron un acuerdo de financiamiento por US$485 millones para desarrollar el Programa de Seguridad Energ\u00e9tica con Sostenibilidad en Costa Rica. Con estos recursos, el ICE desarrollar\u00e1 el Proyecto Mo\u00edn IV, con una capacidad instalada de 200 megavatios y una inversi\u00f3n estimada de US$400 millones, que entrar\u00e1 en operaci\u00f3n en 2030 y brindar\u00e1 respaldo para integrar las plantas e\u00f3licas y solares del pa\u00eds. El presidente de Grupo ICE, Marco Acu\u00f1a, destac\u00f3 que el proyecto generar\u00e1 1.500 empleos directos para los limonenses durante los pr\u00f3ximos cuatro a\u00f1os, dinamizando la actividad econ\u00f3mica de la provincia. El gerente del BCIE en Costa Rica, \u00c1lvaro Alfaro, resalt\u00f3 que este financiamiento refleja la hist\u00f3rica cooperaci\u00f3n entre ambas instituciones para fortalecer la matriz el\u00e9ctrica renovable del pa\u00eds. Con la incorporaci\u00f3n de Mo\u00edn IV, el Complejo Mo\u00edn sumar\u00e1 370 megavatios, beneficiando a m\u00e1s de 2 millones de clientes residenciales, comerciales e industriales conectados al Sistema El\u00e9ctrico Nacional, consolidando la seguridad energ\u00e9tica de Costa Rica para las pr\u00f3ximas d\u00e9cadas.<\/p>\n<p style=\"text-align: justify;\"><a href=\"https:\/\/revistasumma.com\/costa-rica-ice-y-bcie-firman-acuerdo-de-financiamiento-para-construccion-de-proyecto-moin-iv\/\" target=\"_blank\" rel=\"noopener\"><strong>Leer m\u00e1s<\/strong><\/a><\/p>\n\n<p style=\"text-align: justify;\"><strong>Costa Rica proyecta un presupuesto 2027 con foco en crecimiento econ\u00f3mico y reformas fiscales<\/strong><\/p>\n<p style=\"text-align: justify;\">El Gobierno de Costa Rica present\u00f3 al Congreso el proyecto de presupuesto para 2027, que alcanza los 12,4 billones de colones (unos US$27.000 millones), en un escenario donde se proyecta un crecimiento econ\u00f3mico del 3,4% para 2026 y del 3,5% para 2027. El Ministerio de Hacienda explic\u00f3 que el 62,3% del financiamiento corresponde a ingresos propios, mientras que el Ministerio de Educaci\u00f3n se mantiene como la instituci\u00f3n con mayor asignaci\u00f3n presupuestaria, equivalente al 4,9% del PIB. Entre las pocas instituciones que ver\u00e1n incrementado su presupuesto en 2027 se encuentran el Ministerio de Hacienda, el de Ciencia, Tecnolog\u00eda y Telecomunicaciones, y el de Salud. El Ministerio de Hacienda exhort\u00f3 al Congreso a aprobar reformas orientadas a eliminar exoneraciones fiscales, fortalecer herramientas contra el contrabando, reducir el tama\u00f1o de instituciones p\u00fablicas y mejorar las condiciones de financiamiento del pa\u00eds, incluyendo mejores tasas de inter\u00e9s y plazos. Estas reformas buscan fortalecer la sostenibilidad fiscal de Costa Rica y consolidar un entorno macroecon\u00f3mico m\u00e1s eficiente para acompa\u00f1ar el crecimiento proyectado.<\/p>\n<p style=\"text-align: justify;\"><a href=\"https:\/\/www.revistaeyn.com\/centroamericaymundo\/costa-rica-baja-su-presupuesto-31-con-deuda-al-alza-por-encima-del-60-del-pib-CD31899874\" target=\"_blank\" rel=\"noopener\"><strong>Leer m\u00e1s<\/strong><\/a><\/p>\n\n<p style=\"text-align: justify;\"><strong>El BCIE impulsa una transformaci\u00f3n integral de infraestructura en el Caribe costarricense<\/strong><\/p>\n<p style=\"text-align: justify;\">M\u00e1s de 60 proyectos orientados a fortalecer la infraestructura y mejorar el acceso a servicios esenciales avanzan en la provincia de Lim\u00f3n con el respaldo del Banco Centroamericano de Integraci\u00f3n Econ\u00f3mica, beneficiando a m\u00e1s de 500.000 habitantes y a los turistas que visitan la regi\u00f3n. Una parte significativa de estas intervenciones se desarrolla mediante el Programa de Emergencia para la Reconstrucci\u00f3n Integral y Resiliente de Infraestructura, que contempla siete puentes, seis centros educativos, seis intervenciones viales y un proyecto de vivienda, con inversiones superiores a los US$45 millones. Entre los proyectos en ejecuci\u00f3n destaca el desarrollo habitacional Barras III, que contempla 92 viviendas para comunidades como La Lucha de Siquirres, Parismina y Tortuguero, del cual ya se entregaron 47 unidades. Tambi\u00e9n avanza la construcci\u00f3n de la nueva Escuela de Barrio Limoncito, con capacidad para 900 estudiantes, y la rehabilitaci\u00f3n de puentes clave sobre la Ruta Nacional 32. Estas inversiones, complementadas con mejoras en el sistema de alcantarillado sanitario, consolidan el compromiso del BCIE con el desarrollo integral y la resiliencia del Caribe costarricense.<\/p>\n<p style=\"text-align: justify;\"><a href=\"https:\/\/revistasumma.com\/costa-rica-mas-de-60-obras-respaldadas-por-el-bcie-transformaran-el-desarrollo-y-la-calidad-de-vida-en-limon\/\" target=\"_blank\" rel=\"noopener\"><strong>Leer m\u00e1s<\/strong><\/a><\/p>\n\n<p style=\"text-align: justify;\"><strong>El mercado financiero costarricense evoluciona hacia una mayor diversificaci\u00f3n de inversi\u00f3n<\/strong><\/p>\n<p style=\"text-align: justify;\">Los inversionistas costarricenses muestran un creciente inter\u00e9s por diversificar sus portafolios mediante instrumentos que permiten acceder a mercados internacionales y activos distintos a los tradicionalmente disponibles en el pa\u00eds, seg\u00fan administradoras de fondos de inversi\u00f3n locales. Esta tendencia ha impulsado el desarrollo de nuevas plataformas y veh\u00edculos de inversi\u00f3n: BCR SAFI destac\u00f3 que los Exchange Traded Funds de \u00edndices amplios y la deuda internacional permiten a los costarricenses participar en oportunidades globales sin salir del pa\u00eds. BN Fondos prev\u00e9 lanzar en el tramo final de 2026 un producto que dar\u00e1 exposici\u00f3n al precio del oro, mientras Improsa SAFI desarroll\u00f3 ImproGO, un veh\u00edculo que integra ETF, bonos y fondos mutuos para simplificar el acceso a mercados globales, dirigido especialmente a un perfil emergente de inversionistas j\u00f3venes. Esta evoluci\u00f3n del mercado financiero costarricense, impulsada por la digitalizaci\u00f3n de servicios y la b\u00fasqueda de diversificaci\u00f3n geogr\u00e1fica y sectorial, ampl\u00eda significativamente las alternativas de inversi\u00f3n disponibles para los ciudadanos, fortaleciendo la sofisticaci\u00f3n y competitividad del sistema financiero del pa\u00eds.<\/p>\n<p style=\"text-align: justify;\"><a href=\"https:\/\/www.nacion.com\/economia\/inversionistas-costarricenses-buscan-diversificar\/DIZ7GLYP3BEINJZF4WHFFFTNPY\/story\/\" target=\"_blank\" rel=\"noopener\"><strong>Leer m\u00e1s<\/strong><\/a><\/p>\n\n<p style=\"text-align: justify;\"><strong>Costa Rica avanza hacia un nuevo sistema de transporte masivo con respaldo del BCIE<\/strong><\/p>\n<p style=\"text-align: justify;\">El Banco Centroamericano de Integraci\u00f3n Econ\u00f3mica abri\u00f3 la licitaci\u00f3n p\u00fablica para contratar el Estudio de Demanda a Nivel de Factibilidad del Sistema de Telef\u00e9rico Urbano entre San Jos\u00e9 y Desamparados, un paso decisivo hacia la transformaci\u00f3n de la movilidad en el Gran \u00c1rea Metropolitana de Costa Rica. El proyecto plantea un trazado referencial desde la Estaci\u00f3n del Pac\u00edfico hasta San Miguel de Desamparados, concebido como un medio de transporte p\u00fablico masivo integrado con la red vial existente. El estudio preliminar del BCIE identific\u00f3 un potencial orientativo de 32.599 pasajeros diarios y m\u00e1s de 24 millones de usuarios anuales en las rutas del corredor sur, cifras que ahora ser\u00e1n validadas mediante una consultor\u00eda especializada con proyecciones a 20 a\u00f1os. La consultor\u00eda se financiar\u00e1 con un presupuesto de US$150.000 bajo un plazo de 18 semanas, con fecha l\u00edmite para presentar propuestas el 9 de septiembre de 2026. Este proyecto representa una oportunidad estrat\u00e9gica para modernizar la movilidad urbana de Costa Rica y fortalecer las opciones de transporte p\u00fablico masivo en la capital.<\/p>\n<p style=\"text-align: justify;\"><a href=\"https:\/\/www.revistaeyn.com\/centroamericaymundo\/bcie-licita-estudio-crucial-para-el-desarrollo-de-un-teleferico-urbano-en-costa-rica-PP31858623\" target=\"_blank\" rel=\"noopener\"><strong>Leer m\u00e1s<\/strong><\/a><\/p>\n\n<\/div>\n\n\n\t\t<\/div>\n\t<\/div>\n\t\n\t<div id=\"accordion-3590320235\" class=\"accordion-item\">\n\t\t<a id=\"accordion-3590320235-label\" class=\"accordion-title plain\" href=\"#accordion-item-el-salvador\" aria-expanded=\"false\" aria-controls=\"accordion-3590320235-content\">\n\t\t\t<button class=\"toggle\" aria-label=\"Toggle\"><i class=\"icon-angle-down\" aria-hidden=\"true\"><\/i><\/button>\n\t\t\t<span>El Salvador<\/span>\n\t\t<\/a>\n\t\t<div id=\"accordion-3590320235-content\" class=\"accordion-inner\" aria-labelledby=\"accordion-3590320235-label\">\n\t\t\t\n\n\n\n<div class=\"news-sv\">\n\n<p style=\"text-align: justify;\"><strong>El Salvador eleva sus proyecciones de crecimiento y supera las expectativas internacionales<\/strong><\/p>\n<p style=\"text-align: justify;\">El Banco Central de Reserva de El Salvador elev\u00f3 significativamente su perspectiva de crecimiento econ\u00f3mico para 2026, estimando ahora una expansi\u00f3n del PIB de entre 4,5% y 5%, superando su proyecci\u00f3n inicial de abril de 3% a 3,5%. Este ajuste responde al s\u00f3lido desempe\u00f1o observado durante el primer semestre, respaldado por el \u00cdndice de Volumen de la Actividad Econ\u00f3mica, que registr\u00f3 un incremento interanual del 5,2% en junio y un promedio acumulado del 4,6% en los primeros seis meses del a\u00f1o. La construcci\u00f3n lider\u00f3 este crecimiento con una expansi\u00f3n del 10,7%, impulsada por proyectos residenciales, comerciales y de infraestructura p\u00fablica, mientras las actividades inmobiliarias avanzaron 7,1% y los servicios gubernamentales crecieron 8%. El sector de informaci\u00f3n y comunicaciones tambi\u00e9n destac\u00f3 con un crecimiento del 7,8%, impulsado por la comercializaci\u00f3n de servicios de internet. Con esta revisi\u00f3n, El Salvador supera las previsiones internacionales del Banco Mundial y la CEPAL, que hab\u00edan proyectado expansiones de 3% y 3,4% respectivamente, consolidando un panorama econ\u00f3mico favorable impulsado por mayor inversi\u00f3n, seguridad y ejecuci\u00f3n de proyectos de infraestructura.<\/p>\n<p style=\"text-align: justify;\"><a href=\"https:\/\/www.revistaeyn.com\/centroamericaymundo\/bcr-elevo-hasta-a-5-la-prevision-de-crecimiento-de-el-salvador-para-2026-GC31884736\" target=\"_blank\" rel=\"noopener\"><strong>Leer m\u00e1s<\/strong><\/a><\/p>\n\n<p style=\"text-align: justify;\"><strong>S&amp;P confirma la calificaci\u00f3n de El Salvador y destaca su fortalecimiento econ\u00f3mico<\/strong><\/p>\n<p style=\"text-align: justify;\">S&amp;P Global Ratings ratific\u00f3 las calificaciones soberanas de El Salvador en &lsquo;B-&rsquo; a largo plazo y &lsquo;B&rsquo; a corto plazo, manteniendo una perspectiva estable, seg\u00fan su evaluaci\u00f3n publicada el 27 de agosto. La calificadora destac\u00f3 que la mejora de las condiciones de seguridad est\u00e1 impulsando la inversi\u00f3n y el crecimiento econ\u00f3mico, proyectando una expansi\u00f3n del 4,4% para 2026, apoyada principalmente por la inversi\u00f3n, que alcanz\u00f3 alrededor del 27% del PIB en 2025. S&amp;P tambi\u00e9n resalt\u00f3 el fortalecimiento de las finanzas p\u00fablicas: los ingresos gubernamentales aumentaron del 22,8% del PIB en 2019 al 26,7% en 2025, mientras el balance primario pas\u00f3 de un resultado equilibrado en 2024 a un super\u00e1vit del 1,9% del PIB en 2025, proyectando un incremento al 2,6% para 2026. La agencia se\u00f1al\u00f3 que El Salvador dispone de m\u00faltiples fuentes de financiamiento, incluyendo el acuerdo con el FMI por US$1.400 millones y un paquete adicional de aproximadamente US$3.500 millones de otros organismos multilaterales hasta 2027. Esta calificaci\u00f3n estable confirma la trayectoria de fortalecimiento fiscal y econ\u00f3mico de El Salvador, respaldando la confianza de los mercados internacionales en el pa\u00eds.<\/p>\n<p style=\"text-align: justify;\"><a href=\"https:\/\/diario.elmundo.sv\/economia\/sp-mantiene-calificacion-de-el-salvador-con-perspectiva-estable\" target=\"_blank\" rel=\"noopener\"><strong>Leer m\u00e1s<\/strong><\/a><\/p>\n\n<p style=\"text-align: justify;\"><strong>El Salvador extiende su crecimiento exportador con presencia diversificada en la regi\u00f3n<\/strong><\/p>\n<p style=\"text-align: justify;\">Las exportaciones salvadore\u00f1as alcanzaron US$4.036,7 millones entre enero y julio de 2026, un crecimiento del 4,4% frente al mismo per\u00edodo de 2025, seg\u00fan el Banco Central de Reserva. Estados Unidos se mantuvo como el principal destino, con US$1.322,8 millones, seguido por Guatemala y Honduras, mientras Nicaragua, Costa Rica y M\u00e9xico tambi\u00e9n se consolidaron como mercados relevantes para los productos salvadore\u00f1os. El comercio con Centroam\u00e9rica mostr\u00f3 un desempe\u00f1o positivo, con exportaciones hacia la regi\u00f3n que crecieron 1,7% hasta alcanzar US$1.941,1 millones. Por productos, las ventas externas se mantuvieron concentradas en manufacturas, destacando las prendas de vestir, el az\u00facar, el caf\u00e9 y los productos el\u00e9ctricos, con las exportaciones no maquileras creciendo 4,6% hasta US$3.490,1 millones. Este desempe\u00f1o confirma la capacidad de las empresas salvadore\u00f1as para mantener un crecimiento sostenido en sus ventas al exterior, consolidando su presencia en m\u00faltiples mercados de la regi\u00f3n y fortaleciendo las oportunidades de comercio internacional para el pa\u00eds.<\/p>\n<p style=\"text-align: justify;\"><a href=\"https:\/\/www.revistaeyn.com\/centroamericaymundo\/exportaciones-salvadorenas-alcanzaron-us-40367-millones-a-julio-un-aumento-de-44-JO31848144\" target=\"_blank\" rel=\"noopener\"><strong>Leer m\u00e1s<\/strong><\/a><\/p>\n\n<p style=\"text-align: justify;\"><strong>El Salvador registra un notable aumento en su capacidad de consumo e inversi\u00f3n<\/strong><\/p>\n<p style=\"text-align: justify;\">Las importaciones de bienes de El Salvador alcanzaron US$11.145,5 millones entre enero y julio de 2026, un incremento del 8,5% respecto al mismo per\u00edodo de 2025, seg\u00fan el Banco Central de Reserva. Este monto representa el m\u00e1s alto registrado para este per\u00edodo desde 2017, reflejando una mayor capacidad de consumo e inversi\u00f3n de hogares y empresas salvadore\u00f1as. Entre los principales productos importados destacaron los aceites, con US$1.372,1 millones, los medicamentos, con US$414,3 millones, y el gas de petr\u00f3leo, con US$353,7 millones. Los veh\u00edculos, componentes automotrices y tel\u00e9fonos tambi\u00e9n figuraron entre las principales compras, reflejando una mayor demanda de bienes duraderos y tecnolog\u00eda. Estados Unidos se mantuvo como el principal proveedor, seguido por China, Guatemala y M\u00e9xico, evidenciando la diversidad de socios comerciales de El Salvador. Este dinamismo en las importaciones confirma el fortalecimiento del poder adquisitivo salvadore\u00f1o y la creciente demanda de productos que acompa\u00f1an el crecimiento econ\u00f3mico del pa\u00eds.<\/p>\n<p style=\"text-align: justify;\"><a href=\"https:\/\/diario.elmundo.sv\/economia\/importaciones-de-el-salvador-crecieron-8-5-en-lo-que-va-del-ano\" target=\"_blank\" rel=\"noopener\"><strong>Leer m\u00e1s<\/strong><\/a><\/p>\n\n<p style=\"text-align: justify;\"><strong>San Salvador abre las puertas a la inversi\u00f3n en su centro hist\u00f3rico con nuevas reglas claras<\/strong><\/p>\n<p style=\"text-align: justify;\">El 69,63% de la superficie edificable del centro hist\u00f3rico de San Salvador est\u00e1 habilitado para proyectos de desarrollo o modernizaci\u00f3n urbana, seg\u00fan revel\u00f3 el Plan Especial de Ordenamiento y Desarrollo Territorial, elaborado con asistencia del Banco Interamericano de Desarrollo. La directora de la Autoridad del Centro Hist\u00f3rico, Adriana Lar\u00edn, destac\u00f3 que el 30,37% de la superficie edificable tiene valor patrimonial, mientras el territorio restante queda habilitado para desarrollos complementarios que contribuyan al repoblamiento de la zona. El plan establece reglas claras para la restauraci\u00f3n y adaptaci\u00f3n de inmuebles con fines culturales, tur\u00edsticos, comerciales y residenciales, eliminando la incertidumbre que antes ten\u00edan los inversionistas sobre las condiciones de ampliaci\u00f3n en inmuebles patrimoniales. Toda esta informaci\u00f3n quedar\u00e1 sistematizada y digitalizada en una plataforma donde los interesados podr\u00e1n revisar el c\u00f3digo, uso y ampliaciones permitidas para cada inmueble. El centro hist\u00f3rico, que en 2025 recibi\u00f3 m\u00e1s de cuatro millones de turistas, se ha consolidado como un polo de atracci\u00f3n de inversiones, y este nuevo marco normativo fortalece las condiciones para el desarrollo urbano y la inversi\u00f3n privada en la zona.<\/p>\n<p style=\"text-align: justify;\"><a href=\"https:\/\/diario.elmundo.sv\/economia\/el-69-del-centro-historico-podra-ser-intervenido-bajo-nuevas-reglas\" target=\"_blank\" rel=\"noopener\"><strong>Leer m\u00e1s<\/strong><\/a><\/p>\n\n<\/div>\n\n\n\t\t<\/div>\n\t<\/div>\n\t\n\t<div id=\"accordion-1010344895\" class=\"accordion-item\">\n\t\t<a id=\"accordion-1010344895-label\" class=\"accordion-title plain\" href=\"#accordion-item-guatemala\" aria-expanded=\"false\" aria-controls=\"accordion-1010344895-content\">\n\t\t\t<button class=\"toggle\" aria-label=\"Toggle\"><i class=\"icon-angle-down\" aria-hidden=\"true\"><\/i><\/button>\n\t\t\t<span>Guatemala<\/span>\n\t\t<\/a>\n\t\t<div id=\"accordion-1010344895-content\" class=\"accordion-inner\" aria-labelledby=\"accordion-1010344895-label\">\n\t\t\t\n\n\n\n<div class=\"news-gt\">\n\n<p style=\"text-align: justify;\"><strong>El Aeropuerto Mundo Maya se consolida como pieza clave en la conectividad tur\u00edstica de Guatemala<\/strong><\/p>\n<p style=\"text-align: justify;\">El Aeropuerto Internacional Mundo Maya, en Pet\u00e9n, registr\u00f3 un crecimiento del 37% en el n\u00famero de pasajeros atendidos durante los \u00faltimos dos a\u00f1os, al pasar de 284.365 pasajeros en 2023 a 390.584 en el per\u00edodo m\u00e1s reciente, seg\u00fan inform\u00f3 el viceministro de Transportes del Ministerio de Comunicaciones, Infraestructura y Vivienda. Este crecimiento se produce con una variaci\u00f3n mucho m\u00e1s moderada en el n\u00famero de vuelos, lo que evidencia una mayor capacidad de las aeronaves que utilizan la terminal. Ante este escenario, las autoridades avanzan en un programa de modernizaci\u00f3n que contempla 40 acciones distribuidas en cinco \u00e1reas estrat\u00e9gicas, incluyendo seguridad, experiencia del pasajero y ampliaci\u00f3n de la pista de aterrizaje, buscando facilitar la llegada de aeronaves de mayor tama\u00f1o. Uno de los proyectos prioritarios es la conclusi\u00f3n del proceso de certificaci\u00f3n del aeropuerto, que podr\u00eda convertirlo en una terminal alterna al Aeropuerto La Aurora. Esta estrategia busca desconcentrar la conectividad a\u00e9rea del pa\u00eds y fortalecer el turismo en Pet\u00e9n, consolidando nuevas oportunidades de inversi\u00f3n en infraestructura aeroportuaria y desarrollo econ\u00f3mico regional.<\/p>\n<p style=\"text-align: justify;\"><a href=\"https:\/\/www.revistaeyn.com\/centroamericaymundo\/guatemala-aeropuerto-mundo-maya-crecio-37-en-pasajeros-en-ultimos-dos-anos-IN31878536\" target=\"_blank\" rel=\"noopener\"><strong>Leer m\u00e1s<\/strong><\/a><\/p>\n\n<p style=\"text-align: justify;\"><strong>Guatemala sanciona su nueva Ley General de Puertos, marcando un hito hist\u00f3rico para el comercio exterior<\/strong><\/p>\n<p style=\"text-align: justify;\">El presidente Bernardo Ar\u00e9valo sancion\u00f3 el Decreto 20-2026, Ley General del Sistema Portuario, que entrar\u00e1 en vigencia 30 d\u00edas despu\u00e9s de su publicaci\u00f3n y busca transformar la forma en que Guatemala mueve el 90% de su comercio exterior. El coraz\u00f3n de la ley es la creaci\u00f3n de la Autoridad Portuaria Nacional, una entidad aut\u00f3noma y descentralizada con capacidades para regular, planificar, fiscalizar e inspeccionar todo el sistema portuario del pa\u00eds. Puerto Quetzal y Puerto Santo Tom\u00e1s de Castilla, que concentran m\u00e1s del 85% de la carga que entra y sale de Guatemala, recibir\u00e1n una inversi\u00f3n de Q4.800 millones en el presupuesto 2027 destinada exclusivamente a la modernizaci\u00f3n portuaria, junto con Q600 millones adicionales para puertos, aeropuertos y ferrocarriles. El director ejecutivo de Fundesa, Juan Carlos Zapata, calific\u00f3 la sanci\u00f3n como una excelente noticia para la atracci\u00f3n de inversiones, el comercio y el turismo del pa\u00eds. Esta ley abre tres oportunidades clave: atraer inversi\u00f3n privada para modernizar la infraestructura portuaria, reducir costos log\u00edsticos para los consumidores, e integrar a Guatemala como un hub log\u00edstico regional confiable dentro de las cadenas globales de comercio.<\/p>\n<p style=\"text-align: justify;\"><a href=\"https:\/\/lahora.gt\/lh-economia\/esmith\/2026\/09\/02\/guatemala-estrena-ley-general-de-puertos-presidente-bernardo-arevalo-sanciona-decreto-20-2026\/\" target=\"_blank\" rel=\"noopener\"><strong>Leer m\u00e1s<\/strong><\/a><\/p>\n\n<p style=\"text-align: justify;\"><strong>Guatemala reporta avances s\u00f3lidos en inflaci\u00f3n, crecimiento y generaci\u00f3n de empleo formal<\/strong><\/p>\n<p style=\"text-align: justify;\">El Gabinete Espec\u00edfico de Desarrollo Econ\u00f3mico de Guatemala present\u00f3 su balance de mitad de a\u00f1o, destacando que la inflaci\u00f3n se ubic\u00f3 en 2,70% a julio, dentro del rango meta establecido, mientras la proyecci\u00f3n de crecimiento econ\u00f3mico para 2026 se mantiene en 4,1%, por encima del promedio regional. La vicepresidenta Karin Herrera se\u00f1al\u00f3 que la incorporaci\u00f3n de la mezcla de etanol en la gasolina regular ha beneficiado a los consumidores, propiciando una leve baja en el precio del combustible. El Gabinete report\u00f3 un avance del 56,5% en el cumplimiento de sus metas para 2026 a trav\u00e9s de cuatro Mesas Intersectoriales: en el mercado laboral, 54.687 personas se incorporaron a empleos formales con cobertura del IGSS; en desarrollo de mercados, 2.699 peque\u00f1os y medianos productores se vincularon a nuevos compradores; en medio ambiente, se fortalecieron 110 municipalidades en econom\u00eda circular; y en el sector productivo, se simplificaron 513 tr\u00e1mites y se capacit\u00f3 a casi 50.000 personas. Estos resultados confirman una trayectoria econ\u00f3mica s\u00f3lida para Guatemala, con inflaci\u00f3n controlada, crecimiento sostenido y generaci\u00f3n significativa de empleo formal durante el primer semestre de 2026.<\/p>\n<p style=\"text-align: justify;\"><a href=\"https:\/\/lahora.gt\/lh-economia\/esmith\/2026\/08\/29\/guatemala-registra-inflacion-de-2-70-crecimiento-de-4-1-y-mas-de-54-mil-empleos-formales-segun-gabeco-now\/\" target=\"_blank\" rel=\"noopener\"><strong>Leer m\u00e1s<\/strong><\/a><\/p>\n\n<\/div>\n\n\n\t\t<\/div>\n\t<\/div>\n\t\n\t<div id=\"accordion-1840660901\" class=\"accordion-item\">\n\t\t<a id=\"accordion-1840660901-label\" class=\"accordion-title plain\" href=\"#accordion-item-honduras\" aria-expanded=\"false\" aria-controls=\"accordion-1840660901-content\">\n\t\t\t<button class=\"toggle\" aria-label=\"Toggle\"><i class=\"icon-angle-down\" aria-hidden=\"true\"><\/i><\/button>\n\t\t\t<span>Honduras<\/span>\n\t\t<\/a>\n\t\t<div id=\"accordion-1840660901-content\" class=\"accordion-inner\" aria-labelledby=\"accordion-1840660901-label\">\n\t\t\t\n\n\n\n<div class=\"news-hn\">\n\n<p style=\"text-align: justify;\"><strong>Honduras y Estados Unidos avanzan en una agenda de cooperaci\u00f3n estrat\u00e9gica en infraestructura y energ\u00eda<\/strong><\/p>\n<p style=\"text-align: justify;\">El presidente de Honduras, Nasry Asfura, recibi\u00f3 al subdirector de la Agencia de Comercio y Desarrollo de Estados Unidos, Thomas Hardy, para analizar una agenda de cooperaci\u00f3n centrada en infraestructura, log\u00edstica, energ\u00eda e inversi\u00f3n. Durante el encuentro, ambos funcionarios exploraron iniciativas para mejorar la conectividad entre puertos, aeropuertos y carreteras, adem\u00e1s de las posibilidades de aprovechar la posici\u00f3n estrat\u00e9gica de Honduras para fortalecer el comercio y avanzar en la conexi\u00f3n entre los oc\u00e9anos Pac\u00edfico y Atl\u00e1ntico. Asfura destac\u00f3 la importancia de continuar invirtiendo en infraestructura para fortalecer el comercio con Estados Unidos, su socio m\u00e1s cercano, y resalt\u00f3 la necesidad de establecer reglas claras para impulsar la modernizaci\u00f3n del sector el\u00e9ctrico del pa\u00eds. El mandatario afirm\u00f3 que Estados Unidos ha mostrado disposici\u00f3n para acompa\u00f1ar el proceso de modernizaci\u00f3n log\u00edstica y energ\u00e9tica de Honduras, elementos clave para dinamizar la econom\u00eda y generar empleo. Esta cooperaci\u00f3n bilateral consolida nuevas oportunidades de inversi\u00f3n estadounidense en infraestructura estrat\u00e9gica para el desarrollo econ\u00f3mico de Honduras.<\/p>\n<p style=\"text-align: justify;\"><a href=\"https:\/\/www.revistaeyn.com\/centroamericaymundo\/honduras-y-ee-uu-analizan-impulsar-cooperacion-en-infraestructura-y-energia-EP31855724\" target=\"_blank\" rel=\"noopener\"><strong>Leer m\u00e1s<\/strong><\/a><\/p>\n\n<p style=\"text-align: justify;\"><strong>El mercado de bonos soberanos de Honduras registra un notable crecimiento en actividad<\/strong><\/p>\n<p style=\"text-align: justify;\">El mercado secundario de Bonos Soberanos de Honduras registr\u00f3 un crecimiento del 202,37% en vol\u00famenes negociados entre julio y agosto de 2026 frente al per\u00edodo mayo-junio, seg\u00fan report\u00f3 la Bolsa Centroamericana de Valores. Como parte de este dinamismo, el pasado 28 de agosto se concret\u00f3 una operaci\u00f3n por US$10,3 millones en Bonos Soberanos, reflejando una mayor participaci\u00f3n de inversionistas y un fortalecimiento de las condiciones de liquidez y profundidad del mercado. Este comportamiento consolida al mercado secundario como un componente relevante del mercado de valores hondure\u00f1o, ampliando las posibilidades de negociaci\u00f3n para los participantes. Para profundizar en el an\u00e1lisis de estos instrumentos, la Bolsa Centroamericana de Valores desarrollar\u00e1 el webinar &ldquo;Honduras 2036: \u00bfQu\u00e9 est\u00e1 viendo el Mercado?&rdquo;, con la participaci\u00f3n de especialistas en finanzas e inversi\u00f3n. Este crecimiento en la negociaci\u00f3n de Bonos Soberanos refuerza el desarrollo de un mercado de capitales m\u00e1s transparente, competitivo y din\u00e1mico en Honduras, fortaleciendo las oportunidades de participaci\u00f3n para inversionistas locales e internacionales.<\/p>\n<p style=\"text-align: justify;\"><a href=\"https:\/\/www.latribuna.hn\/2026\/08\/29\/mercado-secundario-de-bonos-soberanos-registra-crecimiento-de-202-37-en-los-ultimos-meses\/\" target=\"_blank\" rel=\"noopener\"><strong>Leer m\u00e1s<\/strong><\/a><\/p>\n\n<p style=\"text-align: justify;\"><strong>Honduras registra un notable incremento en el flujo de remesas familiares<\/strong><\/p>\n<p style=\"text-align: justify;\">Las remesas familiares recibidas por Honduras ascendieron a US$7.692,2 millones entre enero y julio de 2026, un crecimiento del 11,2% frente al mismo per\u00edodo de 2025, seg\u00fan inform\u00f3 el Banco Central de Honduras. Este flujo de divisas super\u00f3 en US$777,5 millones el monto registrado un a\u00f1o antes, consolid\u00e1ndose como uno de los principales pilares de la econom\u00eda hondure\u00f1a. Las remesas procedentes de Estados Unidos, donde reside una amplia comunidad hondure\u00f1a, representan m\u00e1s del 25% del Producto Interno Bruto del pa\u00eds y constituyen su principal fuente de divisas, superando los ingresos generados por exportaciones tradicionales como el caf\u00e9, la maquila y el camar\u00f3n. El Banco Central destac\u00f3 que el 86% de estos recursos se destina al consumo y necesidades b\u00e1sicas de las familias, incluyendo alimentaci\u00f3n, salud y educaci\u00f3n. Honduras cerr\u00f3 2025 con US$12.212 millones en remesas, y las autoridades monetarias proyectan alcanzar alrededor de US$10.670 millones durante 2026, consolidando este flujo constante como un respaldo fundamental para la estabilidad econ\u00f3mica y el bienestar de miles de familias hondure\u00f1as.<\/p>\n<p style=\"text-align: justify;\"><a href=\"https:\/\/www.revistaeyn.com\/centroamericaymundo\/remesas-a-honduras-crecieron-112-a-julio-y-suman-us-7692-millones-HO31846100\" target=\"_blank\" rel=\"noopener\"><strong>Leer m\u00e1s<\/strong><\/a><\/p>\n\n<\/div>\n\n\n\t\t<\/div>\n\t<\/div>\n\t\n\t<div id=\"accordion-2495897498\" class=\"accordion-item\">\n\t\t<a id=\"accordion-2495897498-label\" class=\"accordion-title plain\" href=\"#accordion-item-nicaragua\" aria-expanded=\"false\" aria-controls=\"accordion-2495897498-content\">\n\t\t\t<button class=\"toggle\" aria-label=\"Toggle\"><i class=\"icon-angle-down\" aria-hidden=\"true\"><\/i><\/button>\n\t\t\t<span>Nicaragua<\/span>\n\t\t<\/a>\n\t\t<div id=\"accordion-2495897498-content\" class=\"accordion-inner\" aria-labelledby=\"accordion-2495897498-label\">\n\t\t\t\n\n\n\n<div class=\"news-ni\">\n\n<p style=\"text-align: justify;\"><strong>Nicaragua muestra se\u00f1ales de recuperaci\u00f3n econ\u00f3mica impulsadas por servicios y construcci\u00f3n<\/strong><\/p>\n<p style=\"text-align: justify;\">La actividad econ\u00f3mica de Nicaragua mostr\u00f3 una mejora en junio de 2026, con el \u00cdndice Mensual de Actividad Econ\u00f3mica registrando un crecimiento interanual del 1,8%, superior al 0,9% observado en mayo, seg\u00fan el Banco Central de Nicaragua. Entre enero y junio, la econom\u00eda nicarag\u00fcense acumul\u00f3 una expansi\u00f3n del 3,6%, mientras que la variaci\u00f3n promedio de los \u00faltimos 12 meses se situ\u00f3 en 4,9%. El desempe\u00f1o de junio estuvo impulsado principalmente por el sector de energ\u00eda y agua, que creci\u00f3 17,9%, seguido por la construcci\u00f3n, con un avance del 11,3%, y hoteles y restaurantes, con un crecimiento del 8,6%. Tambi\u00e9n registraron avances significativos el sector pecuario, transporte y comunicaciones, y comercio. Dentro de las actividades agropecuarias, la agricultura mostr\u00f3 un comportamiento favorable asociado a una mayor actividad en cultivos de granos b\u00e1sicos. Este desempe\u00f1o refleja la capacidad de diversos sectores productivos de Nicaragua para sostener el crecimiento econ\u00f3mico, consolidando oportunidades en \u00e1reas como energ\u00eda, construcci\u00f3n y turismo.<\/p>\n<p style=\"text-align: justify;\"><a href=\"https:\/\/www.revistaeyn.com\/centroamericaymundo\/imae-de-nicaragua-acumula-crecimiento-de-36-en-el-primer-semestre-FC31885572\" target=\"_blank\" rel=\"noopener\"><strong>Leer m\u00e1s<\/strong><\/a><\/p>\n\n<\/div>\n\n\n\t\t<\/div>\n\t<\/div>\n\t\n\t<div id=\"accordion-1842871319\" class=\"accordion-item\">\n\t\t<a id=\"accordion-1842871319-label\" class=\"accordion-title plain\" href=\"#accordion-item-regional\" aria-expanded=\"false\" aria-controls=\"accordion-1842871319-content\">\n\t\t\t<button class=\"toggle\" aria-label=\"Toggle\"><i class=\"icon-angle-down\" aria-hidden=\"true\"><\/i><\/button>\n\t\t\t<span>Regional<\/span>\n\t\t<\/a>\n\t\t<div id=\"accordion-1842871319-content\" class=\"accordion-inner\" aria-labelledby=\"accordion-1842871319-label\">\n\t\t\t\n\n\n\n<div class=\"news-regional\">\n\n<p style=\"text-align: justify;\"><strong>Estados Unidos impulsa la modernizaci\u00f3n de la ciberseguridad a\u00e9rea en Centroam\u00e9rica<\/strong><\/p>\n<p style=\"text-align: justify;\">La Agencia de Comercio y Desarrollo de Estados Unidos (USTDA) fortalecer\u00e1 la ciberseguridad de la infraestructura de aviaci\u00f3n en Centroam\u00e9rica mediante asistencia t\u00e9cnica a la Corporaci\u00f3n Centroamericana de Servicios de Navegaci\u00f3n A\u00e9rea, beneficiando a Belice, Costa Rica, El Salvador, Guatemala y Honduras. La iniciativa contempla el desarrollo de una hoja de ruta integral para fortalecer la protecci\u00f3n de los sistemas de navegaci\u00f3n a\u00e9rea frente a las crecientes amenazas cibern\u00e9ticas, incluyendo la mejora de protocolos de cifrado, autenticaci\u00f3n y capacitaci\u00f3n del personal. La empresa estadounidense CRCibernetika, LLC, fue seleccionada por Cocesna para desarrollar esta asistencia t\u00e9cnica, que abarca ciberseguridad, tecnolog\u00edas de la informaci\u00f3n y tecnolog\u00eda operativa. El subdirector de la USTDA, Thomas Hardy, destac\u00f3 que esta cooperaci\u00f3n tambi\u00e9n generar\u00e1 oportunidades para que empresas estadounidenses exporten soluciones tecnol\u00f3gicas confiables a la regi\u00f3n. El director ejecutivo de Cocesna resalt\u00f3 que esta iniciativa permitir\u00e1 consolidar servicios de navegaci\u00f3n a\u00e9rea m\u00e1s seguros y resilientes, fortaleciendo la confianza en la conectividad a\u00e9rea entre Centroam\u00e9rica y Estados Unidos.<\/p>\n<p style=\"text-align: justify;\"><a href=\"https:\/\/www.revistaeyn.com\/centroamericaymundo\/ee-uu-fortalecera-la-ciberseguridad-de-la-aviacion-en-centroamerica-EP31855203\" target=\"_blank\" rel=\"noopener\"><strong>Leer m\u00e1s<\/strong><\/a><\/p>\n\n<\/div>\n\n\n\t\t<\/div>\n\t<\/div>\n\t\n\n<\/div>\n\n\t\t<\/div>\n\n\t\t\n<style>\n#section_1050929647 {\n  padding-top: 30px;\n  padding-bottom: 30px;\n}\n<\/style>\n\t<\/section>\n\t\n\n\t<section class=\"section\" id=\"section_494314267\">\n\t\t<div class=\"section-bg fill\" >\n\t\t\t\t\t\t\t\t\t\n\t\t\t\n\n\t\t<\/div>\n\n\t\t\n\n\t\t<div class=\"section-content relative\">\n\t\t\t\n\n\t<div id=\"text-1230914458\" class=\"text texto-justificado\">\n\t\t\n\n<h2><span style=\"color: #000000;\">BLPodcast<span style=\"color: #e14d43;\">.<\/span><\/span><\/h2>\n<div class=\"news-insight\">\n<p><strong>Energi\u0301a para crecer: inversio\u0301n y regulacio\u0301n ele\u0301ctrica en Costa Rica<\/strong><\/p>\n<p>La transici\u00f3n energ\u00e9tica est\u00e1 transformando el sector el\u00e9ctrico en Costa Rica. En este episodio analizamos c\u00f3mo la regulaci\u00f3n, los contratos y las nuevas tecnolog\u00edas influyen en la inversi\u00f3n privada, la continuidad del servicio y la viabilidad de los proyectos energ\u00e9ticos.<\/p>\n<p>Hablamos sobre generaci\u00f3n distribuida, autoconsumo, almacenamiento, hidr\u00f3geno, permisos, acceso a la red y los principales riesgos regulatorios que las empresas deben considerar antes de invertir.<\/p>\n<p>\ud83d\udce9 Si desea conversar sobre este tema, puede escribirnos a<a href=\"mailto:info@blplegal.com\"><strong> info@blplegal.com<\/strong><\/a>.<\/p>\n<\/div>\n\t\t\t<\/div>\n\t\n<div class=\"video video-fit mb\" style=\"padding-top:56.25%;\"><iframe title=\"Spotify Embed: Energ\u00eda para crecer: inversi\u00f3n y regulaci\u00f3n el\u00e9ctrica en Costa Rica\" style=\"border-radius: 12px\" width=\"624\" height=\"351\" frameborder=\"0\" allowfullscreen allow=\"autoplay; clipboard-write; encrypted-media; fullscreen; picture-in-picture\" loading=\"lazy\" src=\"https:\/\/open.spotify.com\/embed\/episode\/1xUjK9JWBLZwJERJt5DwIO\/video?si=ab5bc14d0e824020&amp;utm_source=oembed\"><\/iframe><\/div>\n\n\n\t\t<\/div>\n\n\t\t\n<style>\n#section_494314267 {\n  padding-top: 30px;\n  padding-bottom: 30px;\n}\n<\/style>\n\t<\/section>\n\t\n\n\t<section class=\"section\" id=\"section_2075659983\">\n\t\t<div class=\"section-bg fill\" >\n\t\t\t\t\t\t\t\t\t\n\t\t\t\n\n\t\t<\/div>\n\n\t\t\n\n\t\t<div class=\"section-content relative\">\n\t\t\t\n\n\n\n<h2><span style=\"color: #000000;\">BLP INSIGHT<\/span><\/h2>\n<div class=\"news-insight\">\n\n<p style=\"text-align: justify;\"><strong>Registro Obligatorio del Delegado de Protecci\u00f3n de Datos en El Salvador<\/strong><\/p>\n<p style=\"text-align: justify;\">Los nuevos Lineamientos para el Delegado de Protecci\u00f3n de Datos Personales, emitidos por la Agencia de Ciberseguridad del Estado (ACE) y publicados el 11 de agosto de 2026, establecen por primera vez la obligaci\u00f3n de comunicar y registrar ante la ACE el nombramiento del Delegado de Protecci\u00f3n de Datos (DPD). La normativa desarrolla adem\u00e1s requisitos espec\u00edficos para su designaci\u00f3n y ejercicio, incluyendo experiencia, certificaci\u00f3n, declaraci\u00f3n de conflictos de inter\u00e9s, independencia funcional y capacitaci\u00f3n peri\u00f3dica. El nombramiento deber\u00e1 comunicarse dentro de los 15 d\u00edas h\u00e1biles siguientes a su designaci\u00f3n y cualquier modificaci\u00f3n deber\u00e1 actualizarse dentro de los 10 d\u00edas h\u00e1biles siguientes. Las organizaciones que ya cuentan con un DPD deber\u00e1n revisar sus nombramientos frente a los nuevos requisitos y cumplir con las obligaciones de comunicaci\u00f3n aplicables mientras la ACE habilita el Registro de Delegados. En conjunto, los Lineamientos convierten una obligaci\u00f3n que ya exist\u00eda en un proceso formal de registro, supervisi\u00f3n y cumplimiento continuo.<\/p>\n<p style=\"text-align: justify;\"><a href=\"https:\/\/blplegal.com\/es\/delegado-proteccion-datos-el-salvador-ace\/\" target=\"_blank\" rel=\"noopener\"><strong>Leer m\u00e1s<\/strong><\/a><\/p>\n\n<p style=\"text-align: justify;\"><strong>Comit\u00e9s de Expertos en contrataci\u00f3n p\u00fablica: oportunidades para su implementaci\u00f3n en Costa Rica<\/strong><\/p>\n<p style=\"text-align: justify;\">El art\u00edculo 117 de la Ley General de Contrataci\u00f3n P\u00fablica incorpor\u00f3 los Comit\u00e9s de Expertos, conocidos internacionalmente como <em>Dispute Boards<\/em>, como mecanismos para prevenir y resolver diferencias t\u00e9cnicas o contractuales durante la ejecuci\u00f3n de obras p\u00fablicas. La experiencia acumulada entre 2022 y 2024 muestra que esta figura a\u00fan se encuentra en una etapa de consolidaci\u00f3n en Costa Rica, aunque los comit\u00e9s implementados bajo modelos internacionales han demostrado su utilidad cuando existen lineamientos claros. Entre las principales oportunidades para fortalecer su aplicaci\u00f3n se encuentran mejorar la capacitaci\u00f3n, precisar las reglas sobre su conformaci\u00f3n y activaci\u00f3n y promover mayor transparencia sobre los casos y resoluciones. Una implementaci\u00f3n m\u00e1s consistente permitir\u00eda aprovechar estos mecanismos como herramientas preventivas, reduciendo la escalada de conflictos y favoreciendo la continuidad de los proyectos de infraestructura.<\/p>\n<p style=\"text-align: justify;\"><a href=\"https:\/\/blplegal.com\/es\/comites-expertos-contratacion-publica-costa-rica\/\" target=\"_blank\" rel=\"noopener\"><strong>Leer m\u00e1s<\/strong><\/a><\/p>\n\n<p style=\"text-align: justify;\"><strong>Costa Rica prepara licitaci\u00f3n para la ampliaci\u00f3n de la ruta San Jos\u00e9 &ndash; Cartago<\/strong><\/p>\n<p style=\"text-align: justify;\">El Gobierno de Costa Rica prepara la licitaci\u00f3n para la ampliaci\u00f3n y mejoramiento de la Autopista Florencio del Castillo, estructurada como una concesi\u00f3n de obra p\u00fablica con iniciativa privada aprobada por el MOPT. El proyecto contempla la intervenci\u00f3n de aproximadamente 24,3 kil\u00f3metros del corredor San Jos\u00e9-Cartago, con una inversi\u00f3n inicial estimada por el MOPT en US$614 millones y un plazo de concesi\u00f3n de 25 a\u00f1os. Entre las obras previstas destaca un paso a desnivel o viaducto entre Hacienda Vieja y Garant\u00edas Sociales, adem\u00e1s de ampliaciones, mejoras en puentes e intercambios y otras obras complementarias. El cartel, previsto para el segundo semestre de 2026, deber\u00e1 definir aspectos clave como el alcance de la concesi\u00f3n, el modelo de ingresos y peajes, los requisitos para los oferentes, las garant\u00edas y la distribuci\u00f3n de riesgos, abriendo una oportunidad relevante para empresas constructoras, operadores, inversionistas y potenciales consorcios.<\/p>\n<p style=\"text-align: justify;\"><a href=\"https:\/\/blplegal.com\/es\/concesion-vial-san-jose-cartago-costa-rica\/\" target=\"_blank\" rel=\"noopener\"><strong>Leer m\u00e1s<\/strong><\/a><\/p>\n\n<\/div>\n\n\n\t\t<\/div>\n\n\t\t\n<style>\n#section_2075659983 {\n  padding-top: 30px;\n  padding-bottom: 30px;\n}\n<\/style>\n\t<\/section>\n\t\n\n\t<section class=\"section\" id=\"section_1425104465\">\n\t\t<div class=\"section-bg fill\" >\n\t\t\t\t\t\t\t\t\t\n\t\t\t\n\n\t\t<\/div>\n\n\t\t\n\n\t\t<div class=\"section-content relative\">\n\t\t\t\n\n\n\n<h2><span style=\"color: #000000;\">INDICADORES ECON\u00d3MICOS<\/span><\/h2>\n<table>\n<thead>\n<tr>\n<th rowspan=\"2\"><strong>Pa\u00eds<\/strong><\/th>\n<th rowspan=\"2\"><strong>Tipo de Cambio (moneda local por USD)<\/strong><\/th>\n<th rowspan=\"2\"><strong>Tasa B\u00e1sica Pasiva (moneda local)<\/strong><\/th>\n<th rowspan=\"2\"><strong>Tasa de Pol\u00edtica Monetaria<\/strong><\/th>\n<th colspan=\"3\"><strong>Deuda Soberana<\/strong><\/th>\n<th rowspan=\"2\"><strong>Inflaci\u00f3n Interanual<\/strong><\/th>\n<\/tr>\n<tr>\n<th><strong>S&amp;P<\/strong><\/th>\n<th><strong>Moody&rsquo;s<\/strong><\/th>\n<th><strong>Fitch<\/strong><\/th>\n<\/tr>\n<\/thead>\n<tbody>\n<tr>\n<td><strong>Costa Rica<\/strong><\/td>\n<td>451,72<\/td>\n<td>3,63%<\/td>\n<td>3,00%<\/td>\n<td>BB<\/td>\n<td>Ba2<\/td>\n<td>BB<\/td>\n<td>-0,27%<\/td>\n<\/tr>\n<tr>\n<td><strong>El Salvador<\/strong><\/td>\n<td>8,75<\/td>\n<td>4,77%<\/td>\n<td>N\/A<\/td>\n<td>B-<\/td>\n<td>B3<\/td>\n<td>B-<\/td>\n<td>2,49%<\/td>\n<\/tr>\n<tr>\n<td><strong>Guatemala<\/strong><\/td>\n<td>7,62<\/td>\n<td>4,65%<\/td>\n<td>3,50%<\/td>\n<td>BB+<\/td>\n<td>Ba1<\/td>\n<td>BB+<\/td>\n<td>2,70%<\/td>\n<\/tr>\n<tr>\n<td><strong>Honduras<\/strong><\/td>\n<td>26,86<\/td>\n<td>6,76%<\/td>\n<td>5,75%<\/td>\n<td>BB-<\/td>\n<td>B1<\/td>\n<td>N\/A<\/td>\n<td>5,58%<\/td>\n<\/tr>\n<tr>\n<td><strong>Nicaragua<\/strong><\/td>\n<td>36,62<\/td>\n<td>1,31%<\/td>\n<td>5,75%<\/td>\n<td>B+<\/td>\n<td>B2<\/td>\n<td>B<\/td>\n<td>4,00%<\/td>\n<\/tr>\n<\/tbody>\n<\/table>\n<p style=\"text-align: justify;\"><strong><small>02\/09\/2026 | Fuente: <a href=\"https:\/\/www.secmca.org\/\" target=\"_blank\" rel=\"noopener\">secmca.org<\/a><\/small><\/strong><\/p>\n<hr \/>\n<p style=\"text-align: center;\">Para m\u00e1s informaci\u00f3n, cont\u00e1ctanos en<br \/><a href=\"mailto:info@blplegal.com\">info@blplegal.com<\/a><\/p>\n\n\n\t\t<\/div>\n\n\t\t\n<style>\n#section_1425104465 {\n  padding-top: 30px;\n  padding-bottom: 30px;\n}\n<\/style>\n\t<\/section>\n\t\n\n","protected":false},"excerpt":{"rendered":"","protected":false},"author":3,"featured_media":22342,"comment_status":"closed","ping_status":"open","sticky":false,"template":"","format":"standard","meta":{"_acf_changed":false,"footnotes":""},"categories":[303],"tags":[],"class_list":["post-23519","post","type-post","status-publish","format-standard","has-post-thumbnail","hentry","category-noticias"],"acf":[],"yoast_head":"<!-- This site is optimized with the Yoast SEO plugin v28.4 - https:\/\/yoast.com\/product\/yoast-seo-wordpress\/ -->\n<title>BUSINESS LAW PERSPECTIVES | 27 AGOSTO - 2 SEPTIEMBRE, 2026 - BLP Legal<\/title>\n<meta name=\"description\" content=\"El resumen de BLP sobre las noticias y oportunidades regionales m\u00e1s importantes ofrece una visi\u00f3n general del panorama econ\u00f3mico, social y pol\u00edtico de Centroam\u00e9rica con solo un clic.\" \/>\n<meta name=\"robots\" content=\"index, follow, max-snippet:-1, max-image-preview:large, max-video-preview:-1\" \/>\n<link rel=\"canonical\" href=\"https:\/\/blplegal.com\/es\/business-law-perspectives-27-agosto-2-septiembre-2026\/\" \/>\n<meta property=\"og:locale\" content=\"es_ES\" \/>\n<meta property=\"og:type\" content=\"article\" \/>\n<meta property=\"og:title\" content=\"Business Law Perspectives\" \/>\n<meta property=\"og:description\" content=\"El resumen de BLP sobre las noticias y oportunidades regionales m\u00e1s importantes ofrece una visi\u00f3n general del panorama econ\u00f3mico, social y pol\u00edtico de Centroam\u00e9rica con solo un clic.\" \/>\n<meta property=\"og:url\" content=\"https:\/\/blplegal.com\/es\/business-law-perspectives-27-agosto-2-septiembre-2026\/\" \/>\n<meta property=\"og:site_name\" content=\"BLP Legal\" \/>\n<meta property=\"article:publisher\" content=\"https:\/\/www.facebook.com\/blplaw\" \/>\n<meta property=\"article:published_time\" content=\"2026-09-03T16:55:37+00:00\" \/>\n<meta property=\"article:modified_time\" content=\"2026-09-03T17:37:58+00:00\" \/>\n<meta property=\"og:image\" content=\"https:\/\/blplegal.com\/wp-content\/uploads\/2026\/05\/noticias-CA-2026-100.jpg\" \/>\n\t<meta property=\"og:image:width\" content=\"1920\" \/>\n\t<meta property=\"og:image:height\" content=\"655\" \/>\n\t<meta property=\"og:image:type\" content=\"image\/jpeg\" \/>\n<meta name=\"author\" content=\"BLP\" \/>\n<meta name=\"twitter:card\" content=\"summary_large_image\" \/>\n<meta name=\"twitter:title\" content=\"Business Law Perspectives\" \/>\n<meta name=\"twitter:description\" content=\"El resumen de BLP sobre las noticias y oportunidades regionales m\u00e1s importantes ofrece una visi\u00f3n general del panorama econ\u00f3mico, social y pol\u00edtico de Centroam\u00e9rica con solo un clic.\" \/>\n<meta name=\"twitter:image\" content=\"https:\/\/blplegal.com\/wp-content\/uploads\/2026\/05\/noticias-CA-2026-100.jpg\" \/>\n<meta name=\"twitter:creator\" content=\"@blplegal\" \/>\n<meta name=\"twitter:site\" content=\"@blplegal\" \/>\n<meta name=\"twitter:label1\" content=\"Escrito por\" \/>\n\t<meta name=\"twitter:data1\" content=\"BLP\" \/>\n\t<meta name=\"twitter:label2\" content=\"Tiempo de lectura\" \/>\n\t<meta name=\"twitter:data2\" content=\"18 minutos\" \/>\n<script type=\"application\/ld+json\" class=\"yoast-schema-graph\">{\"@context\":\"https:\\\/\\\/schema.org\",\"@graph\":[{\"@type\":\"Article\",\"@id\":\"https:\\\/\\\/blplegal.com\\\/es\\\/business-law-perspectives-27-agosto-2-septiembre-2026\\\/#article\",\"isPartOf\":{\"@id\":\"https:\\\/\\\/blplegal.com\\\/es\\\/business-law-perspectives-27-agosto-2-septiembre-2026\\\/\"},\"author\":{\"name\":\"BLP\",\"@id\":\"https:\\\/\\\/blplegal.com\\\/es\\\/#\\\/schema\\\/person\\\/f5c4052956a003aa19608c579d61d8d2\"},\"headline\":\"BUSINESS LAW PERSPECTIVES | 27 AGOSTO &#8211; 2 SEPTIEMBRE, 2026\",\"datePublished\":\"2026-09-03T16:55:37+00:00\",\"dateModified\":\"2026-09-03T17:37:58+00:00\",\"mainEntityOfPage\":{\"@id\":\"https:\\\/\\\/blplegal.com\\\/es\\\/business-law-perspectives-27-agosto-2-septiembre-2026\\\/\"},\"wordCount\":4399,\"publisher\":{\"@id\":\"https:\\\/\\\/blplegal.com\\\/es\\\/#organization\"},\"image\":{\"@id\":\"https:\\\/\\\/blplegal.com\\\/es\\\/business-law-perspectives-27-agosto-2-septiembre-2026\\\/#primaryimage\"},\"thumbnailUrl\":\"https:\\\/\\\/blplegal.com\\\/wp-content\\\/uploads\\\/2026\\\/05\\\/noticias-CA-2026-100.jpg\",\"articleSection\":[\"Noticias\"],\"inLanguage\":\"es\"},{\"@type\":\"WebPage\",\"@id\":\"https:\\\/\\\/blplegal.com\\\/es\\\/business-law-perspectives-27-agosto-2-septiembre-2026\\\/\",\"url\":\"https:\\\/\\\/blplegal.com\\\/es\\\/business-law-perspectives-27-agosto-2-septiembre-2026\\\/\",\"name\":\"BUSINESS LAW PERSPECTIVES | 27 AGOSTO - 2 SEPTIEMBRE, 2026 - BLP Legal\",\"isPartOf\":{\"@id\":\"https:\\\/\\\/blplegal.com\\\/es\\\/#website\"},\"primaryImageOfPage\":{\"@id\":\"https:\\\/\\\/blplegal.com\\\/es\\\/business-law-perspectives-27-agosto-2-septiembre-2026\\\/#primaryimage\"},\"image\":{\"@id\":\"https:\\\/\\\/blplegal.com\\\/es\\\/business-law-perspectives-27-agosto-2-septiembre-2026\\\/#primaryimage\"},\"thumbnailUrl\":\"https:\\\/\\\/blplegal.com\\\/wp-content\\\/uploads\\\/2026\\\/05\\\/noticias-CA-2026-100.jpg\",\"datePublished\":\"2026-09-03T16:55:37+00:00\",\"dateModified\":\"2026-09-03T17:37:58+00:00\",\"description\":\"El resumen de BLP sobre las noticias y oportunidades regionales m\u00e1s importantes ofrece una visi\u00f3n general del panorama econ\u00f3mico, social y pol\u00edtico de Centroam\u00e9rica con solo un clic.\",\"breadcrumb\":{\"@id\":\"https:\\\/\\\/blplegal.com\\\/es\\\/business-law-perspectives-27-agosto-2-septiembre-2026\\\/#breadcrumb\"},\"inLanguage\":\"es\",\"potentialAction\":[{\"@type\":\"ReadAction\",\"target\":[\"https:\\\/\\\/blplegal.com\\\/es\\\/business-law-perspectives-27-agosto-2-septiembre-2026\\\/\"]}]},{\"@type\":\"ImageObject\",\"inLanguage\":\"es\",\"@id\":\"https:\\\/\\\/blplegal.com\\\/es\\\/business-law-perspectives-27-agosto-2-septiembre-2026\\\/#primaryimage\",\"url\":\"https:\\\/\\\/blplegal.com\\\/wp-content\\\/uploads\\\/2026\\\/05\\\/noticias-CA-2026-100.jpg\",\"contentUrl\":\"https:\\\/\\\/blplegal.com\\\/wp-content\\\/uploads\\\/2026\\\/05\\\/noticias-CA-2026-100.jpg\",\"width\":1920,\"height\":655},{\"@type\":\"BreadcrumbList\",\"@id\":\"https:\\\/\\\/blplegal.com\\\/es\\\/business-law-perspectives-27-agosto-2-septiembre-2026\\\/#breadcrumb\",\"itemListElement\":[{\"@type\":\"ListItem\",\"position\":1,\"name\":\"Home\",\"item\":\"https:\\\/\\\/blplegal.com\\\/es\\\/\"},{\"@type\":\"ListItem\",\"position\":2,\"name\":\"BUSINESS LAW PERSPECTIVES | 27 AGOSTO &#8211; 2 SEPTIEMBRE, 2026\"}]},{\"@type\":\"WebSite\",\"@id\":\"https:\\\/\\\/blplegal.com\\\/es\\\/#website\",\"url\":\"https:\\\/\\\/blplegal.com\\\/es\\\/\",\"name\":\"BLP Legal\",\"description\":\"\",\"publisher\":{\"@id\":\"https:\\\/\\\/blplegal.com\\\/es\\\/#organization\"},\"potentialAction\":[{\"@type\":\"SearchAction\",\"target\":{\"@type\":\"EntryPoint\",\"urlTemplate\":\"https:\\\/\\\/blplegal.com\\\/es\\\/?s={search_term_string}\"},\"query-input\":{\"@type\":\"PropertyValueSpecification\",\"valueRequired\":true,\"valueName\":\"search_term_string\"}}],\"inLanguage\":\"es\"},{\"@type\":\"Organization\",\"@id\":\"https:\\\/\\\/blplegal.com\\\/es\\\/#organization\",\"name\":\"BLP Legal\",\"url\":\"https:\\\/\\\/blplegal.com\\\/es\\\/\",\"logo\":{\"@type\":\"ImageObject\",\"inLanguage\":\"es\",\"@id\":\"https:\\\/\\\/blplegal.com\\\/es\\\/#\\\/schema\\\/logo\\\/image\\\/\",\"url\":\"https:\\\/\\\/blplegal.com\\\/wp-content\\\/uploads\\\/2026\\\/02\\\/logo-horizontal-800x121-1.png\",\"contentUrl\":\"https:\\\/\\\/blplegal.com\\\/wp-content\\\/uploads\\\/2026\\\/02\\\/logo-horizontal-800x121-1.png\",\"width\":800,\"height\":121,\"caption\":\"BLP Legal\"},\"image\":{\"@id\":\"https:\\\/\\\/blplegal.com\\\/es\\\/#\\\/schema\\\/logo\\\/image\\\/\"},\"sameAs\":[\"https:\\\/\\\/www.facebook.com\\\/blplaw\",\"https:\\\/\\\/x.com\\\/blplegal\"]},{\"@type\":\"Person\",\"@id\":\"https:\\\/\\\/blplegal.com\\\/es\\\/#\\\/schema\\\/person\\\/f5c4052956a003aa19608c579d61d8d2\",\"name\":\"BLP\",\"url\":\"https:\\\/\\\/blplegal.com\\\/es\\\/author\\\/kvalverde\\\/\"}]}<\/script>\n<!-- \/ Yoast SEO plugin. -->","yoast_head_json":{"title":"BUSINESS LAW PERSPECTIVES | 27 AGOSTO - 2 SEPTIEMBRE, 2026 - BLP Legal","description":"El resumen de BLP sobre las noticias y oportunidades regionales m\u00e1s importantes ofrece una visi\u00f3n general del panorama econ\u00f3mico, social y pol\u00edtico de Centroam\u00e9rica con solo un clic.","robots":{"index":"index","follow":"follow","max-snippet":"max-snippet:-1","max-image-preview":"max-image-preview:large","max-video-preview":"max-video-preview:-1"},"canonical":"https:\/\/blplegal.com\/es\/business-law-perspectives-27-agosto-2-septiembre-2026\/","og_locale":"es_ES","og_type":"article","og_title":"Business Law Perspectives","og_description":"El resumen de BLP sobre las noticias y oportunidades regionales m\u00e1s importantes ofrece una visi\u00f3n general del panorama econ\u00f3mico, social y pol\u00edtico de Centroam\u00e9rica con solo un clic.","og_url":"https:\/\/blplegal.com\/es\/business-law-perspectives-27-agosto-2-septiembre-2026\/","og_site_name":"BLP Legal","article_publisher":"https:\/\/www.facebook.com\/blplaw","article_published_time":"2026-09-03T16:55:37+00:00","article_modified_time":"2026-09-03T17:37:58+00:00","og_image":[{"width":1920,"height":655,"url":"https:\/\/blplegal.com\/wp-content\/uploads\/2026\/05\/noticias-CA-2026-100.jpg","type":"image\/jpeg"}],"author":"BLP","twitter_card":"summary_large_image","twitter_title":"Business Law Perspectives","twitter_description":"El resumen de BLP sobre las noticias y oportunidades regionales m\u00e1s importantes ofrece una visi\u00f3n general del panorama econ\u00f3mico, social y pol\u00edtico de Centroam\u00e9rica con solo un clic.","twitter_image":"https:\/\/blplegal.com\/wp-content\/uploads\/2026\/05\/noticias-CA-2026-100.jpg","twitter_creator":"@blplegal","twitter_site":"@blplegal","twitter_misc":{"Escrito por":"BLP","Tiempo de lectura":"18 minutos"},"schema":{"@context":"https:\/\/schema.org","@graph":[{"@type":"Article","@id":"https:\/\/blplegal.com\/es\/business-law-perspectives-27-agosto-2-septiembre-2026\/#article","isPartOf":{"@id":"https:\/\/blplegal.com\/es\/business-law-perspectives-27-agosto-2-septiembre-2026\/"},"author":{"name":"BLP","@id":"https:\/\/blplegal.com\/es\/#\/schema\/person\/f5c4052956a003aa19608c579d61d8d2"},"headline":"BUSINESS LAW PERSPECTIVES | 27 AGOSTO &#8211; 2 SEPTIEMBRE, 2026","datePublished":"2026-09-03T16:55:37+00:00","dateModified":"2026-09-03T17:37:58+00:00","mainEntityOfPage":{"@id":"https:\/\/blplegal.com\/es\/business-law-perspectives-27-agosto-2-septiembre-2026\/"},"wordCount":4399,"publisher":{"@id":"https:\/\/blplegal.com\/es\/#organization"},"image":{"@id":"https:\/\/blplegal.com\/es\/business-law-perspectives-27-agosto-2-septiembre-2026\/#primaryimage"},"thumbnailUrl":"https:\/\/blplegal.com\/wp-content\/uploads\/2026\/05\/noticias-CA-2026-100.jpg","articleSection":["Noticias"],"inLanguage":"es"},{"@type":"WebPage","@id":"https:\/\/blplegal.com\/es\/business-law-perspectives-27-agosto-2-septiembre-2026\/","url":"https:\/\/blplegal.com\/es\/business-law-perspectives-27-agosto-2-septiembre-2026\/","name":"BUSINESS LAW PERSPECTIVES | 27 AGOSTO - 2 SEPTIEMBRE, 2026 - BLP Legal","isPartOf":{"@id":"https:\/\/blplegal.com\/es\/#website"},"primaryImageOfPage":{"@id":"https:\/\/blplegal.com\/es\/business-law-perspectives-27-agosto-2-septiembre-2026\/#primaryimage"},"image":{"@id":"https:\/\/blplegal.com\/es\/business-law-perspectives-27-agosto-2-septiembre-2026\/#primaryimage"},"thumbnailUrl":"https:\/\/blplegal.com\/wp-content\/uploads\/2026\/05\/noticias-CA-2026-100.jpg","datePublished":"2026-09-03T16:55:37+00:00","dateModified":"2026-09-03T17:37:58+00:00","description":"El resumen de BLP sobre las noticias y oportunidades regionales m\u00e1s importantes ofrece una visi\u00f3n general del panorama econ\u00f3mico, social y pol\u00edtico de Centroam\u00e9rica con solo un clic.","breadcrumb":{"@id":"https:\/\/blplegal.com\/es\/business-law-perspectives-27-agosto-2-septiembre-2026\/#breadcrumb"},"inLanguage":"es","potentialAction":[{"@type":"ReadAction","target":["https:\/\/blplegal.com\/es\/business-law-perspectives-27-agosto-2-septiembre-2026\/"]}]},{"@type":"ImageObject","inLanguage":"es","@id":"https:\/\/blplegal.com\/es\/business-law-perspectives-27-agosto-2-septiembre-2026\/#primaryimage","url":"https:\/\/blplegal.com\/wp-content\/uploads\/2026\/05\/noticias-CA-2026-100.jpg","contentUrl":"https:\/\/blplegal.com\/wp-content\/uploads\/2026\/05\/noticias-CA-2026-100.jpg","width":1920,"height":655},{"@type":"BreadcrumbList","@id":"https:\/\/blplegal.com\/es\/business-law-perspectives-27-agosto-2-septiembre-2026\/#breadcrumb","itemListElement":[{"@type":"ListItem","position":1,"name":"Home","item":"https:\/\/blplegal.com\/es\/"},{"@type":"ListItem","position":2,"name":"BUSINESS LAW PERSPECTIVES | 27 AGOSTO &#8211; 2 SEPTIEMBRE, 2026"}]},{"@type":"WebSite","@id":"https:\/\/blplegal.com\/es\/#website","url":"https:\/\/blplegal.com\/es\/","name":"BLP Legal","description":"","publisher":{"@id":"https:\/\/blplegal.com\/es\/#organization"},"potentialAction":[{"@type":"SearchAction","target":{"@type":"EntryPoint","urlTemplate":"https:\/\/blplegal.com\/es\/?s={search_term_string}"},"query-input":{"@type":"PropertyValueSpecification","valueRequired":true,"valueName":"search_term_string"}}],"inLanguage":"es"},{"@type":"Organization","@id":"https:\/\/blplegal.com\/es\/#organization","name":"BLP Legal","url":"https:\/\/blplegal.com\/es\/","logo":{"@type":"ImageObject","inLanguage":"es","@id":"https:\/\/blplegal.com\/es\/#\/schema\/logo\/image\/","url":"https:\/\/blplegal.com\/wp-content\/uploads\/2026\/02\/logo-horizontal-800x121-1.png","contentUrl":"https:\/\/blplegal.com\/wp-content\/uploads\/2026\/02\/logo-horizontal-800x121-1.png","width":800,"height":121,"caption":"BLP Legal"},"image":{"@id":"https:\/\/blplegal.com\/es\/#\/schema\/logo\/image\/"},"sameAs":["https:\/\/www.facebook.com\/blplaw","https:\/\/x.com\/blplegal"]},{"@type":"Person","@id":"https:\/\/blplegal.com\/es\/#\/schema\/person\/f5c4052956a003aa19608c579d61d8d2","name":"BLP","url":"https:\/\/blplegal.com\/es\/author\/kvalverde\/"}]}},"_links":{"self":[{"href":"https:\/\/blplegal.com\/es\/wp-json\/wp\/v2\/posts\/23519","targetHints":{"allow":["GET"]}}],"collection":[{"href":"https:\/\/blplegal.com\/es\/wp-json\/wp\/v2\/posts"}],"about":[{"href":"https:\/\/blplegal.com\/es\/wp-json\/wp\/v2\/types\/post"}],"author":[{"embeddable":true,"href":"https:\/\/blplegal.com\/es\/wp-json\/wp\/v2\/users\/3"}],"replies":[{"embeddable":true,"href":"https:\/\/blplegal.com\/es\/wp-json\/wp\/v2\/comments?post=23519"}],"version-history":[{"count":0,"href":"https:\/\/blplegal.com\/es\/wp-json\/wp\/v2\/posts\/23519\/revisions"}],"wp:featuredmedia":[{"embeddable":true,"href":"https:\/\/blplegal.com\/es\/wp-json\/wp\/v2\/media\/22342"}],"wp:attachment":[{"href":"https:\/\/blplegal.com\/es\/wp-json\/wp\/v2\/media?parent=23519"}],"wp:term":[{"taxonomy":"category","embeddable":true,"href":"https:\/\/blplegal.com\/es\/wp-json\/wp\/v2\/categories?post=23519"},{"taxonomy":"post_tag","embeddable":true,"href":"https:\/\/blplegal.com\/es\/wp-json\/wp\/v2\/tags?post=23519"}],"curies":[{"name":"wp","href":"https:\/\/api.w.org\/{rel}","templated":true}]}}