{"id":23517,"date":"2026-09-02T15:38:10","date_gmt":"2026-09-02T21:38:10","guid":{"rendered":"https:\/\/blplegal.com\/?p=23517"},"modified":"2026-09-02T16:04:10","modified_gmt":"2026-09-02T22:04:10","slug":"delegado-proteccion-datos-el-salvador-ace","status":"publish","type":"post","link":"https:\/\/blplegal.com\/es\/delegado-proteccion-datos-el-salvador-ace\/","title":{"rendered":"Registro Obligatorio del Delegado de Protecci\u00f3n de Datos en El Salvador"},"content":{"rendered":"\n\t<div id=\"text-3647781430\" class=\"text texto-justificado\">\n\t\t\n\n<p><span style=\"font-size: 100%;\">El 11 de agosto de 2026, fueron publicados en el Diario Oficial los \u201cLineamientos para el Delegado de Protecci\u00f3n de Datos Personales\u201d emitidos por la Agencia de Ciberseguridad del Estado (ACE).\u00a0<\/span><\/p>\n<p><span style=\"font-size: 100%;\">La obligaci\u00f3n de los sujetos obligados de nombrar un Delegado de Protecci\u00f3n de Datos Personales (DPD) ya se encontraba establecida en el art\u00edculo 15 de la Ley para la Protecci\u00f3n de Datos Personales. Sin embargo, los nuevos Lineamientos introducen un r\u00e9gimen espec\u00edfico para su perfil, nombramiento, notificaci\u00f3n, registro, certificaci\u00f3n, funcionamiento y supervisi\u00f3n.\u00a0<\/span><\/p>\n<p><span style=\"font-size: 100%;\">En particular, los Lineamientos establecen por primera vez la obligaci\u00f3n de comunicar y registrar el nombramiento del DPD ante la ACE, a trav\u00e9s del Registro de Delegados que habilitar\u00e1 la Agencia.\u00a0<\/span><\/p>\n<p><span style=\"font-size: 100%;\"><b>Principales obligaciones:<\/b>\u00a0<\/span><\/p>\n<ol>\n<li><span style=\"font-size: 100%;\"><b> Registro obligatorio ante la ACE<\/b><\/span><\/li>\n<\/ol>\n<p><span style=\"font-size: 100%;\">Todo nombramiento de un DPD deber\u00e1 ser comunicado por el responsable a la Direcci\u00f3n de Protecci\u00f3n de Datos Personales de la ACE mediante la plataforma inform\u00e1tica del Registro de Delegados, dentro de un plazo m\u00e1ximo de 15 d\u00edas h\u00e1biles contados a partir del d\u00eda siguiente al nombramiento.\u00a0<\/span><\/p>\n<p><span style=\"font-size: 100%;\">Para el registro deber\u00e1n presentarse, entre otros documentos:\u00a0<\/span><\/p>\n<ul>\n<li aria-setsize=\"-1\" data-leveltext=\"\uf0b7\" data-font=\"Symbol\" data-listid=\"1\" data-list-defn-props=\"{&quot;335552541&quot;:1,&quot;335559685&quot;:720,&quot;335559991&quot;:360,&quot;469769226&quot;:&quot;Symbol&quot;,&quot;469769242&quot;:[8226],&quot;469777803&quot;:&quot;left&quot;,&quot;469777804&quot;:&quot;\uf0b7&quot;,&quot;469777815&quot;:&quot;multilevel&quot;}\" data-aria-posinset=\"1\" data-aria-level=\"1\"><span style=\"font-size: 100%;\">Certificaci\u00f3n del acuerdo, acta, punto de acta o resoluci\u00f3n mediante la cual se efectu\u00f3 el nombramiento;\u00a0<\/span><\/li>\n<\/ul>\n<ul>\n<li aria-setsize=\"-1\" data-leveltext=\"\uf0b7\" data-font=\"Symbol\" data-listid=\"1\" data-list-defn-props=\"{&quot;335552541&quot;:1,&quot;335559685&quot;:720,&quot;335559991&quot;:360,&quot;469769226&quot;:&quot;Symbol&quot;,&quot;469769242&quot;:[8226],&quot;469777803&quot;:&quot;left&quot;,&quot;469777804&quot;:&quot;\uf0b7&quot;,&quot;469777815&quot;:&quot;multilevel&quot;}\" data-aria-posinset=\"2\" data-aria-level=\"1\"><span style=\"font-size: 100%;\">En caso de DPD contratado mediante servicios profesionales, copia certificada por notario del contrato correspondiente; y\u00a0<\/span><\/li>\n<\/ul>\n<ul>\n<li aria-setsize=\"-1\" data-leveltext=\"\uf0b7\" data-font=\"Symbol\" data-listid=\"1\" data-list-defn-props=\"{&quot;335552541&quot;:1,&quot;335559685&quot;:720,&quot;335559991&quot;:360,&quot;469769226&quot;:&quot;Symbol&quot;,&quot;469769242&quot;:[8226],&quot;469777803&quot;:&quot;left&quot;,&quot;469777804&quot;:&quot;\uf0b7&quot;,&quot;469777815&quot;:&quot;multilevel&quot;}\" data-aria-posinset=\"3\" data-aria-level=\"1\"><span style=\"font-size: 100%;\">Para entidades del sector privado, documentaci\u00f3n que acredite la existencia legal de la persona jur\u00eddica y la personer\u00eda de su representante legal, debidamente certificada por notario.\u00a0<\/span><\/li>\n<\/ul>\n<p><span style=\"font-size: 100%;\">Asimismo, cualquier modificaci\u00f3n a la informaci\u00f3n registrada deber\u00e1 actualizarse dentro de un plazo m\u00e1ximo de 10 d\u00edas h\u00e1biles.\u00a0<\/span><\/p>\n<ol start=\"2\">\n<li><span style=\"font-size: 100%;\"><b> El nombramiento debe cumplir nuevos requisitos formales<\/b><\/span><\/li>\n<\/ol>\n<p><span style=\"font-size: 100%;\">Los Lineamientos establecen el contenido m\u00ednimo que deber\u00e1 incluir el nombramiento del DPD, incluyendo, entre otros:\u00a0<\/span><\/p>\n<ul>\n<li aria-setsize=\"-1\" data-leveltext=\"\uf0b7\" data-font=\"Symbol\" data-listid=\"2\" data-list-defn-props=\"{&quot;335552541&quot;:1,&quot;335559685&quot;:720,&quot;335559991&quot;:360,&quot;469769226&quot;:&quot;Symbol&quot;,&quot;469769242&quot;:[8226],&quot;469777803&quot;:&quot;left&quot;,&quot;469777804&quot;:&quot;\uf0b7&quot;,&quot;469777815&quot;:&quot;multilevel&quot;}\" data-aria-posinset=\"1\" data-aria-level=\"1\"><span style=\"font-size: 100%;\">n\u00famero de acuerdo, punto de acta o resoluci\u00f3n;\u00a0<\/span><\/li>\n<\/ul>\n<ul>\n<li aria-setsize=\"-1\" data-leveltext=\"\uf0b7\" data-font=\"Symbol\" data-listid=\"2\" data-list-defn-props=\"{&quot;335552541&quot;:1,&quot;335559685&quot;:720,&quot;335559991&quot;:360,&quot;469769226&quot;:&quot;Symbol&quot;,&quot;469769242&quot;:[8226],&quot;469777803&quot;:&quot;left&quot;,&quot;469777804&quot;:&quot;\uf0b7&quot;,&quot;469777815&quot;:&quot;multilevel&quot;}\" data-aria-posinset=\"2\" data-aria-level=\"1\"><span style=\"font-size: 100%;\">fecha de otorgamiento;\u00a0<\/span><\/li>\n<\/ul>\n<ul>\n<li aria-setsize=\"-1\" data-leveltext=\"\uf0b7\" data-font=\"Symbol\" data-listid=\"2\" data-list-defn-props=\"{&quot;335552541&quot;:1,&quot;335559685&quot;:720,&quot;335559991&quot;:360,&quot;469769226&quot;:&quot;Symbol&quot;,&quot;469769242&quot;:[8226],&quot;469777803&quot;:&quot;left&quot;,&quot;469777804&quot;:&quot;\uf0b7&quot;,&quot;469777815&quot;:&quot;multilevel&quot;}\" data-aria-posinset=\"3\" data-aria-level=\"1\"><span style=\"font-size: 100%;\">fundamento legal;\u00a0<\/span><\/li>\n<\/ul>\n<ul>\n<li aria-setsize=\"-1\" data-leveltext=\"\uf0b7\" data-font=\"Symbol\" data-listid=\"2\" data-list-defn-props=\"{&quot;335552541&quot;:1,&quot;335559685&quot;:720,&quot;335559991&quot;:360,&quot;469769226&quot;:&quot;Symbol&quot;,&quot;469769242&quot;:[8226],&quot;469777803&quot;:&quot;left&quot;,&quot;469777804&quot;:&quot;\uf0b7&quot;,&quot;469777815&quot;:&quot;multilevel&quot;}\" data-aria-posinset=\"4\" data-aria-level=\"1\"><span style=\"font-size: 100%;\">identificaci\u00f3n del responsable;\u00a0<\/span><\/li>\n<\/ul>\n<ul>\n<li aria-setsize=\"-1\" data-leveltext=\"\uf0b7\" data-font=\"Symbol\" data-listid=\"2\" data-list-defn-props=\"{&quot;335552541&quot;:1,&quot;335559685&quot;:720,&quot;335559991&quot;:360,&quot;469769226&quot;:&quot;Symbol&quot;,&quot;469769242&quot;:[8226],&quot;469777803&quot;:&quot;left&quot;,&quot;469777804&quot;:&quot;\uf0b7&quot;,&quot;469777815&quot;:&quot;multilevel&quot;}\" data-aria-posinset=\"5\" data-aria-level=\"1\"><span style=\"font-size: 100%;\">identificaci\u00f3n y datos de contacto institucional del DPD;\u00a0<\/span><\/li>\n<\/ul>\n<ul>\n<li aria-setsize=\"-1\" data-leveltext=\"\uf0b7\" data-font=\"Symbol\" data-listid=\"2\" data-list-defn-props=\"{&quot;335552541&quot;:1,&quot;335559685&quot;:720,&quot;335559991&quot;:360,&quot;469769226&quot;:&quot;Symbol&quot;,&quot;469769242&quot;:[8226],&quot;469777803&quot;:&quot;left&quot;,&quot;469777804&quot;:&quot;\uf0b7&quot;,&quot;469777815&quot;:&quot;multilevel&quot;}\" data-aria-posinset=\"6\" data-aria-level=\"1\"><span style=\"font-size: 100%;\">fecha de inicio de funciones;\u00a0<\/span><\/li>\n<\/ul>\n<ul>\n<li aria-setsize=\"-1\" data-leveltext=\"\uf0b7\" data-font=\"Symbol\" data-listid=\"2\" data-list-defn-props=\"{&quot;335552541&quot;:1,&quot;335559685&quot;:720,&quot;335559991&quot;:360,&quot;469769226&quot;:&quot;Symbol&quot;,&quot;469769242&quot;:[8226],&quot;469777803&quot;:&quot;left&quot;,&quot;469777804&quot;:&quot;\uf0b7&quot;,&quot;469777815&quot;:&quot;multilevel&quot;}\" data-aria-posinset=\"7\" data-aria-level=\"1\"><span style=\"font-size: 100%;\">plazo del nombramiento o indicaci\u00f3n de que es indefinido;\u00a0<\/span><\/li>\n<\/ul>\n<ul>\n<li aria-setsize=\"-1\" data-leveltext=\"\uf0b7\" data-font=\"Symbol\" data-listid=\"2\" data-list-defn-props=\"{&quot;335552541&quot;:1,&quot;335559685&quot;:720,&quot;335559991&quot;:360,&quot;469769226&quot;:&quot;Symbol&quot;,&quot;469769242&quot;:[8226],&quot;469777803&quot;:&quot;left&quot;,&quot;469777804&quot;:&quot;\uf0b7&quot;,&quot;469777815&quot;:&quot;multilevel&quot;}\" data-aria-posinset=\"8\" data-aria-level=\"1\"><span style=\"font-size: 100%;\">atribuciones del DPD; y\u00a0<\/span><\/li>\n<\/ul>\n<ul>\n<li aria-setsize=\"-1\" data-leveltext=\"\uf0b7\" data-font=\"Symbol\" data-listid=\"2\" data-list-defn-props=\"{&quot;335552541&quot;:1,&quot;335559685&quot;:720,&quot;335559991&quot;:360,&quot;469769226&quot;:&quot;Symbol&quot;,&quot;469769242&quot;:[8226],&quot;469777803&quot;:&quot;left&quot;,&quot;469777804&quot;:&quot;\uf0b7&quot;,&quot;469777815&quot;:&quot;multilevel&quot;}\" data-aria-posinset=\"9\" data-aria-level=\"1\"><span style=\"font-size: 100%;\">firma correspondiente.\u00a0<\/span><\/li>\n<\/ul>\n<p><span style=\"font-size: 100%;\">En el sector privado, cuando el nombramiento conste en un documento con firma manuscrita, esta deber\u00e1 estar debidamente legalizada por notario.\u00a0<\/span><\/p>\n<ol start=\"3\">\n<li><span style=\"font-size: 100%;\"><b> Nuevos requisitos para ejercer como DPD<\/b><\/span><\/li>\n<\/ol>\n<p><span style=\"font-size: 100%;\">Los Lineamientos establecen un perfil m\u00ednimo para la persona que desempe\u00f1e el cargo. Entre otros requisitos, deber\u00e1:\u00a0<\/span><\/p>\n<ul>\n<li aria-setsize=\"-1\" data-leveltext=\"\uf0b7\" data-font=\"Symbol\" data-listid=\"3\" data-list-defn-props=\"{&quot;335552541&quot;:1,&quot;335559685&quot;:720,&quot;335559991&quot;:360,&quot;469769226&quot;:&quot;Symbol&quot;,&quot;469769242&quot;:[8226],&quot;469777803&quot;:&quot;left&quot;,&quot;469777804&quot;:&quot;\uf0b7&quot;,&quot;469777815&quot;:&quot;multilevel&quot;}\" data-aria-posinset=\"1\" data-aria-level=\"1\"><span style=\"font-size: 100%;\">contar con un grado universitario;\u00a0<\/span><\/li>\n<\/ul>\n<ul>\n<li aria-setsize=\"-1\" data-leveltext=\"\uf0b7\" data-font=\"Symbol\" data-listid=\"3\" data-list-defn-props=\"{&quot;335552541&quot;:1,&quot;335559685&quot;:720,&quot;335559991&quot;:360,&quot;469769226&quot;:&quot;Symbol&quot;,&quot;469769242&quot;:[8226],&quot;469777803&quot;:&quot;left&quot;,&quot;469777804&quot;:&quot;\uf0b7&quot;,&quot;469777815&quot;:&quot;multilevel&quot;}\" data-aria-posinset=\"2\" data-aria-level=\"1\"><span style=\"font-size: 100%;\">ser mayor de 21 a\u00f1os;\u00a0<\/span><\/li>\n<\/ul>\n<ul>\n<li aria-setsize=\"-1\" data-leveltext=\"\uf0b7\" data-font=\"Symbol\" data-listid=\"3\" data-list-defn-props=\"{&quot;335552541&quot;:1,&quot;335559685&quot;:720,&quot;335559991&quot;:360,&quot;469769226&quot;:&quot;Symbol&quot;,&quot;469769242&quot;:[8226],&quot;469777803&quot;:&quot;left&quot;,&quot;469777804&quot;:&quot;\uf0b7&quot;,&quot;469777815&quot;:&quot;multilevel&quot;}\" data-aria-posinset=\"3\" data-aria-level=\"1\"><span style=\"font-size: 100%;\">acreditar experiencia en protecci\u00f3n de datos personales, cumplimiento normativo, gesti\u00f3n de riesgos, tecnolog\u00edas de la informaci\u00f3n, seguridad de la informaci\u00f3n, ciberseguridad o materias relacionadas;\u00a0<\/span><\/li>\n<\/ul>\n<ul>\n<li aria-setsize=\"-1\" data-leveltext=\"\uf0b7\" data-font=\"Symbol\" data-listid=\"3\" data-list-defn-props=\"{&quot;335552541&quot;:1,&quot;335559685&quot;:720,&quot;335559991&quot;:360,&quot;469769226&quot;:&quot;Symbol&quot;,&quot;469769242&quot;:[8226],&quot;469777803&quot;:&quot;left&quot;,&quot;469777804&quot;:&quot;\uf0b7&quot;,&quot;469777815&quot;:&quot;multilevel&quot;}\" data-aria-posinset=\"4\" data-aria-level=\"1\"><span style=\"font-size: 100%;\">no contar con determinadas condenas o sanciones firmes; y\u00a0<\/span><\/li>\n<\/ul>\n<ul>\n<li aria-setsize=\"-1\" data-leveltext=\"\uf0b7\" data-font=\"Symbol\" data-listid=\"3\" data-list-defn-props=\"{&quot;335552541&quot;:1,&quot;335559685&quot;:720,&quot;335559991&quot;:360,&quot;469769226&quot;:&quot;Symbol&quot;,&quot;469769242&quot;:[8226],&quot;469777803&quot;:&quot;left&quot;,&quot;469777804&quot;:&quot;\uf0b7&quot;,&quot;469777815&quot;:&quot;multilevel&quot;}\" data-aria-posinset=\"5\" data-aria-level=\"1\"><span style=\"font-size: 100%;\">someterse y aprobar el Programa de Certificaci\u00f3n de Delegados de Protecci\u00f3n de Datos Personales una vez dicho programa entre en vigencia.\u00a0<\/span><\/li>\n<\/ul>\n<p><span style=\"font-size: 100%;\">La certificaci\u00f3n ser\u00e1 gratuita para el DPD debidamente nombrado. Una vez implementado el programa, la aprobaci\u00f3n ser\u00e1 una condici\u00f3n para la validez del nombramiento. La calificaci\u00f3n m\u00ednima de aprobaci\u00f3n ser\u00e1 de 7 sobre 10.\u00a0<\/span><\/p>\n<ol start=\"4\">\n<li><span style=\"font-size: 100%;\"><b> Declaraci\u00f3n jurada y conflictos de inter\u00e9s<\/b><\/span><\/li>\n<\/ol>\n<p><span style=\"font-size: 100%;\">Antes de aceptar el cargo, el DPD deber\u00e1 otorgar una declaraci\u00f3n jurada simple manifestando si se encuentra o no en una situaci\u00f3n que pueda generar un conflicto de intereses real, potencial o aparente.\u00a0<\/span><\/p>\n<p><span style=\"font-size: 100%;\">Los Lineamientos tambi\u00e9n desarrollan expresamente las situaciones que pueden constituir conflicto de intereses. En el sector privado, por ejemplo, se consideran potencialmente incompatibles determinados cargos ejecutivos, de direcci\u00f3n o de m\u00e1xima autoridad, cuando permitan determinar los fines y medios del tratamiento de datos personales.\u00a0<\/span><\/p>\n<ol start=\"5\">\n<li><span style=\"font-size: 100%;\"><b> El DPD puede ser interno o externo<\/b><\/span><\/li>\n<\/ol>\n<p><span style=\"font-size: 100%;\">El DPD puede ser designado:\u00a0<\/span><\/p>\n<ul>\n<li aria-setsize=\"-1\" data-leveltext=\"\uf0b7\" data-font=\"Symbol\" data-listid=\"4\" data-list-defn-props=\"{&quot;335552541&quot;:1,&quot;335559685&quot;:720,&quot;335559991&quot;:360,&quot;469769226&quot;:&quot;Symbol&quot;,&quot;469769242&quot;:[8226],&quot;469777803&quot;:&quot;left&quot;,&quot;469777804&quot;:&quot;\uf0b7&quot;,&quot;469777815&quot;:&quot;multilevel&quot;}\" data-aria-posinset=\"1\" data-aria-level=\"1\"><span style=\"font-size: 100%;\">internamente, cuando forme parte de la planilla del responsable; o\u00a0<\/span><\/li>\n<\/ul>\n<ul>\n<li aria-setsize=\"-1\" data-leveltext=\"\uf0b7\" data-font=\"Symbol\" data-listid=\"4\" data-list-defn-props=\"{&quot;335552541&quot;:1,&quot;335559685&quot;:720,&quot;335559991&quot;:360,&quot;469769226&quot;:&quot;Symbol&quot;,&quot;469769242&quot;:[8226],&quot;469777803&quot;:&quot;left&quot;,&quot;469777804&quot;:&quot;\uf0b7&quot;,&quot;469777815&quot;:&quot;multilevel&quot;}\" data-aria-posinset=\"2\" data-aria-level=\"1\"><span style=\"font-size: 100%;\">externamente, mediante un contrato de prestaci\u00f3n de servicios profesionales.\u00a0<\/span><\/li>\n<\/ul>\n<p><span style=\"font-size: 100%;\">Adem\u00e1s, cuando se contrate a una persona jur\u00eddica como DPD, esta deber\u00e1 designar a una persona natural que ser\u00e1 responsable de atender las solicitudes de derechos ARCO-POL y que deber\u00e1 cumplir con el perfil establecido en los Lineamientos. La persona jur\u00eddica deber\u00e1, adem\u00e1s, contar con experiencia comprobable y un equipo multidisciplinario que incluya, como m\u00ednimo, conocimientos en ciencias jur\u00eddicas y ciberseguridad, sistemas inform\u00e1ticos o gesti\u00f3n de riesgos.\u00a0<\/span><\/p>\n<p><span style=\"font-size: 100%;\">Tambi\u00e9n se permite que un mismo DPD sea designado para varias entidades pertenecientes al mismo grupo empresarial o vinculadas jur\u00eddica o econ\u00f3micamente, siempre que pueda ejercer efectivamente sus funciones y no exista conflicto de intereses.\u00a0<\/span><\/p>\n<ol start=\"6\">\n<li><span style=\"font-size: 100%;\"><b> Nuevas obligaciones de seguimiento y capacitaci\u00f3n<\/b><\/span><\/li>\n<\/ol>\n<p><span style=\"font-size: 100%;\">El responsable deber\u00e1 verificar que el DPD cumpla con el perfil requerido antes de su nombramiento y deber\u00e1 asegurarse de que dichos requisitos se mantengan durante el ejercicio de sus funciones, realizando verificaciones al menos cada tres a\u00f1os.\u00a0<\/span><\/p>\n<p><span style=\"font-size: 100%;\">Adicionalmente, el responsable deber\u00e1 garantizar que el DPD reciba al menos una capacitaci\u00f3n anual en materia de protecci\u00f3n de datos personales y derechos ARCO-POL. El DPD, a su vez, deber\u00e1 elaborar un plan anual de capacitaci\u00f3n para el personal de la entidad que incluya inducci\u00f3n para nuevos colaboradores cuyas funciones est\u00e9n relacionadas con el tratamiento de datos personales.\u00a0<\/span><\/p>\n<ol start=\"7\">\n<li><span style=\"font-size: 100%;\"><b> El DPD tendr\u00e1 un rol m\u00e1s amplio dentro de la organizaci\u00f3n<\/b><\/span><\/li>\n<\/ol>\n<p><span style=\"font-size: 100%;\">Los Lineamientos establecen que el DPD deber\u00e1 ejercer sus funciones con autonom\u00eda e independencia funcional y participar oportunamente en las cuestiones relacionadas con la protecci\u00f3n de datos personales, incluyendo desde las etapas tempranas del dise\u00f1o de nuevos tratamientos, productos o servicios.\u00a0<\/span><\/p>\n<p><span style=\"font-size: 100%;\">Asimismo, deber\u00e1 ser considerado un interlocutor clave dentro de la organizaci\u00f3n y reportar directamente al m\u00e1s alto nivel de direcci\u00f3n.\u00a0<\/span><\/p>\n<p><span style=\"font-size: 100%;\"><b>\u00bfQu\u00e9 ocurre con los DPD ya nombrados?<\/b>\u00a0<\/span><\/p>\n<p><span style=\"font-size: 100%;\">Los nombramientos efectuados antes de la entrada en vigencia de los Lineamientos y que no cumplan con los nuevos requisitos se mantienen v\u00e1lidos.\u00a0<\/span><\/p>\n<p><span style=\"font-size: 100%;\">Sin embargo, dichos DPD deber\u00e1n someterse y aprobar el programa de certificaci\u00f3n que emita la ACE.\u00a0<\/span><\/p>\n<p><span style=\"font-size: 100%;\">Adicionalmente, mientras la ACE no habilite la plataforma inform\u00e1tica del Registro de Delegados, las comunicaciones de nombramiento, modificaci\u00f3n o cesaci\u00f3n deber\u00e1n realizarse mediante oficio, escrito o correo institucional dirigido a la Direcci\u00f3n de Protecci\u00f3n de Datos Personales de la ACE, dentro de los 20 d\u00edas h\u00e1biles siguientes a la entrada en vigencia de los Lineamientos.\u00a0<\/span><\/p>\n<p><span style=\"font-size: 100%;\">Los Lineamientos entran en vigencia ocho d\u00edas despu\u00e9s, contados a partir del d\u00eda siguiente de su publicaci\u00f3n en el Diario Oficial.\u00a0<\/span><\/p>\n<p><span style=\"font-size: 100%;\">En resumen, aunque la obligaci\u00f3n de nombrar un DPD ya exist\u00eda, los nuevos Lineamientos convierten su designaci\u00f3n en un proceso mucho m\u00e1s formal y documentado, incorporando registro ante la ACE, requisitos de elegibilidad, declaraci\u00f3n de conflictos de inter\u00e9s, certificaci\u00f3n, actualizaci\u00f3n registral, capacitaci\u00f3n peri\u00f3dica y mecanismos de supervisi\u00f3n.\u00a0<\/span><\/p>\n<p><span style=\"font-size: 100%;\">Las organizaciones que ya cuentan con un DPD no deber\u00edan asumir que el nombramiento existente es suficiente: deber\u00e1n revisar su situaci\u00f3n frente a los nuevos requisitos y, seg\u00fan corresponda, gestionar su comunicaci\u00f3n y registro ante la ACE.\u00a0<\/span><\/p>\n\t\t\t<\/div>\n\t\n\n","protected":false},"excerpt":{"rendered":"","protected":false},"author":3,"featured_media":23516,"comment_status":"closed","ping_status":"closed","sticky":false,"template":"","format":"standard","meta":{"_acf_changed":false,"footnotes":""},"categories":[271,260,312],"tags":[],"class_list":["post-23517","post","type-post","status-publish","format-standard","has-post-thumbnail","hentry","category-ciberseguridad-y-proteccion-de-datos","category-el-salvador","category-newsflash"],"acf":[],"yoast_head":"<!-- This site is optimized with the Yoast SEO plugin v28.4 - https:\/\/yoast.com\/product\/yoast-seo-wordpress\/ -->\n<title>Registro Obligatorio del Delegado de Protecci\u00f3n de Datos en El Salvador - BLP Legal<\/title>\n<meta name=\"description\" content=\"El Salvador refuerza el cumplimiento en protecci\u00f3n de datos con nuevas obligaciones de registro, certificaci\u00f3n y supervisi\u00f3n del DPD.\" \/>\n<meta name=\"robots\" content=\"index, follow, max-snippet:-1, max-image-preview:large, max-video-preview:-1\" \/>\n<link rel=\"canonical\" href=\"https:\/\/blplegal.com\/es\/delegado-proteccion-datos-el-salvador-ace\/\" \/>\n<meta property=\"og:locale\" content=\"es_ES\" \/>\n<meta property=\"og:type\" content=\"article\" \/>\n<meta property=\"og:title\" content=\"Registro Obligatorio del Delegado de Protecci\u00f3n de Datos en El Salvador\" \/>\n<meta property=\"og:description\" content=\"El Salvador refuerza el cumplimiento en protecci\u00f3n de datos con nuevas obligaciones de registro, certificaci\u00f3n y supervisi\u00f3n del DPD.\" \/>\n<meta property=\"og:url\" content=\"https:\/\/blplegal.com\/es\/delegado-proteccion-datos-el-salvador-ace\/\" \/>\n<meta property=\"og:site_name\" content=\"BLP Legal\" \/>\n<meta property=\"article:publisher\" content=\"https:\/\/www.facebook.com\/blplaw\" \/>\n<meta property=\"article:published_time\" content=\"2026-09-02T21:38:10+00:00\" \/>\n<meta property=\"article:modified_time\" content=\"2026-09-02T22:04:10+00:00\" \/>\n<meta property=\"og:image\" content=\"https:\/\/blplegal.com\/wp-content\/uploads\/2026\/09\/NF-SV-Emision-de-Lineamientos-para-el-Delegado-de-Proteccion-de-Datos-Personales-2026_BLOG-1024x349.jpg\" \/>\n<meta name=\"author\" content=\"BLP\" \/>\n<meta name=\"twitter:card\" content=\"summary_large_image\" \/>\n<meta name=\"twitter:title\" content=\"Registro Obligatorio del Delegado de Protecci\u00f3n de Datos en El Salvador\" \/>\n<meta name=\"twitter:description\" content=\"El Salvador refuerza el cumplimiento en protecci\u00f3n de datos con nuevas obligaciones de registro, certificaci\u00f3n y supervisi\u00f3n del DPD.\" \/>\n<meta name=\"twitter:image\" content=\"https:\/\/blplegal.com\/wp-content\/uploads\/2026\/09\/NF-SV-Emision-de-Lineamientos-para-el-Delegado-de-Proteccion-de-Datos-Personales-2026_BLOG-1024x349.jpg\" \/>\n<meta name=\"twitter:creator\" content=\"@blplegal\" \/>\n<meta name=\"twitter:site\" content=\"@blplegal\" \/>\n<meta name=\"twitter:label1\" content=\"Escrito por\" \/>\n\t<meta name=\"twitter:data1\" content=\"BLP\" \/>\n\t<meta name=\"twitter:label2\" content=\"Tiempo de lectura\" \/>\n\t<meta name=\"twitter:data2\" content=\"5 minutos\" \/>\n<script type=\"application\/ld+json\" class=\"yoast-schema-graph\">{\"@context\":\"https:\\\/\\\/schema.org\",\"@graph\":[{\"@type\":\"Article\",\"@id\":\"https:\\\/\\\/blplegal.com\\\/es\\\/delegado-proteccion-datos-el-salvador-ace\\\/#article\",\"isPartOf\":{\"@id\":\"https:\\\/\\\/blplegal.com\\\/es\\\/delegado-proteccion-datos-el-salvador-ace\\\/\"},\"author\":{\"name\":\"BLP\",\"@id\":\"https:\\\/\\\/blplegal.com\\\/es\\\/#\\\/schema\\\/person\\\/f5c4052956a003aa19608c579d61d8d2\"},\"headline\":\"Registro Obligatorio del Delegado de Protecci\u00f3n de Datos en El Salvador\",\"datePublished\":\"2026-09-02T21:38:10+00:00\",\"dateModified\":\"2026-09-02T22:04:10+00:00\",\"mainEntityOfPage\":{\"@id\":\"https:\\\/\\\/blplegal.com\\\/es\\\/delegado-proteccion-datos-el-salvador-ace\\\/\"},\"wordCount\":1183,\"publisher\":{\"@id\":\"https:\\\/\\\/blplegal.com\\\/es\\\/#organization\"},\"image\":{\"@id\":\"https:\\\/\\\/blplegal.com\\\/es\\\/delegado-proteccion-datos-el-salvador-ace\\\/#primaryimage\"},\"thumbnailUrl\":\"https:\\\/\\\/blplegal.com\\\/wp-content\\\/uploads\\\/2026\\\/09\\\/NF-SV-Emision-de-Lineamientos-para-el-Delegado-de-Proteccion-de-Datos-Personales-2026_BLOG.jpg\",\"articleSection\":[\"Ciberseguridad &amp; Protecci\u00f3n de Datos\",\"El Salvador\",\"Newsflash\"],\"inLanguage\":\"es\"},{\"@type\":\"WebPage\",\"@id\":\"https:\\\/\\\/blplegal.com\\\/es\\\/delegado-proteccion-datos-el-salvador-ace\\\/\",\"url\":\"https:\\\/\\\/blplegal.com\\\/es\\\/delegado-proteccion-datos-el-salvador-ace\\\/\",\"name\":\"Registro Obligatorio del Delegado de Protecci\u00f3n de Datos en El Salvador - BLP Legal\",\"isPartOf\":{\"@id\":\"https:\\\/\\\/blplegal.com\\\/es\\\/#website\"},\"primaryImageOfPage\":{\"@id\":\"https:\\\/\\\/blplegal.com\\\/es\\\/delegado-proteccion-datos-el-salvador-ace\\\/#primaryimage\"},\"image\":{\"@id\":\"https:\\\/\\\/blplegal.com\\\/es\\\/delegado-proteccion-datos-el-salvador-ace\\\/#primaryimage\"},\"thumbnailUrl\":\"https:\\\/\\\/blplegal.com\\\/wp-content\\\/uploads\\\/2026\\\/09\\\/NF-SV-Emision-de-Lineamientos-para-el-Delegado-de-Proteccion-de-Datos-Personales-2026_BLOG.jpg\",\"datePublished\":\"2026-09-02T21:38:10+00:00\",\"dateModified\":\"2026-09-02T22:04:10+00:00\",\"description\":\"El Salvador refuerza el cumplimiento en protecci\u00f3n de datos con nuevas obligaciones de registro, certificaci\u00f3n y supervisi\u00f3n del DPD.\",\"breadcrumb\":{\"@id\":\"https:\\\/\\\/blplegal.com\\\/es\\\/delegado-proteccion-datos-el-salvador-ace\\\/#breadcrumb\"},\"inLanguage\":\"es\",\"potentialAction\":[{\"@type\":\"ReadAction\",\"target\":[\"https:\\\/\\\/blplegal.com\\\/es\\\/delegado-proteccion-datos-el-salvador-ace\\\/\"]}]},{\"@type\":\"ImageObject\",\"inLanguage\":\"es\",\"@id\":\"https:\\\/\\\/blplegal.com\\\/es\\\/delegado-proteccion-datos-el-salvador-ace\\\/#primaryimage\",\"url\":\"https:\\\/\\\/blplegal.com\\\/wp-content\\\/uploads\\\/2026\\\/09\\\/NF-SV-Emision-de-Lineamientos-para-el-Delegado-de-Proteccion-de-Datos-Personales-2026_BLOG.jpg\",\"contentUrl\":\"https:\\\/\\\/blplegal.com\\\/wp-content\\\/uploads\\\/2026\\\/09\\\/NF-SV-Emision-de-Lineamientos-para-el-Delegado-de-Proteccion-de-Datos-Personales-2026_BLOG.jpg\",\"width\":2000,\"height\":682},{\"@type\":\"BreadcrumbList\",\"@id\":\"https:\\\/\\\/blplegal.com\\\/es\\\/delegado-proteccion-datos-el-salvador-ace\\\/#breadcrumb\",\"itemListElement\":[{\"@type\":\"ListItem\",\"position\":1,\"name\":\"Home\",\"item\":\"https:\\\/\\\/blplegal.com\\\/es\\\/\"},{\"@type\":\"ListItem\",\"position\":2,\"name\":\"Registro Obligatorio del Delegado de Protecci\u00f3n de Datos en El Salvador\"}]},{\"@type\":\"WebSite\",\"@id\":\"https:\\\/\\\/blplegal.com\\\/es\\\/#website\",\"url\":\"https:\\\/\\\/blplegal.com\\\/es\\\/\",\"name\":\"BLP Legal\",\"description\":\"\",\"publisher\":{\"@id\":\"https:\\\/\\\/blplegal.com\\\/es\\\/#organization\"},\"potentialAction\":[{\"@type\":\"SearchAction\",\"target\":{\"@type\":\"EntryPoint\",\"urlTemplate\":\"https:\\\/\\\/blplegal.com\\\/es\\\/?s={search_term_string}\"},\"query-input\":{\"@type\":\"PropertyValueSpecification\",\"valueRequired\":true,\"valueName\":\"search_term_string\"}}],\"inLanguage\":\"es\"},{\"@type\":\"Organization\",\"@id\":\"https:\\\/\\\/blplegal.com\\\/es\\\/#organization\",\"name\":\"BLP Legal\",\"url\":\"https:\\\/\\\/blplegal.com\\\/es\\\/\",\"logo\":{\"@type\":\"ImageObject\",\"inLanguage\":\"es\",\"@id\":\"https:\\\/\\\/blplegal.com\\\/es\\\/#\\\/schema\\\/logo\\\/image\\\/\",\"url\":\"https:\\\/\\\/blplegal.com\\\/wp-content\\\/uploads\\\/2026\\\/02\\\/logo-horizontal-800x121-1.png\",\"contentUrl\":\"https:\\\/\\\/blplegal.com\\\/wp-content\\\/uploads\\\/2026\\\/02\\\/logo-horizontal-800x121-1.png\",\"width\":800,\"height\":121,\"caption\":\"BLP Legal\"},\"image\":{\"@id\":\"https:\\\/\\\/blplegal.com\\\/es\\\/#\\\/schema\\\/logo\\\/image\\\/\"},\"sameAs\":[\"https:\\\/\\\/www.facebook.com\\\/blplaw\",\"https:\\\/\\\/x.com\\\/blplegal\"]},{\"@type\":\"Person\",\"@id\":\"https:\\\/\\\/blplegal.com\\\/es\\\/#\\\/schema\\\/person\\\/f5c4052956a003aa19608c579d61d8d2\",\"name\":\"BLP\",\"url\":\"https:\\\/\\\/blplegal.com\\\/es\\\/author\\\/kvalverde\\\/\"}]}<\/script>\n<!-- \/ Yoast SEO plugin. -->","yoast_head_json":{"title":"Registro Obligatorio del Delegado de Protecci\u00f3n de Datos en El Salvador - BLP Legal","description":"El Salvador refuerza el cumplimiento en protecci\u00f3n de datos con nuevas obligaciones de registro, certificaci\u00f3n y supervisi\u00f3n del DPD.","robots":{"index":"index","follow":"follow","max-snippet":"max-snippet:-1","max-image-preview":"max-image-preview:large","max-video-preview":"max-video-preview:-1"},"canonical":"https:\/\/blplegal.com\/es\/delegado-proteccion-datos-el-salvador-ace\/","og_locale":"es_ES","og_type":"article","og_title":"Registro Obligatorio del Delegado de Protecci\u00f3n de Datos en El Salvador","og_description":"El Salvador refuerza el cumplimiento en protecci\u00f3n de datos con nuevas obligaciones de registro, certificaci\u00f3n y supervisi\u00f3n del DPD.","og_url":"https:\/\/blplegal.com\/es\/delegado-proteccion-datos-el-salvador-ace\/","og_site_name":"BLP Legal","article_publisher":"https:\/\/www.facebook.com\/blplaw","article_published_time":"2026-09-02T21:38:10+00:00","article_modified_time":"2026-09-02T22:04:10+00:00","og_image":[{"url":"https:\/\/blplegal.com\/wp-content\/uploads\/2026\/09\/NF-SV-Emision-de-Lineamientos-para-el-Delegado-de-Proteccion-de-Datos-Personales-2026_BLOG-1024x349.jpg","type":"","width":"","height":""}],"author":"BLP","twitter_card":"summary_large_image","twitter_title":"Registro Obligatorio del Delegado de Protecci\u00f3n de Datos en El Salvador","twitter_description":"El Salvador refuerza el cumplimiento en protecci\u00f3n de datos con nuevas obligaciones de registro, certificaci\u00f3n y supervisi\u00f3n del DPD.","twitter_image":"https:\/\/blplegal.com\/wp-content\/uploads\/2026\/09\/NF-SV-Emision-de-Lineamientos-para-el-Delegado-de-Proteccion-de-Datos-Personales-2026_BLOG-1024x349.jpg","twitter_creator":"@blplegal","twitter_site":"@blplegal","twitter_misc":{"Escrito por":"BLP","Tiempo de lectura":"5 minutos"},"schema":{"@context":"https:\/\/schema.org","@graph":[{"@type":"Article","@id":"https:\/\/blplegal.com\/es\/delegado-proteccion-datos-el-salvador-ace\/#article","isPartOf":{"@id":"https:\/\/blplegal.com\/es\/delegado-proteccion-datos-el-salvador-ace\/"},"author":{"name":"BLP","@id":"https:\/\/blplegal.com\/es\/#\/schema\/person\/f5c4052956a003aa19608c579d61d8d2"},"headline":"Registro Obligatorio del Delegado de Protecci\u00f3n de Datos en El Salvador","datePublished":"2026-09-02T21:38:10+00:00","dateModified":"2026-09-02T22:04:10+00:00","mainEntityOfPage":{"@id":"https:\/\/blplegal.com\/es\/delegado-proteccion-datos-el-salvador-ace\/"},"wordCount":1183,"publisher":{"@id":"https:\/\/blplegal.com\/es\/#organization"},"image":{"@id":"https:\/\/blplegal.com\/es\/delegado-proteccion-datos-el-salvador-ace\/#primaryimage"},"thumbnailUrl":"https:\/\/blplegal.com\/wp-content\/uploads\/2026\/09\/NF-SV-Emision-de-Lineamientos-para-el-Delegado-de-Proteccion-de-Datos-Personales-2026_BLOG.jpg","articleSection":["Ciberseguridad &amp; Protecci\u00f3n de Datos","El Salvador","Newsflash"],"inLanguage":"es"},{"@type":"WebPage","@id":"https:\/\/blplegal.com\/es\/delegado-proteccion-datos-el-salvador-ace\/","url":"https:\/\/blplegal.com\/es\/delegado-proteccion-datos-el-salvador-ace\/","name":"Registro Obligatorio del Delegado de Protecci\u00f3n de Datos en El Salvador - BLP Legal","isPartOf":{"@id":"https:\/\/blplegal.com\/es\/#website"},"primaryImageOfPage":{"@id":"https:\/\/blplegal.com\/es\/delegado-proteccion-datos-el-salvador-ace\/#primaryimage"},"image":{"@id":"https:\/\/blplegal.com\/es\/delegado-proteccion-datos-el-salvador-ace\/#primaryimage"},"thumbnailUrl":"https:\/\/blplegal.com\/wp-content\/uploads\/2026\/09\/NF-SV-Emision-de-Lineamientos-para-el-Delegado-de-Proteccion-de-Datos-Personales-2026_BLOG.jpg","datePublished":"2026-09-02T21:38:10+00:00","dateModified":"2026-09-02T22:04:10+00:00","description":"El Salvador refuerza el cumplimiento en protecci\u00f3n de datos con nuevas obligaciones de registro, certificaci\u00f3n y supervisi\u00f3n del DPD.","breadcrumb":{"@id":"https:\/\/blplegal.com\/es\/delegado-proteccion-datos-el-salvador-ace\/#breadcrumb"},"inLanguage":"es","potentialAction":[{"@type":"ReadAction","target":["https:\/\/blplegal.com\/es\/delegado-proteccion-datos-el-salvador-ace\/"]}]},{"@type":"ImageObject","inLanguage":"es","@id":"https:\/\/blplegal.com\/es\/delegado-proteccion-datos-el-salvador-ace\/#primaryimage","url":"https:\/\/blplegal.com\/wp-content\/uploads\/2026\/09\/NF-SV-Emision-de-Lineamientos-para-el-Delegado-de-Proteccion-de-Datos-Personales-2026_BLOG.jpg","contentUrl":"https:\/\/blplegal.com\/wp-content\/uploads\/2026\/09\/NF-SV-Emision-de-Lineamientos-para-el-Delegado-de-Proteccion-de-Datos-Personales-2026_BLOG.jpg","width":2000,"height":682},{"@type":"BreadcrumbList","@id":"https:\/\/blplegal.com\/es\/delegado-proteccion-datos-el-salvador-ace\/#breadcrumb","itemListElement":[{"@type":"ListItem","position":1,"name":"Home","item":"https:\/\/blplegal.com\/es\/"},{"@type":"ListItem","position":2,"name":"Registro Obligatorio del Delegado de Protecci\u00f3n de Datos en El Salvador"}]},{"@type":"WebSite","@id":"https:\/\/blplegal.com\/es\/#website","url":"https:\/\/blplegal.com\/es\/","name":"BLP Legal","description":"","publisher":{"@id":"https:\/\/blplegal.com\/es\/#organization"},"potentialAction":[{"@type":"SearchAction","target":{"@type":"EntryPoint","urlTemplate":"https:\/\/blplegal.com\/es\/?s={search_term_string}"},"query-input":{"@type":"PropertyValueSpecification","valueRequired":true,"valueName":"search_term_string"}}],"inLanguage":"es"},{"@type":"Organization","@id":"https:\/\/blplegal.com\/es\/#organization","name":"BLP Legal","url":"https:\/\/blplegal.com\/es\/","logo":{"@type":"ImageObject","inLanguage":"es","@id":"https:\/\/blplegal.com\/es\/#\/schema\/logo\/image\/","url":"https:\/\/blplegal.com\/wp-content\/uploads\/2026\/02\/logo-horizontal-800x121-1.png","contentUrl":"https:\/\/blplegal.com\/wp-content\/uploads\/2026\/02\/logo-horizontal-800x121-1.png","width":800,"height":121,"caption":"BLP Legal"},"image":{"@id":"https:\/\/blplegal.com\/es\/#\/schema\/logo\/image\/"},"sameAs":["https:\/\/www.facebook.com\/blplaw","https:\/\/x.com\/blplegal"]},{"@type":"Person","@id":"https:\/\/blplegal.com\/es\/#\/schema\/person\/f5c4052956a003aa19608c579d61d8d2","name":"BLP","url":"https:\/\/blplegal.com\/es\/author\/kvalverde\/"}]}},"_links":{"self":[{"href":"https:\/\/blplegal.com\/es\/wp-json\/wp\/v2\/posts\/23517","targetHints":{"allow":["GET"]}}],"collection":[{"href":"https:\/\/blplegal.com\/es\/wp-json\/wp\/v2\/posts"}],"about":[{"href":"https:\/\/blplegal.com\/es\/wp-json\/wp\/v2\/types\/post"}],"author":[{"embeddable":true,"href":"https:\/\/blplegal.com\/es\/wp-json\/wp\/v2\/users\/3"}],"replies":[{"embeddable":true,"href":"https:\/\/blplegal.com\/es\/wp-json\/wp\/v2\/comments?post=23517"}],"version-history":[{"count":0,"href":"https:\/\/blplegal.com\/es\/wp-json\/wp\/v2\/posts\/23517\/revisions"}],"wp:featuredmedia":[{"embeddable":true,"href":"https:\/\/blplegal.com\/es\/wp-json\/wp\/v2\/media\/23516"}],"wp:attachment":[{"href":"https:\/\/blplegal.com\/es\/wp-json\/wp\/v2\/media?parent=23517"}],"wp:term":[{"taxonomy":"category","embeddable":true,"href":"https:\/\/blplegal.com\/es\/wp-json\/wp\/v2\/categories?post=23517"},{"taxonomy":"post_tag","embeddable":true,"href":"https:\/\/blplegal.com\/es\/wp-json\/wp\/v2\/tags?post=23517"}],"curies":[{"name":"wp","href":"https:\/\/api.w.org\/{rel}","templated":true}]}}