{"id":23493,"date":"2026-08-26T17:58:50","date_gmt":"2026-08-26T23:58:50","guid":{"rendered":"https:\/\/blplegal.com\/?p=23493"},"modified":"2026-08-27T16:49:48","modified_gmt":"2026-08-27T22:49:48","slug":"business-law-perspectives-20-26-agosto-2026","status":"publish","type":"post","link":"https:\/\/blplegal.com\/es\/business-law-perspectives-20-26-agosto-2026\/","title":{"rendered":"BUSINESS LAW PERSPECTIVES | 20 &#8211; 26 AGOSTO, 2026"},"content":{"rendered":"\n\n\t<section class=\"section\" id=\"section_1093100906\">\n\t\t<div class=\"section-bg fill\" >\n\t\t\t\t\t\t\t\t\t\n\t\t\t\n\n\t\t<\/div>\n\n\t\t\n\n\t\t<div class=\"section-content relative\">\n\t\t\t\n\n\n\n<p style=\"text-align: justify;\"><span style=\"font-size: 110%;\">El resumen de BLP de las <strong>noticias y oportunidades m\u00e1s importantes de la regi\u00f3n<\/strong> ofrece un panorama del entorno econ\u00f3mico, social y pol\u00edtico de Centroam\u00e9rica a tan solo un clic de distancia.<\/span><\/p>\n\n<div class=\"accordion\">\n\n\t<div id=\"accordion-3423790541\" class=\"accordion-item\">\n\t\t<a id=\"accordion-3423790541-label\" class=\"accordion-title plain\" href=\"#accordion-item-costa-rica\" aria-expanded=\"false\" aria-controls=\"accordion-3423790541-content\">\n\t\t\t<button class=\"toggle\" aria-label=\"Toggle\"><i class=\"icon-angle-down\" aria-hidden=\"true\"><\/i><\/button>\n\t\t\t<span>Costa Rica<\/span>\n\t\t<\/a>\n\t\t<div id=\"accordion-3423790541-content\" class=\"accordion-inner\" aria-labelledby=\"accordion-3423790541-label\">\n\t\t\t\n\n\n\n<div class=\"news-cr\">\n\n<p style=\"text-align: justify;\"><strong>Costa Rica impulsa sus exportaciones con crecimiento diversificado en todos los mercados<\/strong><\/p>\n<p style=\"text-align: justify;\">Las exportaciones de bienes de Costa Rica alcanzaron los US$13.821 millones entre enero y julio de 2026, lo que representa un crecimiento del 5% frente al mismo per\u00edodo de 2025, seg\u00fan PROCOMER. El sector de equipo de precisi\u00f3n y m\u00e9dico se mantuvo como el principal sector exportador, con ventas por US$6.399 millones, seguido por el sector agr\u00edcola y la industria alimentaria, que tambi\u00e9n registraron un s\u00f3lido crecimiento. La diversificaci\u00f3n de mercados destac\u00f3 como uno de los elementos m\u00e1s notables del per\u00edodo: Asia registr\u00f3 el mayor crecimiento porcentual, con un aumento del 31%, mientras Europa avanz\u00f3 un 10%, impulsada por productos como el banano, que encontr\u00f3 nuevas oportunidades comerciales en destinos como Argelia. Las exportaciones desde zona franca alcanzaron los US$9.309 millones, con un crecimiento del 4%, mientras que el r\u00e9gimen definitivo sum\u00f3 US$4.375 millones, un incremento del 8%. Seg\u00fan la Gerente General de PROCOMER, Laura L\u00f3pez, este desempe\u00f1o refleja la capacidad del sector exportador costarricense para adaptarse a los cambios del comercio internacional y encontrar nuevas oportunidades en mercados diversos, consolidando la solidez y competitividad de la econom\u00eda del pa\u00eds.<\/p>\n<p style=\"text-align: justify;\"><a href=\"https:\/\/www.revistaeyn.com\/centroamericaymundo\/exportaciones-de-bienes-costarricenses-superan-los-us-13800-millones-a-julio-KL31819276\" target=\"_blank\" rel=\"noopener\"><strong>Leer m\u00e1s<\/strong><\/a><\/p>\n\n<p style=\"text-align: justify;\"><strong>CEPAL confirma un crecimiento s\u00f3lido para Costa Rica en 2026<\/strong><\/p>\n<p style=\"text-align: justify;\">La Comisi\u00f3n Econ\u00f3mica para Am\u00e9rica Latina y el Caribe mantuvo su proyecci\u00f3n de crecimiento para Costa Rica en un 3,7% para 2026, una cifra superior al 3,4% proyectado por el Banco Central de Costa Rica. Seg\u00fan el Estudio Econ\u00f3mico de Am\u00e9rica Latina y el Caribe 2026, el pa\u00eds se ubica junto con Nicaragua, Argentina, Panam\u00e1 y Guatemala en el rango de crecimiento m\u00e1s din\u00e1mico de la regi\u00f3n. Para 2027, la CEPAL proyecta una expansi\u00f3n del 3,9% para Costa Rica, consolidando una trayectoria de crecimiento sostenido. El organismo destac\u00f3 que la apreciaci\u00f3n del col\u00f3n frente al d\u00f3lar responde al mayor ingreso de divisas por inversi\u00f3n extranjera directa y al crecimiento de las exportaciones costarricenses. En materia de inflaci\u00f3n, la CEPAL mantiene la expectativa de una convergencia gradual hacia el rango meta del Banco Central en los pr\u00f3ximos 24 meses. Estas proyecciones confirman la solidez macroecon\u00f3mica de Costa Rica y su atractivo sostenido para la inversi\u00f3n extranjera en el panorama regional.<\/p>\n<p style=\"text-align: justify;\"><a href=\"https:\/\/www.nacion.com\/economia\/cepal-mantiene-su-pronostico-para-costa-rica-y\/HQ7UZD3NQ5EGRCIF3NL7ROEV2A\/story\/\" target=\"_blank\" rel=\"noopener\"><strong>Leer m\u00e1s<\/strong><\/a><\/p>\n\n<p style=\"text-align: justify;\"><strong>Costa Rica alcanza niveles r\u00e9cord de reservas monetarias que fortalecen su blindaje financiero<\/strong><\/p>\n<p style=\"text-align: justify;\">El Banco Central de Costa Rica report\u00f3 reservas monetarias internacionales por US$20.786,6 millones al 17 de agosto de 2026, una cifra considerablemente superior a los US$14.802,3 millones registrados en la misma fecha del a\u00f1o anterior y que representa casi el triple de los niveles observados en 2022. Este incremento responde a las compras netas de divisas realizadas por el Banco Central, al aumento de dep\u00f3sitos en moneda extranjera de entidades financieras y del Ministerio de Hacienda, as\u00ed como al rendimiento generado por las propias reservas, que alcanz\u00f3 un 4,89% en 2025. El indicador de seguimiento de las reservas internacionales netas se ubic\u00f3 en un 173,5% del nivel m\u00ednimo adecuado definido por la Junta Directiva del Banco Central, por encima del rango recomendado por el Fondo Monetario Internacional. Estos recursos se invierten principalmente en instrumentos conservadores, como bonos gubernamentales de alto grado crediticio, con el 66% concentrado en Estados Unidos, Asia y la Zona euro. Este s\u00f3lido blindaje financiero fortalece la capacidad de Costa Rica para enfrentar choques externos y mantener la estabilidad de su econom\u00eda frente a un entorno internacional cambiante.<\/p>\n<p style=\"text-align: justify;\"><a href=\"https:\/\/www.nacion.com\/economia\/cuanto-tiene-costa-rica-en-reservas-monetarias-y\/PWRIRODKONHYBBGMSKOX74OU4I\/story\/\" target=\"_blank\" rel=\"noopener\"><strong>Leer m\u00e1s<\/strong><\/a><\/p>\n\n<p style=\"text-align: justify;\"><strong>Costa Rica se al\u00eda con Google para impulsar la inteligencia artificial en el sector p\u00fablico<\/strong><\/p>\n<p style=\"text-align: justify;\">El Ministerio de Ciencia, Innovaci\u00f3n, Tecnolog\u00eda y Telecomunicaciones de Costa Rica firm\u00f3 un acuerdo de colaboraci\u00f3n con Google Cloud para aplicar inteligencia artificial en los servicios que prestan las instituciones p\u00fablicas del pa\u00eds. La presidenta Laura Fern\u00e1ndez inform\u00f3 que esta alianza permitir\u00e1 utilizar la inteligencia artificial en sectores como educaci\u00f3n, salud y seguridad, mientras que la ministra del Micitt, Paula Bogantes, se\u00f1al\u00f3 que tambi\u00e9n se contempla su aplicaci\u00f3n en movilidad urbana. La funcionaria destac\u00f3 que el convenio busca avanzar en la digitalizaci\u00f3n del Estado y mejorar la eficiencia en el uso de los recursos p\u00fablicos. En el anuncio tambi\u00e9n particip\u00f3 la directora de iniciativas estrat\u00e9gicas de Google, Ana Recalde, reflejando el inter\u00e9s de la compa\u00f1\u00eda tecnol\u00f3gica en fortalecer su presencia en el pa\u00eds. Esta alianza estrat\u00e9gica consolida a Costa Rica como un destino atractivo para la innovaci\u00f3n tecnol\u00f3gica y refuerza su posici\u00f3n como referente regional en la incorporaci\u00f3n de inteligencia artificial al servicio p\u00fablico.<\/p>\n<p style=\"text-align: justify;\"><a href=\"https:\/\/www.nacion.com\/el-pais\/costa-rica-y-google-anuncian-alianza-para\/HC22SW4HXVFR5ADRLQST4BD3LI\/story\/\" target=\"_blank\" rel=\"noopener\"><strong>Leer m\u00e1s<\/strong><\/a><\/p>\n\n<p style=\"text-align: justify;\"><strong>Costa Rica avanza en la modernizaci\u00f3n de infraestructura vial clave para el turismo<\/strong><\/p>\n<p style=\"text-align: justify;\">Dos proyectos estrat\u00e9gicos avanzan en Guanacaste y Puntarenas para mejorar la conectividad vial hacia importantes destinos tur\u00edsticos del pa\u00eds. El nuevo puente sobre el r\u00edo Guacimal, en la ruta que conecta la Interamericana norte con Monteverde, registra un avance del 85% y se prev\u00e9 que entre en servicio en septiembre, con una inversi\u00f3n de \u00a2680 millones. En paralelo, en Guardia de Liberia inici\u00f3 la construcci\u00f3n del primero de dos nuevos puentes sobre el r\u00edo Tempisque, que ampliar\u00e1n a cuatro carriles el paso hacia comunidades como Playa Panam\u00e1, Filadelfia y Nandayure, con una inversi\u00f3n total de \u00a22.683 millones. Estas estructuras, dise\u00f1adas bajo el sistema modular de acero Waagner-Bir\u00f3, tendr\u00e1n 121,5 metros de longitud cada una y se espera que la primera entre en operaci\u00f3n en 2027. Estas obras de infraestructura vial fortalecen la conectividad hacia zonas tur\u00edsticas estrat\u00e9gicas de Costa Rica, mejorando el acceso para visitantes y contribuyendo al desarrollo econ\u00f3mico y tur\u00edstico de estas regiones.<\/p>\n<p style=\"text-align: justify;\"><a href=\"https:\/\/www.nacion.com\/el-pais\/asi-avanzan-los-trabajos-en-puentes-de-dos-rutas\/QUNOAFPAM5AQXK7CCXICFUMA4Q\/story\/\" target=\"_blank\" rel=\"noopener\"><strong>Leer m\u00e1s<\/strong><\/a><\/p>\n\n<\/div>\n\n\n\t\t<\/div>\n\t<\/div>\n\t\n\t<div id=\"accordion-4060229230\" class=\"accordion-item\">\n\t\t<a id=\"accordion-4060229230-label\" class=\"accordion-title plain\" href=\"#accordion-item-el-salvador\" aria-expanded=\"false\" aria-controls=\"accordion-4060229230-content\">\n\t\t\t<button class=\"toggle\" aria-label=\"Toggle\"><i class=\"icon-angle-down\" aria-hidden=\"true\"><\/i><\/button>\n\t\t\t<span>El Salvador<\/span>\n\t\t<\/a>\n\t\t<div id=\"accordion-4060229230-content\" class=\"accordion-inner\" aria-labelledby=\"accordion-4060229230-label\">\n\t\t\t\n\n\n\n<div class=\"news-sv\">\n\n<p style=\"text-align: justify;\"><strong>El Salvador impulsa una ambiciosa apuesta educativa con inversi\u00f3n hist\u00f3rica<\/strong><\/p>\n<p style=\"text-align: justify;\">El Salvador anunci\u00f3 una inversi\u00f3n en educaci\u00f3n superior a los US$3.000 millones, equivalente al 8% del PIB, seg\u00fan inform\u00f3 el presidente Nayib Bukele durante un encuentro con estudiantes en el Estadio Nacional. El programa contempla la entrega de 50.000 becas para j\u00f3venes que buscan acceder a estudios universitarios, formaci\u00f3n t\u00e9cnica y cursos vocacionales, con la intenci\u00f3n de ampliar progresivamente esta cifra en los pr\u00f3ximos a\u00f1os. Para garantizar la sostenibilidad del programa, el Gobierno salvadore\u00f1o firm\u00f3 un acuerdo con el Banco Interamericano de Desarrollo, que aportar\u00e1 US$100 millones para financiar las becas a largo plazo, buscando que el esquema trascienda los ciclos presupuestarios. La iniciativa ha ampliado significativamente la participaci\u00f3n de instituciones educativas: 35 universidades del pa\u00eds ya forman parte del programa, frente a las 10 iniciales. Esta estrategia se enmarca en una pol\u00edtica educativa integral que abarca desde la primera infancia hasta la formaci\u00f3n profesional, consolidando una inversi\u00f3n estrat\u00e9gica en capital humano que fortalece las oportunidades de desarrollo econ\u00f3mico y social de El Salvador.<\/p>\n<p style=\"text-align: justify;\"><a href=\"https:\/\/www.revistaeyn.com\/centroamericaymundo\/el-salvador-proyecta-inversion-en-educacion-equivalente-al-8-del-pib-NL31814911\" target=\"_blank\" rel=\"noopener\"><strong>Leer m\u00e1s<\/strong><\/a><\/p>\n\n<p style=\"text-align: justify;\"><strong>El Salvador da un paso decisivo hacia una nueva era de conectividad digital<\/strong><\/p>\n<p style=\"text-align: justify;\">CAF, el banco de desarrollo de Am\u00e9rica Latina y el Caribe, lanz\u00f3 un concurso para realizar los estudios del primer cable submarino que conectar\u00e1 a El Salvador directamente con la red global de internet, en un proyecto que cuenta con un financiamiento soberano de US$145 millones. La consultora seleccionada acompa\u00f1ar\u00e1 a la Superintendencia General de Telecomunicaciones en la etapa de estudios y dise\u00f1o, identificando riesgos y oportunidades para maximizar el aprovechamiento de esta nueva infraestructura. Actualmente, El Salvador dispone de entre 4 y 5 terabits por segundo de capacidad internacional, cifra que se proyecta triplicar con la nueva infraestructura y alcanzar cuatro veces el nivel actual en los pr\u00f3ximos cinco a\u00f1os. Este proyecto busca ampliar la capacidad de conexi\u00f3n, reducir costos y generar condiciones favorables para el desarrollo de centros de datos, telesalud y teleeducaci\u00f3n. La obra, que tendr\u00e1 una extensi\u00f3n de 1.800 kil\u00f3metros y entrar\u00e1 en operaci\u00f3n en el segundo semestre de 2028, fue asignada a Liberty Networks en 2025, consolidando una inversi\u00f3n estrat\u00e9gica que fortalecer\u00e1 la transformaci\u00f3n digital y la competitividad tecnol\u00f3gica de El Salvador.<\/p>\n<p style=\"text-align: justify;\"><a href=\"https:\/\/diario.elmundo.sv\/economia\/caf-licita-estudios-para-el-primer-cable-submarino-de-el-salvador\" target=\"_blank\" rel=\"noopener\"><strong>Leer m\u00e1s<\/strong><\/a><\/p>\n\n<p style=\"text-align: justify;\"><strong>La di\u00e1spora salvadore\u00f1a impulsa la econom\u00eda nacional con inversi\u00f3n r\u00e9cord<\/strong><\/p>\n<p style=\"text-align: justify;\">La di\u00e1spora salvadore\u00f1a se comprometi\u00f3 con 19 proyectos de inversi\u00f3n por un total de US$107,12 millones durante el per\u00edodo junio 2025-mayo 2026, seg\u00fan la Agencia de Promoci\u00f3n de Inversi\u00f3n y Exportaci\u00f3n (Invest). Estos proyectos representan la generaci\u00f3n de 2.474 empleos, reflejando un incremento de ocho proyectos adicionales en comparaci\u00f3n con el per\u00edodo anterior. Invest ofreci\u00f3 180 servicios de asesor\u00eda y acompa\u00f1amiento a trav\u00e9s de su Direcci\u00f3n de Inversi\u00f3n de Di\u00e1spora Salvadore\u00f1a, brindando informaci\u00f3n, visitas de campo y apoyo en tr\u00e1mites a potenciales inversionistas. La agencia proyecta continuar fortaleciendo este acompa\u00f1amiento para incrementar la confianza y participaci\u00f3n de la di\u00e1spora, lo que podr\u00eda traducirse en un aumento sostenido de consultas y proyectos de inversi\u00f3n en el mediano plazo. Este dinamismo confirma el papel cada vez m\u00e1s relevante de los salvadore\u00f1os en el exterior como agentes de desarrollo econ\u00f3mico, complementando el flujo de remesas con inversi\u00f3n directa que genera empleo y fortalece el tejido empresarial del pa\u00eds.<\/p>\n<p style=\"text-align: justify;\"><a href=\"https:\/\/diario.elmundo.sv\/economia\/diaspora-salvadorena-compromete-107-1-millones-en-19-proyectos-de-inversion-segun-invest\" target=\"_blank\" rel=\"noopener\"><strong>Leer m\u00e1s<\/strong><\/a><\/p>\n\n<p style=\"text-align: justify;\"><strong>El aeropuerto salvadore\u00f1o consolida su dinamismo con m\u00e1s de 3 millones de pasajeros en 2026<\/strong><\/p>\n<p style=\"text-align: justify;\">El Aeropuerto Internacional de El Salvador moviliz\u00f3 3.144.811 pasajeros entre enero y julio de 2026, seg\u00fan las estad\u00edsticas de la Comisi\u00f3n Ejecutiva Portuaria Aut\u00f3noma. Del total acumulado, 1.235.503 pasajeros salieron del pa\u00eds y 1.204.824 llegaron a trav\u00e9s de la terminal a\u00e9rea, mientras que 669.115 viajeros fueron contabilizados en transbordo, reflejando el papel del aeropuerto como punto de conexi\u00f3n regional. Durante este per\u00edodo se registraron 30.172 operaciones de aviaci\u00f3n comercial, incluyendo aterrizajes y despegues, con julio como uno de los meses de mayor movimiento. En materia de carga, la terminal moviliz\u00f3 m\u00e1s de 23,1 millones de kilogramos, con junio como el mes de mayor actividad log\u00edstica. Estas cifras confirman el s\u00f3lido desempe\u00f1o operativo del aeropuerto salvadore\u00f1o, consolidando su relevancia como una pieza clave de la conectividad a\u00e9rea y log\u00edstica del pa\u00eds, adem\u00e1s de reforzar las oportunidades de inversi\u00f3n en infraestructura aeroportuaria y servicios asociados.<\/p>\n<p style=\"text-align: justify;\"><a href=\"https:\/\/diario.elmundo.sv\/economia\/aeropuerto-de-el-salvador-ha-moviliza-3-1-millones-de-pasajeros-hasta-julio\" target=\"_blank\" rel=\"noopener\"><strong>Leer m\u00e1s<\/strong><\/a><\/p>\n\n<p style=\"text-align: justify;\"><strong>El boom de la construcci\u00f3n impulsa un s\u00f3lido crecimiento en el sector asegurador salvadore\u00f1o<\/strong><\/p>\n<p style=\"text-align: justify;\">El sector asegurador de El Salvador cerr\u00f3 el primer semestre de 2026 con un crecimiento del 6,7%, impulsado por el dinamismo de la industria de la construcci\u00f3n, seg\u00fan inform\u00f3 Ana Yansi Montano de Figueroa, presidenta de la Asociaci\u00f3n Salvadore\u00f1a de Empresas de Seguros. Al cierre del per\u00edodo, las primas pagadas por familias y empresas alcanzaron US$505,5 millones, con un desempe\u00f1o particularmente favorable en seguros de da\u00f1os y propiedades vinculados a proyectos habitacionales y tur\u00edsticos en desarrollo en el pa\u00eds. El sector tambi\u00e9n proyecta crecimiento en seguros de vida, impulsados por el dinamismo del cr\u00e9dito, y en el segmento de automotores, en l\u00ednea con la expansi\u00f3n del parque vehicular. Las empresas aseguradoras han pagado m\u00e1s de US$215,4 millones en indemnizaciones y mantienen m\u00e1s de US$352,7 millones en reservas como contingencia. La presidenta de ASES destac\u00f3 que las primas del sector han crecido 44% desde 2019, consolidando una industria din\u00e1mica que contribuye significativamente a la econom\u00eda nacional, con proyecciones de crecimiento entre 5% y 6% para el cierre de 2026.<\/p>\n<p style=\"text-align: justify;\"><a href=\"https:\/\/diario.elmundo.sv\/economia\/la-industria-de-la-construccion-impulsa-el-crecimiento-del-sector-asegurador\" target=\"_blank\" rel=\"noopener\"><strong>Leer m\u00e1s<\/strong><\/a><\/p>\n\n<\/div>\n\n\n\t\t<\/div>\n\t<\/div>\n\t\n\t<div id=\"accordion-4016146892\" class=\"accordion-item\">\n\t\t<a id=\"accordion-4016146892-label\" class=\"accordion-title plain\" href=\"#accordion-item-guatemala\" aria-expanded=\"false\" aria-controls=\"accordion-4016146892-content\">\n\t\t\t<button class=\"toggle\" aria-label=\"Toggle\"><i class=\"icon-angle-down\" aria-hidden=\"true\"><\/i><\/button>\n\t\t\t<span>Guatemala<\/span>\n\t\t<\/a>\n\t\t<div id=\"accordion-4016146892-content\" class=\"accordion-inner\" aria-labelledby=\"accordion-4016146892-label\">\n\t\t\t\n\n\n\n<div class=\"news-gt\">\n\n<p style=\"text-align: justify;\"><strong>Guatemala impulsa una expansi\u00f3n hist\u00f3rica de su infraestructura el\u00e9ctrica<\/strong><\/p>\n<p style=\"text-align: justify;\">Guatemala enfrenta el desaf\u00edo estrat\u00e9gico de modernizar su red de transmisi\u00f3n el\u00e9ctrica para acompa\u00f1ar el crecimiento de su capacidad de generaci\u00f3n, seg\u00fan coincidieron reguladores, transportistas y generadores del sector. La red el\u00e9ctrica del pa\u00eds pas\u00f3 de 470 kil\u00f3metros en 2015 a cerca de 6.793 kil\u00f3metros en 2025, un crecimiento significativo que ahora requiere duplicarse mediante un Plan de Expansi\u00f3n que contempla una inversi\u00f3n de entre US$2.500 y US$3.000 millones, con 5.000 kil\u00f3metros adicionales de l\u00edneas y m\u00e1s de 200 nuevas subestaciones. Este desaf\u00edo cobra especial relevancia tras el \u00e9xito de la PEG-5, la mayor licitaci\u00f3n el\u00e9ctrica en la historia de Guatemala, que contrat\u00f3 1.258 megavatios de energ\u00eda, en su mayor\u00eda de fuentes renovables, consolidando un cambio estructural hacia tecnolog\u00edas limpias que definir\u00e1n la matriz energ\u00e9tica del pa\u00eds durante los pr\u00f3ximos 15 a\u00f1os. El sector coincide en la necesidad urgente de lanzar el pr\u00f3ximo Plan de Expansi\u00f3n del Sistema de Transporte (PET-4) para garantizar que la infraestructura de transmisi\u00f3n est\u00e9 lista cuando la nueva generaci\u00f3n entre en operaci\u00f3n. Con una red robusta, Guatemala tiene adem\u00e1s la oportunidad de posicionarse como un centro el\u00e9ctrico estrat\u00e9gico entre M\u00e9xico y Centroam\u00e9rica, consolidando nuevas oportunidades de inversi\u00f3n en infraestructura energ\u00e9tica regional.<\/p>\n<p style=\"text-align: justify;\"><a href=\"https:\/\/lahora.gt\/lh-economia\/esmith\/2026\/08\/21\/guatemala-enfrenta-un-desafio-critico-infraestructura-electrica-no-se-adapta-a-la-demanda-urgen-inversiones-now\/\" target=\"_blank\" rel=\"noopener\"><strong>Leer m\u00e1s<\/strong><\/a><\/p>\n\n<p style=\"text-align: justify;\"><strong>Guatemala consolida un crecimiento econ\u00f3mico s\u00f3lido en medio de un contexto internacional desafiante<\/strong><\/p>\n<p style=\"text-align: justify;\">La actividad econ\u00f3mica de Guatemala registr\u00f3 un crecimiento acumulado del 4,4% a junio de 2026, superior al 3,9% del mismo per\u00edodo del a\u00f1o anterior, seg\u00fan datos del Banco de Guatemala. Solo en junio, el \u00cdndice Mensual de la Actividad Econ\u00f3mica report\u00f3 una expansi\u00f3n del 4,2% interanual, respaldada principalmente por el comercio, la reparaci\u00f3n de veh\u00edculos, las industrias manufactureras y las actividades inmobiliarias, junto con el sector financiero y la agricultura. El presidente Bernardo Ar\u00e9valo calific\u00f3 el resultado como \u00abuna excelente cifra\u00bb, destacando que adquiere mayor relevancia frente a un panorama internacional marcado por la incertidumbre y las tensiones comerciales. El mandatario vincul\u00f3 este desempe\u00f1o econ\u00f3mico con mayores recursos disponibles para obras de infraestructura y programas sociales, subrayando adem\u00e1s que la transparencia en la administraci\u00f3n p\u00fablica es clave para fortalecer la confianza y atraer nuevas inversiones. Este crecimiento sostenido confirma la resiliencia de la econom\u00eda guatemalteca y consolida un entorno favorable para la generaci\u00f3n de empleo y nuevas oportunidades de desarrollo en el pa\u00eds.<\/p>\n<p style=\"text-align: justify;\"><a href=\"https:\/\/www.revistaeyn.com\/centroamericaymundo\/guatemala-registro-crecimiento-economico-de-44-en-el-primer-semestre-MN31781159\" target=\"_blank\" rel=\"noopener\"><strong>Leer m\u00e1s<\/strong><\/a><\/p>\n\n<p style=\"text-align: justify;\"><strong>Guatemala impulsa la transformaci\u00f3n del Aer\u00f3dromo de Quetzaltenango en un Aeropuerto Internacional<\/strong><\/p>\n<p style=\"text-align: justify;\">El proceso para convertir el Aer\u00f3dromo de Quetzaltenango en un Aeropuerto Internacional avanza con nuevos pasos, en una iniciativa que busca ampliar la conectividad a\u00e9rea de Guatemala y generar nuevas oportunidades econ\u00f3micas para la regi\u00f3n occidental del pa\u00eds. El proyecto, incluido en el Plan Maestro de Aer\u00f3dromos, contempla una ruta de certificaci\u00f3n de cinco etapas, actualmente en su primera fase de documentaci\u00f3n y presolicitud, que las autoridades estiman podr\u00eda concluir entre finales de agosto y mediados de septiembre de 2026. Esta transformaci\u00f3n representa una apuesta estrat\u00e9gica para fortalecer la actividad econ\u00f3mica de Quetzaltenango, facilitando la llegada de visitantes extranjeros, favoreciendo el comercio y atrayendo nuevas inversiones a la regi\u00f3n. El impacto tambi\u00e9n podr\u00eda extenderse al sector exportador, ofreciendo mejores alternativas log\u00edsticas para movilizar mercanc\u00edas hacia otros mercados internacionales. Para las autoridades, este proyecto tiene importancia estrat\u00e9gica en \u00e1mbitos como turismo, log\u00edstica, educaci\u00f3n, salud y negocios, consolidando una nueva puerta de entrada para la inversi\u00f3n en el occidente de Guatemala.<\/p>\n<p style=\"text-align: justify;\"><a href=\"https:\/\/www.revistaeyn.com\/centroamericaymundo\/guatemala-avanza-en-certificacion-de-aerodormo-como-aeropuerto-internacional-PL31819574\" target=\"_blank\" rel=\"noopener\"><strong>Leer m\u00e1s<\/strong><\/a><\/p>\n\n<p style=\"text-align: justify;\"><strong>Guatemala avanza hacia la implementaci\u00f3n de la portabilidad num\u00e9rica<\/strong><\/p>\n<p style=\"text-align: justify;\">El presidente Bernardo Ar\u00e9valo confirm\u00f3 que el Reglamento de la Ley de Portabilidad Num\u00e9rica ya se encuentra en la Secretar\u00eda General de la Presidencia, acercando al pa\u00eds a la implementaci\u00f3n de esta medida que permitir\u00e1 a los usuarios de telefon\u00eda cambiar de operador sin perder su n\u00famero actual. Esta iniciativa busca facilitar la competencia entre las empresas de telecomunicaciones y reducir una de las principales barreras que enfrentan los consumidores al momento de cambiar de compa\u00f1\u00eda. El expediente complet\u00f3 su revisi\u00f3n t\u00e9cnica en la Superintendencia de Telecomunicaciones y el Ministerio de Comunicaciones, y ahora avanza hacia su aprobaci\u00f3n formal mediante un acuerdo gubernativo. Una vez vigente el reglamento, se conformar\u00e1 un Comit\u00e9 de Portabilidad integrado por los operadores de telefon\u00eda y la Superintendencia, adem\u00e1s de seleccionarse un administrador para la base de datos centralizada que ser\u00e1 financiada por las propias empresas. Esta medida fortalecer\u00e1 la competencia en el sector de telecomunicaciones guatemalteco, beneficiando a los consumidores con mayor libertad de elecci\u00f3n y mejores condiciones de servicio.<\/p>\n<p style=\"text-align: justify;\"><a href=\"https:\/\/lahora.gt\/lh-economia\/mherrera\/2026\/08\/24\/guatemala-se-acerca-a-la-portabilidad-numerica-presidente-asegura-que-pronto-podria-ser-una-realidad\/\" target=\"_blank\" rel=\"noopener\"><strong>Leer m\u00e1s<\/strong><\/a><\/p>\n\n<\/div>\n\n\n\t\t<\/div>\n\t<\/div>\n\t\n\t<div id=\"accordion-1223603881\" class=\"accordion-item\">\n\t\t<a id=\"accordion-1223603881-label\" class=\"accordion-title plain\" href=\"#accordion-item-honduras\" aria-expanded=\"false\" aria-controls=\"accordion-1223603881-content\">\n\t\t\t<button class=\"toggle\" aria-label=\"Toggle\"><i class=\"icon-angle-down\" aria-hidden=\"true\"><\/i><\/button>\n\t\t\t<span>Honduras<\/span>\n\t\t<\/a>\n\t\t<div id=\"accordion-1223603881-content\" class=\"accordion-inner\" aria-labelledby=\"accordion-1223603881-label\">\n\t\t\t\n\n\n\n<div class=\"news-hn\">\n\n<p style=\"text-align: justify;\"><strong>Honduras impulsa sus exportaciones con un desempe\u00f1o destacado del caf\u00e9 y el banano<\/strong><\/p>\n<p style=\"text-align: justify;\">Las exportaciones de bienes de Honduras alcanzaron los US$6.899,6 millones al cierre del segundo trimestre de 2026, impulsadas principalmente por el crecimiento del 11% en mercanc\u00edas generales, seg\u00fan el Banco Central de Honduras. El caf\u00e9 se consolid\u00f3 como el principal producto de exportaci\u00f3n, con ventas por US$1.883,2 millones y un aumento del 21% en el volumen exportado, destinado principalmente a Estados Unidos, Alemania y B\u00e9lgica. El banano tambi\u00e9n mostr\u00f3 un desempe\u00f1o favorable, con exportaciones por US$249,9 millones y un crecimiento del 37,1%, impulsado por mayores vol\u00famenes y mejores precios internacionales. Otros productos destacados incluyeron los materiales de reciclaje, con un crecimiento del 64,6%, el aceite de palma con un avance del 20,3%, y el oro, que aument\u00f3 un 37,7%. Este desempe\u00f1o exportador confirma la diversificaci\u00f3n productiva de Honduras, consolidando al caf\u00e9 y al banano como pilares fundamentales de su econom\u00eda y reforzando su posici\u00f3n como socio comercial confiable en los mercados internacionales.<\/p>\n<p style=\"text-align: justify;\"><a href=\"https:\/\/www.revistaeyn.com\/centroamericaymundo\/honduras-eleva-sus-exportaciones-de-bienes-a-us-6899-millones-a-junio-OL31810691\" target=\"_blank\" rel=\"noopener\"><strong>Leer m\u00e1s<\/strong><\/a><\/p>\n\n<p style=\"text-align: justify;\"><strong>Honduras fortalece su seguridad h\u00eddrica con inversi\u00f3n estrat\u00e9gica del BCIE<\/strong><\/p>\n<p style=\"text-align: justify;\">El Banco Centroamericano de Integraci\u00f3n Econ\u00f3mica aprob\u00f3 un financiamiento por US$182 millones para la ejecuci\u00f3n del Proyecto Presa Multiprop\u00f3sito Quiebra Montes, una obra que beneficiar\u00e1 directamente a m\u00e1s de 190.000 personas y ampliar\u00e1 su cobertura hasta 245.000 habitantes en el Municipio del Distrito Central. El proyecto contempla la construcci\u00f3n de una presa con capacidad de almacenamiento de 19,4 millones de metros c\u00fabicos, una planta de tratamiento de agua potable y una l\u00ednea de distribuci\u00f3n que permitir\u00e1 reducir la frecuencia de suministro de agua de una entrega cada nueve d\u00edas a una cada tres d\u00edas durante la \u00e9poca seca. La obra tambi\u00e9n ayudar\u00e1 a mitigar los impactos de las crecidas del R\u00edo Guacerique y contribuir\u00e1 a conservar la capacidad del embalse Los Laureles mediante la retenci\u00f3n de sedimentos. Al operar por gravedad y no requerir bombeo, el proyecto generar\u00e1 ahorros estimados de 21 millones de lempiras anuales para el Estado. Esta inversi\u00f3n estrat\u00e9gica del BCIE fortalece la infraestructura h\u00eddrica de Honduras y su resiliencia clim\u00e1tica, consolidando un ejemplo de cooperaci\u00f3n regional para el desarrollo sostenible.<\/p>\n<p style=\"text-align: justify;\"><a href=\"https:\/\/www.revistaeyn.com\/centroamericaymundo\/impulsan-seguridad-hidrica-en-honduras-con-la-presa-multiproposito-quiebra-montes-ED31778378\" target=\"_blank\" rel=\"noopener\"><strong>Leer m\u00e1s<\/strong><\/a><\/p>\n\n<p style=\"text-align: justify;\"><strong>Alemania se consolida como el principal socio comercial de Honduras en Europa<\/strong><\/p>\n<p style=\"text-align: justify;\">Alemania se posicion\u00f3 como el principal comprador de productos hondure\u00f1os entre los pa\u00edses de la Uni\u00f3n Europea, liderado significativamente por las exportaciones de caf\u00e9, seg\u00fan inform\u00f3 el director ejecutivo de la C\u00e1mara de Comercio e Industria Hondure\u00f1o-Alemana, Rafael Delgado, en el marco de la Expo Alemania 2026 celebrada en Tegucigalpa. Las estad\u00edsticas se\u00f1alan exportaciones por US$300 millones, con alrededor de 1,2 millones de quintales de caf\u00e9, adem\u00e1s de crecimientos en productos como aceite de palma africana, puros, tabaco, cacao y chocolate. Seg\u00fan datos del Banco Central de Honduras, las exportaciones hacia la Uni\u00f3n Europea alcanzaron US$1.908,6 millones en 2025, de los cuales US$500,2 millones correspondieron a ventas en Alemania, mientras que en el primer semestre de 2026 ya se reportan US$342 millones hacia ese mercado. Delgado destac\u00f3 el potencial de Honduras para ampliar su oferta exportadora agr\u00edcola hacia un mercado alem\u00e1n de alto poder de compra y exigente en calidad. La Expo Alemania 2026, que re\u00fane al sector empresarial y organizaciones de ambos pa\u00edses, consolida nuevas oportunidades de comercio, innovaci\u00f3n y desarrollo empresarial entre Honduras y Alemania.<\/p>\n<p style=\"text-align: justify;\"><a href=\"https:\/\/www.latribuna.hn\/2026\/08\/26\/alemania-se-consolida-como-primer-comprador-de-productos-hondurenos\/\" target=\"_blank\" rel=\"noopener\"><strong>Leer m\u00e1s<\/strong><\/a><\/p>\n\n<\/div>\n\n\n\t\t<\/div>\n\t<\/div>\n\t\n\t<div id=\"accordion-3155503200\" class=\"accordion-item\">\n\t\t<a id=\"accordion-3155503200-label\" class=\"accordion-title plain\" href=\"#accordion-item-nicaragua\" aria-expanded=\"false\" aria-controls=\"accordion-3155503200-content\">\n\t\t\t<button class=\"toggle\" aria-label=\"Toggle\"><i class=\"icon-angle-down\" aria-hidden=\"true\"><\/i><\/button>\n\t\t\t<span>Nicaragua<\/span>\n\t\t<\/a>\n\t\t<div id=\"accordion-3155503200-content\" class=\"accordion-inner\" aria-labelledby=\"accordion-3155503200-label\">\n\t\t\t\n\n\n\n<div class=\"news-ni\">\n\n<p style=\"text-align: justify;\"><strong>Nicaragua fortalece sus finanzas p\u00fablicas con un notable super\u00e1vit fiscal<\/strong><\/p>\n<p style=\"text-align: justify;\">El Sector P\u00fablico No Financiero de Nicaragua registr\u00f3 un super\u00e1vit despu\u00e9s de donaciones de C$36.592,0 millones al cierre de junio de 2026, un aumento del 39,5% respecto al mismo per\u00edodo de 2025, seg\u00fan el Ministerio de Hacienda y Cr\u00e9dito P\u00fablico. Este resultado estuvo impulsado principalmente por el crecimiento de los ingresos del sector p\u00fablico, que totalizaron C$150.940,1 millones, un incremento interanual del 17,3%, producto del aumento en los ingresos tributarios y las contribuciones sociales. La erogaci\u00f3n total del sector p\u00fablico sum\u00f3 C$114.383,8 millones, un aumento del 11,5% frente al a\u00f1o anterior, explicado principalmente por mayores transferencias y gasto en bienes y servicios. Este comportamiento fiscal refleja una gesti\u00f3n de las finanzas p\u00fablicas que combina crecimiento de ingresos con un manejo responsable del gasto, fortaleciendo la estabilidad macroecon\u00f3mica y la capacidad del Estado nicarag\u00fcense para sostener sus programas de inversi\u00f3n p\u00fablica.<\/p>\n<p style=\"text-align: justify;\"><a href=\"https:\/\/www.el19digital.com\/articulos\/ver\/180965-mhcp-estadisticas-de-finanzas-publicas\" target=\"_blank\" rel=\"noopener\"><strong>Leer m\u00e1s<\/strong><\/a><\/p>\n\n<\/div>\n\n\n\t\t<\/div>\n\t<\/div>\n\t\n\t<div id=\"accordion-3965490760\" class=\"accordion-item\">\n\t\t<a id=\"accordion-3965490760-label\" class=\"accordion-title plain\" href=\"#accordion-item-regional\" aria-expanded=\"false\" aria-controls=\"accordion-3965490760-content\">\n\t\t\t<button class=\"toggle\" aria-label=\"Toggle\"><i class=\"icon-angle-down\" aria-hidden=\"true\"><\/i><\/button>\n\t\t\t<span>Regional<\/span>\n\t\t<\/a>\n\t\t<div id=\"accordion-3965490760-content\" class=\"accordion-inner\" aria-labelledby=\"accordion-3965490760-label\">\n\t\t\t\n\n\n\n<div class=\"news-regional\">\n\n<p style=\"text-align: justify;\"><strong>Centroam\u00e9rica se posiciona entre las regiones con mayor dinamismo econ\u00f3mico de Am\u00e9rica Latina<\/strong><\/p>\n<p style=\"text-align: justify;\">La CEPAL elev\u00f3 su proyecci\u00f3n de crecimiento para Centroam\u00e9rica en 2026, estimando un 4% al excluir a Cuba y Hait\u00ed de la subregi\u00f3n, con una expansi\u00f3n que podr\u00eda alcanzar el 4,2% en 2027. Seg\u00fan el &#8216;Estudio Econ\u00f3mico de Am\u00e9rica Latina y el Caribe 2026&#8217;, Nicaragua (4,5%), Panam\u00e1 (4,4%) y Guatemala (4,0%) liderar\u00e1n el crecimiento econ\u00f3mico regional, seguidos por El Salvador (3,9%), Costa Rica (3,7%) y Honduras (3,5%), todos con proyecciones s\u00f3lidas dentro del panorama latinoamericano. La CEPAL destac\u00f3 que la inflaci\u00f3n regional se mantendr\u00eda contenida, con un choque de precios concentrado principalmente en energ\u00eda y fertilizantes, aunque con una transmisi\u00f3n m\u00e1s limitada hacia los alimentos que en episodios anteriores. En el \u00e1mbito laboral, el n\u00famero de ocupados en la regi\u00f3n aument\u00f3 1,6% en 2025, con una tasa de desocupaci\u00f3n que disminuy\u00f3 al 5,3%. El organismo subray\u00f3 que sostener estas mejoras depender\u00e1 de aumentos en la inversi\u00f3n, la productividad y el crecimiento, factores clave para consolidar el desarrollo econ\u00f3mico sostenido de Centroam\u00e9rica en los pr\u00f3ximos a\u00f1os.<\/p>\n<p style=\"text-align: justify;\"><a href=\"https:\/\/www.revistaeyn.com\/centroamericaymundo\/cepal-sube-a-4-la-proyeccion-de-crecimiento-para-2026-de-centroamerica-GC31775355\" target=\"_blank\" rel=\"noopener\"><strong>Leer m\u00e1s<\/strong><\/a><\/p>\n\n<\/div>\n\n\n\t\t<\/div>\n\t<\/div>\n\t\n\n<\/div>\n\n\t\t<\/div>\n\n\t\t\n<style>\n#section_1093100906 {\n  padding-top: 30px;\n  padding-bottom: 30px;\n}\n<\/style>\n\t<\/section>\n\t\n\n\t<section class=\"section\" id=\"section_954544242\">\n\t\t<div class=\"section-bg fill\" >\n\t\t\t\t\t\t\t\t\t\n\t\t\t\n\n\t\t<\/div>\n\n\t\t\n\n\t\t<div class=\"section-content relative\">\n\t\t\t\n\n\n\n<h2><span style=\"color: #000000;\">BLP INSIGHT<\/span><\/h2>\n<div class=\"news-insight\">\n\n<p style=\"text-align: justify;\"><strong>Comit\u00e9s de Expertos en contrataci\u00f3n p\u00fablica: oportunidades para su implementaci\u00f3n en Costa Rica<\/strong><\/p>\n<p style=\"text-align: justify;\">El art\u00edculo 117 de la Ley General de Contrataci\u00f3n P\u00fablica (LGCP) incorpor\u00f3 los Comit\u00e9s de Expertos, conocidos internacionalmente como Dispute Boards, como una herramienta para prevenir y resolver oportunamente diferencias t\u00e9cnicas o contractuales durante la ejecuci\u00f3n de contratos de obra p\u00fablica. La experiencia acumulada entre 2022 y 2024 muestra que esta figura a\u00fan se encuentra en una etapa de consolidaci\u00f3n en Costa Rica, aunque los comit\u00e9s implementados bajo modelos internacionales han demostrado su utilidad cuando existen lineamientos claros. Entre las principales oportunidades para fortalecer su aplicaci\u00f3n se encuentran ampliar la capacitaci\u00f3n, establecer lineamientos m\u00e1s precisos sobre su conformaci\u00f3n y funcionamiento, clarificar las consecuencias de no activar los comit\u00e9s y promover mayor transparencia sobre los casos y resoluciones existentes. Su adecuada implementaci\u00f3n podr\u00eda contribuir a reducir la escalada de conflictos y favorecer la continuidad de los proyectos de infraestructura p\u00fablica.<\/p>\n<p style=\"text-align: justify;\"><a href=\"https:\/\/blplegal.com\/es\/comites-expertos-contratacion-publica-costa-rica\/\" target=\"_blank\" rel=\"noopener\"><strong>Leer m\u00e1s<\/strong><\/a><\/p>\n\n<p style=\"text-align: justify;\"><strong>Costa Rica prepara licitaci\u00f3n para la ampliaci\u00f3n de la ruta San Jos\u00e9 \u2013 Cartago<\/strong><\/p>\n<p style=\"text-align: justify;\">El Gobierno de Costa Rica prepara la licitaci\u00f3n para la ampliaci\u00f3n y mejoramiento del corredor vial San Jos\u00e9-Cartago, estructurado como una concesi\u00f3n de obra p\u00fablica con iniciativa privada aprobada por el MOPT. El proyecto contempla la modernizaci\u00f3n de aproximadamente 24,3 km de la Autopista Florencio del Castillo, con una inversi\u00f3n inicial estimada por el MOPT en US$614 millones y un plazo de concesi\u00f3n de 25 a\u00f1os. Entre las obras previstas se encuentra un paso a desnivel o viaducto entre Hacienda Vieja y la rotonda de Garant\u00edas Sociales, adem\u00e1s de ampliaciones, mejoras en puentes e intercambios y otras obras complementarias. El cartel, previsto para el segundo semestre de 2026, deber\u00e1 precisar aspectos relevantes como el alcance definitivo de la concesi\u00f3n, el modelo de ingresos, los peajes, los requisitos para los oferentes, las garant\u00edas y la distribuci\u00f3n de riesgos. La publicaci\u00f3n del cartel abrir\u00e1 una oportunidad relevante para empresas constructoras, operadores, inversionistas y potenciales consorcios interesados en participar en el proyecto.<\/p>\n<p style=\"text-align: justify;\"><a href=\"https:\/\/blplegal.com\/es\/concesion-vial-san-jose-cartago-costa-rica\/\" target=\"_blank\" rel=\"noopener\"><strong>Leer m\u00e1s<\/strong><\/a><\/p>\n\n<p style=\"text-align: justify;\"><strong>BLP Podcast: \u00bfQue\u0301 infraestructura se puede financiar en Costa Rica?<\/strong><\/p>\n<p style=\"text-align: justify;\">La viabilidad de un proyecto de infraestructura de largo plazo depende, en buena medida, de c\u00f3mo se estructuran los riesgos y se distribuyen las responsabilidades entre las partes. En este episodio, Luis Ortiz, socio de BLP, conversa sobre el papel de las asociaciones p\u00fablico-privadas (APP), la bancabilidad, el financiamiento y los mecanismos de arbitraje, as\u00ed como los principales elementos que inversionistas y financiadores eval\u00faan antes de comprometer capital.\n<\/div>\n\n\t<div id=\"text-2547029156\" class=\"text\">\n\t\t\n\n<p><strong><span style=\"font-size: 100%;\">Disponible en:<\/span><\/strong><\/p>\n\t\t\n<style>\n#text-2547029156 {\n  text-align: left;\n}\n<\/style>\n\t<\/div>\n\t\n<div class=\"row\"  id=\"row-1247472370\">\n\n\n\t<div id=\"col-1330790806\" class=\"col medium-4 small-12 large-4\"  >\n\t\t\t\t<div class=\"col-inner text-center\"  >\n\t\t\t\n\t<div class=\"is-border\"\n\t\tstyle=\"border-width:0px 0px 0px 0px;margin:0px 0px 0px 0px;\">\n\t<\/div>\n\t\t\t\n\n\t<div class=\"img has-hover x md-x lg-x y md-y lg-y\" id=\"image_1435699273\">\n\t\t<a class=\"\" href=\"https:\/\/open.spotify.com\/show\/4X4swXzat4f27XOFB1ibZM?si=5ee1432eb7e44d16&#038;nd=1&#038;dlsi=354088287d3d49a4\" >\t\t\t\t\t\t<div class=\"img-inner dark\" style=\"margin:0px 0px 0px 0px;\">\n\t\t\t<img loading=\"lazy\" decoding=\"async\" width=\"200\" height=\"195\" src=\"https:\/\/blplegal.com\/wp-content\/uploads\/2026\/08\/spotify.png\" class=\"attachment-large size-large\" alt=\"\" \/>\t\t\t\t\t\t\n\t\t\t\t\t<\/div>\n\t\t\t\t\t\t<\/a>\t\t\n<style>\n#image_1435699273 {\n  width: 30%;\n}\n<\/style>\n\t<\/div>\n\t\n\n\n\t\t<\/div>\n\t\t\t\t\t<\/div>\n\n\t\n\n\t<div id=\"col-960585479\" class=\"col medium-4 small-12 large-4\"  >\n\t\t\t\t<div class=\"col-inner text-center\"  >\n\t\t\t\n\t\t\t\n\n\t<div class=\"img has-hover x md-x lg-x y md-y lg-y\" id=\"image_794457280\">\n\t\t<a class=\"\" href=\"https:\/\/podcasts.apple.com\/cr\/podcast\/blp-podcast\/id1535531443\" >\t\t\t\t\t\t<div class=\"img-inner dark\" >\n\t\t\t<img loading=\"lazy\" decoding=\"async\" width=\"198\" height=\"195\" src=\"https:\/\/blplegal.com\/wp-content\/uploads\/2026\/08\/\uf8ff-podcasts.png\" class=\"attachment-large size-large\" alt=\"\" \/>\t\t\t\t\t\t\n\t\t\t\t\t<\/div>\n\t\t\t\t\t\t<\/a>\t\t\n<style>\n#image_794457280 {\n  width: 30%;\n}\n<\/style>\n\t<\/div>\n\t\n\n\n\t\t<\/div>\n\t\t\t\t\t<\/div>\n\n\t\n\n\t<div id=\"col-1487150576\" class=\"col medium-4 small-12 large-4\"  >\n\t\t\t\t<div class=\"col-inner text-center\"  >\n\t\t\t\n\t\t\t\n\n\t<div class=\"img has-hover x md-x lg-x y md-y lg-y\" id=\"image_53572730\">\n\t\t<a class=\"\" href=\"https:\/\/www.youtube.com\/playlist?list=PLVJHSLcFwquU\" >\t\t\t\t\t\t<div class=\"img-inner dark\" >\n\t\t\t<img loading=\"lazy\" decoding=\"async\" width=\"203\" height=\"195\" src=\"https:\/\/blplegal.com\/wp-content\/uploads\/2026\/08\/yt.png\" class=\"attachment-large size-large\" alt=\"\" \/>\t\t\t\t\t\t\n\t\t\t\t\t<\/div>\n\t\t\t\t\t\t<\/a>\t\t\n<style>\n#image_53572730 {\n  width: 30%;\n}\n<\/style>\n\t<\/div>\n\t\n\n\n\t\t<\/div>\n\t\t\t\t\t<\/div>\n\n\t\n\n<\/div>\n<div class=\"video video-fit mb\" style=\"padding-top:56.25%;\"><iframe title=\"Spotify Embed: Infraestructura que si\u0301 se puede financiar en Costa Rica\" style=\"border-radius: 12px\" width=\"624\" height=\"351\" frameborder=\"0\" allowfullscreen allow=\"autoplay; clipboard-write; encrypted-media; fullscreen; picture-in-picture\" loading=\"lazy\" src=\"https:\/\/open.spotify.com\/embed\/episode\/3SxozfWYDvSgHWxN4PUUKX\/video?si=WAeXS-vqQoy9IqFOdFtBBQ&amp;utm_source=oembed\"><\/iframe><\/div>\n\n\n\t\t<\/div>\n\n\t\t\n<style>\n#section_954544242 {\n  padding-top: 30px;\n  padding-bottom: 30px;\n}\n<\/style>\n\t<\/section>\n\t\n\n\t<section class=\"section\" id=\"section_1700329350\">\n\t\t<div class=\"section-bg fill\" >\n\t\t\t\t\t\t\t\t\t\n\t\t\t\n\n\t\t<\/div>\n\n\t\t\n\n\t\t<div class=\"section-content relative\">\n\t\t\t\n\n\n\n<h2><span style=\"color: #000000;\">INDICADORES ECON\u00d3MICOS<\/span><\/h2>\n<table>\n<thead>\n<tr>\n<th rowspan=\"2\">Pa\u00eds<\/th>\n<th rowspan=\"2\">Tipo de Cambio (moneda local por USD)<\/th>\n<th rowspan=\"2\">Tasa B\u00e1sica Pasiva (moneda local)<\/th>\n<th rowspan=\"2\">Tasa de Pol\u00edtica Monetaria<\/th>\n<th colspan=\"3\">Deuda Soberana<\/th>\n<th rowspan=\"2\">Inflaci\u00f3n Interanual<\/th>\n<\/tr>\n<tr>\n<th>S&amp;P<\/th>\n<th>Moody&#8217;s<\/th>\n<th>Fitch<\/th>\n<\/tr>\n<\/thead>\n<tbody>\n<tr>\n<td><strong>Costa Rica<\/strong><\/td>\n<td>452,88<\/td>\n<td>3,63%<\/td>\n<td>3,00%<\/td>\n<td>BB<\/td>\n<td>Ba2<\/td>\n<td>BB<\/td>\n<td>-0,27%<\/td>\n<\/tr>\n<tr>\n<td><strong>El Salvador<\/strong><\/td>\n<td>8,75<\/td>\n<td>4,63%<\/td>\n<td>N\/A<\/td>\n<td>B-<\/td>\n<td>B3<\/td>\n<td>B-<\/td>\n<td>2,49%<\/td>\n<\/tr>\n<tr>\n<td><strong>Guatemala<\/strong><\/td>\n<td>7,62<\/td>\n<td>4,65%<\/td>\n<td>3,50%<\/td>\n<td>BB+<\/td>\n<td>Ba1<\/td>\n<td>BB+<\/td>\n<td>2,70%<\/td>\n<\/tr>\n<tr>\n<td><strong>Honduras<\/strong><\/td>\n<td>26,83<\/td>\n<td>7,08%<\/td>\n<td>5,75%<\/td>\n<td>BB-<\/td>\n<td>B1<\/td>\n<td>N\/A<\/td>\n<td>5,58%<\/td>\n<\/tr>\n<tr>\n<td><strong>Nicaragua<\/strong><\/td>\n<td>36,62<\/td>\n<td>1,31%<\/td>\n<td>5,75%<\/td>\n<td>B+<\/td>\n<td>B2<\/td>\n<td>B<\/td>\n<td>4,00%<\/td>\n<\/tr>\n<\/tbody>\n<\/table>\n<p style=\"text-align: justify;\"><strong><small>26\/08\/2026 | Fuente: <a href=\"https:\/\/www.secmca.org\/\" target=\"_blank\" rel=\"noopener\">secmca.org<\/a><\/small><\/strong><\/p>\n<hr \/>\n<p style=\"text-align: center;\">Para m\u00e1s informaci\u00f3n, cont\u00e1ctanos en<br \/><a href=\"mailto:info@blplegal.com\">info@blplegal.com<\/a><\/p>\n\n\n\t\t<\/div>\n\n\t\t\n<style>\n#section_1700329350 {\n  padding-top: 30px;\n  padding-bottom: 30px;\n}\n<\/style>\n\t<\/section>\n\t\n\n","protected":false},"excerpt":{"rendered":"","protected":false},"author":3,"featured_media":22342,"comment_status":"closed","ping_status":"open","sticky":false,"template":"","format":"standard","meta":{"_acf_changed":false,"footnotes":""},"categories":[303],"tags":[],"class_list":["post-23493","post","type-post","status-publish","format-standard","has-post-thumbnail","hentry","category-noticias"],"acf":[],"yoast_head":"<!-- This site is optimized with the Yoast SEO plugin v28.3 - https:\/\/yoast.com\/product\/yoast-seo-wordpress\/ -->\n<title>BUSINESS LAW PERSPECTIVES | 20 - 26 AGOSTO, 2026 - BLP Legal<\/title>\n<meta name=\"description\" content=\"El resumen de BLP sobre las noticias y oportunidades regionales m\u00e1s importantes ofrece una visi\u00f3n general del panorama econ\u00f3mico, social y pol\u00edtico de Centroam\u00e9rica con solo un clic.\" \/>\n<meta name=\"robots\" content=\"index, follow, max-snippet:-1, max-image-preview:large, max-video-preview:-1\" \/>\n<link rel=\"canonical\" href=\"https:\/\/blplegal.com\/es\/business-law-perspectives-20-26-agosto-2026\/\" \/>\n<meta property=\"og:locale\" content=\"es_ES\" \/>\n<meta property=\"og:type\" content=\"article\" \/>\n<meta property=\"og:title\" content=\"Business Law Perspectives\" \/>\n<meta property=\"og:description\" content=\"El resumen de BLP sobre las noticias y oportunidades regionales m\u00e1s importantes ofrece una visi\u00f3n general del panorama econ\u00f3mico, social y pol\u00edtico de Centroam\u00e9rica con solo un clic.\" \/>\n<meta property=\"og:url\" content=\"https:\/\/blplegal.com\/es\/business-law-perspectives-20-26-agosto-2026\/\" \/>\n<meta property=\"og:site_name\" content=\"BLP Legal\" \/>\n<meta property=\"article:publisher\" content=\"https:\/\/www.facebook.com\/blplaw\" \/>\n<meta property=\"article:published_time\" content=\"2026-08-26T23:58:50+00:00\" \/>\n<meta property=\"article:modified_time\" content=\"2026-08-27T22:49:48+00:00\" \/>\n<meta property=\"og:image\" content=\"https:\/\/blplegal.com\/wp-content\/uploads\/2026\/05\/noticias-CA-2026-100.jpg\" \/>\n\t<meta property=\"og:image:width\" content=\"1920\" \/>\n\t<meta property=\"og:image:height\" content=\"655\" \/>\n\t<meta property=\"og:image:type\" content=\"image\/jpeg\" \/>\n<meta name=\"author\" content=\"BLP\" \/>\n<meta name=\"twitter:card\" content=\"summary_large_image\" \/>\n<meta name=\"twitter:title\" content=\"Business Law Perspectives\" \/>\n<meta name=\"twitter:description\" content=\"El resumen de BLP sobre las noticias y oportunidades regionales m\u00e1s importantes ofrece una visi\u00f3n general del panorama econ\u00f3mico, social y pol\u00edtico de Centroam\u00e9rica con solo un clic.\" \/>\n<meta name=\"twitter:image\" content=\"https:\/\/blplegal.com\/wp-content\/uploads\/2026\/05\/noticias-CA-2026-100.jpg\" \/>\n<meta name=\"twitter:creator\" content=\"@blplegal\" \/>\n<meta name=\"twitter:site\" content=\"@blplegal\" \/>\n<meta name=\"twitter:label1\" content=\"Escrito por\" \/>\n\t<meta name=\"twitter:data1\" content=\"BLP\" \/>\n\t<meta name=\"twitter:label2\" content=\"Tiempo de lectura\" \/>\n\t<meta name=\"twitter:data2\" content=\"18 minutos\" \/>\n<script type=\"application\/ld+json\" class=\"yoast-schema-graph\">{\"@context\":\"https:\\\/\\\/schema.org\",\"@graph\":[{\"@type\":\"Article\",\"@id\":\"https:\\\/\\\/blplegal.com\\\/es\\\/business-law-perspectives-20-26-agosto-2026\\\/#article\",\"isPartOf\":{\"@id\":\"https:\\\/\\\/blplegal.com\\\/es\\\/business-law-perspectives-20-26-agosto-2026\\\/\"},\"author\":{\"name\":\"BLP\",\"@id\":\"https:\\\/\\\/blplegal.com\\\/es\\\/#\\\/schema\\\/person\\\/f5c4052956a003aa19608c579d61d8d2\"},\"headline\":\"BUSINESS LAW PERSPECTIVES | 20 &#8211; 26 AGOSTO, 2026\",\"datePublished\":\"2026-08-26T23:58:50+00:00\",\"dateModified\":\"2026-08-27T22:49:48+00:00\",\"mainEntityOfPage\":{\"@id\":\"https:\\\/\\\/blplegal.com\\\/es\\\/business-law-perspectives-20-26-agosto-2026\\\/\"},\"wordCount\":4452,\"publisher\":{\"@id\":\"https:\\\/\\\/blplegal.com\\\/es\\\/#organization\"},\"image\":{\"@id\":\"https:\\\/\\\/blplegal.com\\\/es\\\/business-law-perspectives-20-26-agosto-2026\\\/#primaryimage\"},\"thumbnailUrl\":\"https:\\\/\\\/blplegal.com\\\/wp-content\\\/uploads\\\/2026\\\/05\\\/noticias-CA-2026-100.jpg\",\"articleSection\":[\"Noticias\"],\"inLanguage\":\"es\"},{\"@type\":\"WebPage\",\"@id\":\"https:\\\/\\\/blplegal.com\\\/es\\\/business-law-perspectives-20-26-agosto-2026\\\/\",\"url\":\"https:\\\/\\\/blplegal.com\\\/es\\\/business-law-perspectives-20-26-agosto-2026\\\/\",\"name\":\"BUSINESS LAW PERSPECTIVES | 20 - 26 AGOSTO, 2026 - BLP Legal\",\"isPartOf\":{\"@id\":\"https:\\\/\\\/blplegal.com\\\/es\\\/#website\"},\"primaryImageOfPage\":{\"@id\":\"https:\\\/\\\/blplegal.com\\\/es\\\/business-law-perspectives-20-26-agosto-2026\\\/#primaryimage\"},\"image\":{\"@id\":\"https:\\\/\\\/blplegal.com\\\/es\\\/business-law-perspectives-20-26-agosto-2026\\\/#primaryimage\"},\"thumbnailUrl\":\"https:\\\/\\\/blplegal.com\\\/wp-content\\\/uploads\\\/2026\\\/05\\\/noticias-CA-2026-100.jpg\",\"datePublished\":\"2026-08-26T23:58:50+00:00\",\"dateModified\":\"2026-08-27T22:49:48+00:00\",\"description\":\"El resumen de BLP sobre las noticias y oportunidades regionales m\u00e1s importantes ofrece una visi\u00f3n general del panorama econ\u00f3mico, social y pol\u00edtico de Centroam\u00e9rica con solo un clic.\",\"breadcrumb\":{\"@id\":\"https:\\\/\\\/blplegal.com\\\/es\\\/business-law-perspectives-20-26-agosto-2026\\\/#breadcrumb\"},\"inLanguage\":\"es\",\"potentialAction\":[{\"@type\":\"ReadAction\",\"target\":[\"https:\\\/\\\/blplegal.com\\\/es\\\/business-law-perspectives-20-26-agosto-2026\\\/\"]}]},{\"@type\":\"ImageObject\",\"inLanguage\":\"es\",\"@id\":\"https:\\\/\\\/blplegal.com\\\/es\\\/business-law-perspectives-20-26-agosto-2026\\\/#primaryimage\",\"url\":\"https:\\\/\\\/blplegal.com\\\/wp-content\\\/uploads\\\/2026\\\/05\\\/noticias-CA-2026-100.jpg\",\"contentUrl\":\"https:\\\/\\\/blplegal.com\\\/wp-content\\\/uploads\\\/2026\\\/05\\\/noticias-CA-2026-100.jpg\",\"width\":1920,\"height\":655},{\"@type\":\"BreadcrumbList\",\"@id\":\"https:\\\/\\\/blplegal.com\\\/es\\\/business-law-perspectives-20-26-agosto-2026\\\/#breadcrumb\",\"itemListElement\":[{\"@type\":\"ListItem\",\"position\":1,\"name\":\"Home\",\"item\":\"https:\\\/\\\/blplegal.com\\\/es\\\/\"},{\"@type\":\"ListItem\",\"position\":2,\"name\":\"BUSINESS LAW PERSPECTIVES | 20 &#8211; 26 AGOSTO, 2026\"}]},{\"@type\":\"WebSite\",\"@id\":\"https:\\\/\\\/blplegal.com\\\/es\\\/#website\",\"url\":\"https:\\\/\\\/blplegal.com\\\/es\\\/\",\"name\":\"BLP Legal\",\"description\":\"\",\"publisher\":{\"@id\":\"https:\\\/\\\/blplegal.com\\\/es\\\/#organization\"},\"potentialAction\":[{\"@type\":\"SearchAction\",\"target\":{\"@type\":\"EntryPoint\",\"urlTemplate\":\"https:\\\/\\\/blplegal.com\\\/es\\\/?s={search_term_string}\"},\"query-input\":{\"@type\":\"PropertyValueSpecification\",\"valueRequired\":true,\"valueName\":\"search_term_string\"}}],\"inLanguage\":\"es\"},{\"@type\":\"Organization\",\"@id\":\"https:\\\/\\\/blplegal.com\\\/es\\\/#organization\",\"name\":\"BLP Legal\",\"url\":\"https:\\\/\\\/blplegal.com\\\/es\\\/\",\"logo\":{\"@type\":\"ImageObject\",\"inLanguage\":\"es\",\"@id\":\"https:\\\/\\\/blplegal.com\\\/es\\\/#\\\/schema\\\/logo\\\/image\\\/\",\"url\":\"https:\\\/\\\/blplegal.com\\\/wp-content\\\/uploads\\\/2026\\\/02\\\/logo-horizontal-800x121-1.png\",\"contentUrl\":\"https:\\\/\\\/blplegal.com\\\/wp-content\\\/uploads\\\/2026\\\/02\\\/logo-horizontal-800x121-1.png\",\"width\":800,\"height\":121,\"caption\":\"BLP Legal\"},\"image\":{\"@id\":\"https:\\\/\\\/blplegal.com\\\/es\\\/#\\\/schema\\\/logo\\\/image\\\/\"},\"sameAs\":[\"https:\\\/\\\/www.facebook.com\\\/blplaw\",\"https:\\\/\\\/x.com\\\/blplegal\"]},{\"@type\":\"Person\",\"@id\":\"https:\\\/\\\/blplegal.com\\\/es\\\/#\\\/schema\\\/person\\\/f5c4052956a003aa19608c579d61d8d2\",\"name\":\"BLP\",\"url\":\"https:\\\/\\\/blplegal.com\\\/es\\\/author\\\/kvalverde\\\/\"}]}<\/script>\n<!-- \/ Yoast SEO plugin. -->","yoast_head_json":{"title":"BUSINESS LAW PERSPECTIVES | 20 - 26 AGOSTO, 2026 - BLP Legal","description":"El resumen de BLP sobre las noticias y oportunidades regionales m\u00e1s importantes ofrece una visi\u00f3n general del panorama econ\u00f3mico, social y pol\u00edtico de Centroam\u00e9rica con solo un clic.","robots":{"index":"index","follow":"follow","max-snippet":"max-snippet:-1","max-image-preview":"max-image-preview:large","max-video-preview":"max-video-preview:-1"},"canonical":"https:\/\/blplegal.com\/es\/business-law-perspectives-20-26-agosto-2026\/","og_locale":"es_ES","og_type":"article","og_title":"Business Law Perspectives","og_description":"El resumen de BLP sobre las noticias y oportunidades regionales m\u00e1s importantes ofrece una visi\u00f3n general del panorama econ\u00f3mico, social y pol\u00edtico de Centroam\u00e9rica con solo un clic.","og_url":"https:\/\/blplegal.com\/es\/business-law-perspectives-20-26-agosto-2026\/","og_site_name":"BLP Legal","article_publisher":"https:\/\/www.facebook.com\/blplaw","article_published_time":"2026-08-26T23:58:50+00:00","article_modified_time":"2026-08-27T22:49:48+00:00","og_image":[{"width":1920,"height":655,"url":"https:\/\/blplegal.com\/wp-content\/uploads\/2026\/05\/noticias-CA-2026-100.jpg","type":"image\/jpeg"}],"author":"BLP","twitter_card":"summary_large_image","twitter_title":"Business Law Perspectives","twitter_description":"El resumen de BLP sobre las noticias y oportunidades regionales m\u00e1s importantes ofrece una visi\u00f3n general del panorama econ\u00f3mico, social y pol\u00edtico de Centroam\u00e9rica con solo un clic.","twitter_image":"https:\/\/blplegal.com\/wp-content\/uploads\/2026\/05\/noticias-CA-2026-100.jpg","twitter_creator":"@blplegal","twitter_site":"@blplegal","twitter_misc":{"Escrito por":"BLP","Tiempo de lectura":"18 minutos"},"schema":{"@context":"https:\/\/schema.org","@graph":[{"@type":"Article","@id":"https:\/\/blplegal.com\/es\/business-law-perspectives-20-26-agosto-2026\/#article","isPartOf":{"@id":"https:\/\/blplegal.com\/es\/business-law-perspectives-20-26-agosto-2026\/"},"author":{"name":"BLP","@id":"https:\/\/blplegal.com\/es\/#\/schema\/person\/f5c4052956a003aa19608c579d61d8d2"},"headline":"BUSINESS LAW PERSPECTIVES | 20 &#8211; 26 AGOSTO, 2026","datePublished":"2026-08-26T23:58:50+00:00","dateModified":"2026-08-27T22:49:48+00:00","mainEntityOfPage":{"@id":"https:\/\/blplegal.com\/es\/business-law-perspectives-20-26-agosto-2026\/"},"wordCount":4452,"publisher":{"@id":"https:\/\/blplegal.com\/es\/#organization"},"image":{"@id":"https:\/\/blplegal.com\/es\/business-law-perspectives-20-26-agosto-2026\/#primaryimage"},"thumbnailUrl":"https:\/\/blplegal.com\/wp-content\/uploads\/2026\/05\/noticias-CA-2026-100.jpg","articleSection":["Noticias"],"inLanguage":"es"},{"@type":"WebPage","@id":"https:\/\/blplegal.com\/es\/business-law-perspectives-20-26-agosto-2026\/","url":"https:\/\/blplegal.com\/es\/business-law-perspectives-20-26-agosto-2026\/","name":"BUSINESS LAW PERSPECTIVES | 20 - 26 AGOSTO, 2026 - BLP Legal","isPartOf":{"@id":"https:\/\/blplegal.com\/es\/#website"},"primaryImageOfPage":{"@id":"https:\/\/blplegal.com\/es\/business-law-perspectives-20-26-agosto-2026\/#primaryimage"},"image":{"@id":"https:\/\/blplegal.com\/es\/business-law-perspectives-20-26-agosto-2026\/#primaryimage"},"thumbnailUrl":"https:\/\/blplegal.com\/wp-content\/uploads\/2026\/05\/noticias-CA-2026-100.jpg","datePublished":"2026-08-26T23:58:50+00:00","dateModified":"2026-08-27T22:49:48+00:00","description":"El resumen de BLP sobre las noticias y oportunidades regionales m\u00e1s importantes ofrece una visi\u00f3n general del panorama econ\u00f3mico, social y pol\u00edtico de Centroam\u00e9rica con solo un clic.","breadcrumb":{"@id":"https:\/\/blplegal.com\/es\/business-law-perspectives-20-26-agosto-2026\/#breadcrumb"},"inLanguage":"es","potentialAction":[{"@type":"ReadAction","target":["https:\/\/blplegal.com\/es\/business-law-perspectives-20-26-agosto-2026\/"]}]},{"@type":"ImageObject","inLanguage":"es","@id":"https:\/\/blplegal.com\/es\/business-law-perspectives-20-26-agosto-2026\/#primaryimage","url":"https:\/\/blplegal.com\/wp-content\/uploads\/2026\/05\/noticias-CA-2026-100.jpg","contentUrl":"https:\/\/blplegal.com\/wp-content\/uploads\/2026\/05\/noticias-CA-2026-100.jpg","width":1920,"height":655},{"@type":"BreadcrumbList","@id":"https:\/\/blplegal.com\/es\/business-law-perspectives-20-26-agosto-2026\/#breadcrumb","itemListElement":[{"@type":"ListItem","position":1,"name":"Home","item":"https:\/\/blplegal.com\/es\/"},{"@type":"ListItem","position":2,"name":"BUSINESS LAW PERSPECTIVES | 20 &#8211; 26 AGOSTO, 2026"}]},{"@type":"WebSite","@id":"https:\/\/blplegal.com\/es\/#website","url":"https:\/\/blplegal.com\/es\/","name":"BLP Legal","description":"","publisher":{"@id":"https:\/\/blplegal.com\/es\/#organization"},"potentialAction":[{"@type":"SearchAction","target":{"@type":"EntryPoint","urlTemplate":"https:\/\/blplegal.com\/es\/?s={search_term_string}"},"query-input":{"@type":"PropertyValueSpecification","valueRequired":true,"valueName":"search_term_string"}}],"inLanguage":"es"},{"@type":"Organization","@id":"https:\/\/blplegal.com\/es\/#organization","name":"BLP Legal","url":"https:\/\/blplegal.com\/es\/","logo":{"@type":"ImageObject","inLanguage":"es","@id":"https:\/\/blplegal.com\/es\/#\/schema\/logo\/image\/","url":"https:\/\/blplegal.com\/wp-content\/uploads\/2026\/02\/logo-horizontal-800x121-1.png","contentUrl":"https:\/\/blplegal.com\/wp-content\/uploads\/2026\/02\/logo-horizontal-800x121-1.png","width":800,"height":121,"caption":"BLP Legal"},"image":{"@id":"https:\/\/blplegal.com\/es\/#\/schema\/logo\/image\/"},"sameAs":["https:\/\/www.facebook.com\/blplaw","https:\/\/x.com\/blplegal"]},{"@type":"Person","@id":"https:\/\/blplegal.com\/es\/#\/schema\/person\/f5c4052956a003aa19608c579d61d8d2","name":"BLP","url":"https:\/\/blplegal.com\/es\/author\/kvalverde\/"}]}},"_links":{"self":[{"href":"https:\/\/blplegal.com\/es\/wp-json\/wp\/v2\/posts\/23493","targetHints":{"allow":["GET"]}}],"collection":[{"href":"https:\/\/blplegal.com\/es\/wp-json\/wp\/v2\/posts"}],"about":[{"href":"https:\/\/blplegal.com\/es\/wp-json\/wp\/v2\/types\/post"}],"author":[{"embeddable":true,"href":"https:\/\/blplegal.com\/es\/wp-json\/wp\/v2\/users\/3"}],"replies":[{"embeddable":true,"href":"https:\/\/blplegal.com\/es\/wp-json\/wp\/v2\/comments?post=23493"}],"version-history":[{"count":0,"href":"https:\/\/blplegal.com\/es\/wp-json\/wp\/v2\/posts\/23493\/revisions"}],"wp:featuredmedia":[{"embeddable":true,"href":"https:\/\/blplegal.com\/es\/wp-json\/wp\/v2\/media\/22342"}],"wp:attachment":[{"href":"https:\/\/blplegal.com\/es\/wp-json\/wp\/v2\/media?parent=23493"}],"wp:term":[{"taxonomy":"category","embeddable":true,"href":"https:\/\/blplegal.com\/es\/wp-json\/wp\/v2\/categories?post=23493"},{"taxonomy":"post_tag","embeddable":true,"href":"https:\/\/blplegal.com\/es\/wp-json\/wp\/v2\/tags?post=23493"}],"curies":[{"name":"wp","href":"https:\/\/api.w.org\/{rel}","templated":true}]}}