{"id":23467,"date":"2026-08-21T15:15:59","date_gmt":"2026-08-21T21:15:59","guid":{"rendered":"https:\/\/blplegal.com\/?p=23467"},"modified":"2026-08-21T15:49:26","modified_gmt":"2026-08-21T21:49:26","slug":"concesion-vial-san-jose-cartago-costa-rica","status":"publish","type":"post","link":"https:\/\/blplegal.com\/es\/concesion-vial-san-jose-cartago-costa-rica\/","title":{"rendered":"Costa Rica prepara licitaci\u00f3n para la ampliaci\u00f3n de la ruta San Jos\u00e9 \u2013 Cartago"},"content":{"rendered":"\n\t<div id=\"text-3085623086\" class=\"text justified-text\">\n\t\t\n\n<p>\n<link rel=\"stylesheet\" href=\"https:\/\/fonts.googleapis.com\/css2?family=Outfit:wght@400;500;600;700&#038;display=swap\" \/>\n<div style=\"font-family: 'Outfit', sans-serif; max-width: 860px; margin: 0 auto; color: #1a1a1a; line-height: 1.55;\">\n<div style=\"font-family: 'Outfit', sans-serif; display: flex; flex-wrap: wrap; justify-content: space-between; gap: 20px; margin-bottom: 26px;\">\n<div style=\"font-family: 'Outfit', sans-serif; flex: 1 1 240px; border-bottom: 2px solid #ff6800; padding-bottom: 6px;\"><span style=\"font-family: 'Outfit', sans-serif; font-size: 12px; font-weight: 700; letter-spacing: 1.6px; text-transform: uppercase; color: #1a1a1a;\">Teaser de Proyecto<\/span><\/div>\n<div style=\"font-family: 'Outfit', sans-serif; flex: 1 1 240px; border-bottom: 2px solid #ff6800; padding-bottom: 6px; text-align: right;\"><span style=\"font-family: 'Outfit', sans-serif; font-size: 12px; font-weight: 700; letter-spacing: 1.6px; text-transform: uppercase; color: #1a1a1a;\">Concesi\u00f3n Vial<\/span><\/div>\n<\/div>\n<div style=\"font-family: 'Outfit', sans-serif; background-color: #141414; padding: 34px 36px 30px 36px; margin-bottom: 30px;\">\n<p style=\"font-family: 'Outfit', sans-serif; margin: 0 0 14px 0; font-size: 13px; font-weight: 700; letter-spacing: 1.4px; text-transform: uppercase; color: #ff6800;\">Oportunidad de participaci\u00f3n en concesi\u00f3n de obra p\u00fablica<\/p>\n<h2 style=\"font-family: 'Outfit', sans-serif; margin: 0 0 14px 0; font-size: 30px; line-height: 1.2; font-weight: 700; color: #ffffff;\">Costa Rica prepara licitaci\u00f3n para la ampliaci\u00f3n de la ruta San Jos\u00e9 \u2013 Cartago<\/h2>\n<p style=\"font-family: 'Outfit', sans-serif; margin: 0; font-size: 15px; color: #e6e6e6;\">El proyecto contempla la modernizaci\u00f3n de una de las principales v\u00edas de conexi\u00f3n entre San Jos\u00e9 y Cartago, estructurada como concesi\u00f3n de obra p\u00fablica con iniciativa privada ya aprobada por el MOPT para avanzar hacia la licitaci\u00f3n.<\/p>\n<\/div>\n<div style=\"font-family: 'Outfit', sans-serif; display: flex; flex-wrap: wrap; border: 1px solid #dcdcdc; margin-bottom: 30px;\">\n<div style=\"font-family: 'Outfit', sans-serif; flex: 1 1 200px; padding: 22px 20px; border-right: 1px solid #dcdcdc;\">\n<p style=\"font-family: 'Outfit', sans-serif; margin: 0 0 8px 0; font-size: 24px; font-weight: 700; color: #1a1a1a;\">US$416,36M<\/p>\n<div style=\"font-family: 'Outfit', sans-serif; border-top: 2px solid #ff6800; padding-top: 8px;\"><span style=\"font-family: 'Outfit', sans-serif; font-size: 11px; font-weight: 700; letter-spacing: 1.2px; text-transform: uppercase; color: #444444;\">Costo de referencia \u2014 CNC<\/span><\/div>\n<\/div>\n<div style=\"font-family: 'Outfit', sans-serif; flex: 1 1 200px; padding: 22px 20px; border-right: 1px solid #dcdcdc;\">\n<p style=\"font-family: 'Outfit', sans-serif; margin: 0 0 8px 0; font-size: 24px; font-weight: 700; color: #1a1a1a;\">US$614M<\/p>\n<div style=\"font-family: 'Outfit', sans-serif; border-top: 2px solid #ff6800; padding-top: 8px;\"><span style=\"font-family: 'Outfit', sans-serif; font-size: 11px; font-weight: 700; letter-spacing: 1.2px; text-transform: uppercase; color: #444444;\">Inversi\u00f3n inicial \u2014 MOPT<\/span><\/div>\n<\/div>\n<div style=\"font-family: 'Outfit', sans-serif; flex: 1 1 200px; padding: 22px 20px;\">\n<p style=\"font-family: 'Outfit', sans-serif; margin: 0 0 8px 0; font-size: 24px; font-weight: 700; color: #1a1a1a;\">25 a\u00f1os<\/p>\n<div style=\"font-family: 'Outfit', sans-serif; border-top: 2px solid #ff6800; padding-top: 8px;\"><span style=\"font-family: 'Outfit', sans-serif; font-size: 11px; font-weight: 700; letter-spacing: 1.2px; text-transform: uppercase; color: #444444;\">Plazo de concesi\u00f3n \u2014 CNC<\/span><\/div>\n<\/div>\n<\/div>\n<hr style=\"font-family: 'Outfit', sans-serif; border: 0; border-top: 2px solid #ff6800; margin: 0 0 26px 0;\" \/>\n<h3 style=\"font-family: 'Outfit', sans-serif; margin: 0 0 14px 0; font-size: 20px; font-weight: 700; text-transform: uppercase; color: #1a1a1a;\">Por qu\u00e9 este proyecto capta la atenci\u00f3n del mercado<\/h3>\n<p style=\"font-family: 'Outfit', sans-serif; margin: 0 0 18px 0; text-align: justify; font-size: 15px;\">El Proyecto de Ampliaci\u00f3n y Mejoramiento del Corredor Vial San Jos\u00e9 \u2013 Cartago corresponde a la modernizaci\u00f3n de la Autopista Florencio del Castillo, una de las principales v\u00edas de conexi\u00f3n entre San Jos\u00e9 y Cartago, estructurada mediante concesi\u00f3n de obra p\u00fablica.<\/p>\n<div style=\"font-family: 'Outfit', sans-serif; border-left: 4px solid #ff6800; padding: 0 0 0 12px; margin: 0 0 12px 0;\">\n<p style=\"font-family: 'Outfit', sans-serif; margin: 0; text-align: justify; font-size: 15px;\">Iniciativa privada ya aprobada por el MOPT para avanzar hacia la licitaci\u00f3n de la ampliaci\u00f3n y mejora de la carretera Florencio del Castillo.<\/p>\n<\/div>\n<div style=\"font-family: 'Outfit', sans-serif; border-left: 4px solid #ff6800; padding: 0 0 0 12px; margin: 0 0 12px 0;\">\n<p style=\"font-family: 'Outfit', sans-serif; margin: 0; text-align: justify; font-size: 15px;\">Plazo de concesi\u00f3n de 25 a\u00f1os, seg\u00fan lo referido por el Consejo Nacional de Concesiones (CNC).<\/p>\n<\/div>\n<div style=\"font-family: 'Outfit', sans-serif; border-left: 4px solid #ff6800; padding: 0 0 0 12px; margin: 0 0 12px 0;\">\n<p style=\"font-family: 'Outfit', sans-serif; margin: 0; text-align: justify; font-size: 15px;\">Intervenci\u00f3n estrat\u00e9gica sobre uno de los corredores m\u00e1s congestionados del pa\u00eds, incluyendo un paso a desnivel o viaducto entre Hacienda Vieja (Curridabat) y la rotonda de Garant\u00edas Sociales (Zapote).<\/p>\n<\/div>\n<div style=\"font-family: 'Outfit', sans-serif; border-left: 4px solid #ff6800; padding: 0 0 0 12px; margin: 0 0 12px 0;\">\n<p style=\"font-family: 'Outfit', sans-serif; margin: 0; text-align: justify; font-size: 15px;\">Esquema de desarrollo por fases apuntado en comunicaciones recientes, a confirmar en el cartel definitivo.<\/p>\n<\/div>\n<div style=\"font-family: 'Outfit', sans-serif; border-left: 4px solid #ff6800; padding: 0 0 0 12px; margin: 0 0 26px 0;\">\n<p style=\"font-family: 'Outfit', sans-serif; margin: 0; text-align: justify; font-size: 15px;\">Cartel en preparaci\u00f3n: el MOPT ha se\u00f1alado su publicaci\u00f3n para el segundo semestre de 2026, con referencias a setiembre u octubre, lo que abre una ventana pr\u00f3xima para el an\u00e1lisis t\u00e9cnico.<\/p>\n<\/div>\n<h3 style=\"font-family: 'Outfit', sans-serif; margin: 0 0 14px 0; font-size: 20px; font-weight: 700; text-transform: uppercase; color: #1a1a1a;\">Alcance preliminar de las obras<\/h3>\n<p style=\"font-family: 'Outfit', sans-serif; margin: 0 0 14px 0; text-align: justify; font-size: 15px;\">El proyecto pretende intervenir la Autopista Florencio del Castillo, en una extensi\u00f3n de aproximadamente 24,3 kil\u00f3metros, ampliando la capacidad vial del corredor San Jos\u00e9 \u2013 Cartago, e incluye la ampliaci\u00f3n de la carretera a tres carriles por sentido en determinados tramos, as\u00ed como mejoras funcionales en puentes, pasos a desnivel, intercambios, bah\u00edas de autobuses y obras complementarias.<\/p>\n<p style=\"font-family: 'Outfit', sans-serif; margin: 0 0 26px 0; text-align: justify; font-size: 15px;\">Uno de los componentes m\u00e1s relevantes es la conexi\u00f3n entre Hacienda Vieja, en Curridabat, y la rotonda de las Garant\u00edas Sociales, en Zapote, mediante un paso a desnivel o viaducto orientado a mejorar la conexi\u00f3n hacia Cartago y reducir la congesti\u00f3n en uno de los puntos m\u00e1s cr\u00edticos del corredor. Las comunicaciones recientes describen un esquema por fases: la primera abarcar\u00eda el tramo entre Hacienda Vieja y el inicio del proyecto Taras \u2013 La Lima, en Ochomogo, y la segunda comprender\u00eda el viaducto entre Hacienda Vieja y Garant\u00edas Sociales. Esta estructura deber\u00e1 confirmarse en el cartel definitivo.<\/p>\n<hr style=\"font-family: 'Outfit', sans-serif; border: 0; border-top: 2px solid #ff6800; margin: 0 0 26px 0;\" \/>\n<h3 style=\"font-family: 'Outfit', sans-serif; margin: 0 0 14px 0; font-size: 20px; font-weight: 700; text-transform: uppercase; color: #1a1a1a;\">Aspectos pendientes de definici\u00f3n en el cartel<\/h3>\n<p style=\"font-family: 'Outfit', sans-serif; margin: 0 0 18px 0; text-align: justify; font-size: 15px;\">Los siguientes elementos a\u00fan deben precisarse en el cartel definitivo y conviene monitorear de cerca:<\/p>\n<div style=\"font-family: 'Outfit', sans-serif; border-left: 4px solid #ff6800; padding: 0 0 0 12px; margin: 0 0 10px 0;\">\n<p style=\"font-family: 'Outfit', sans-serif; margin: 0; font-size: 15px;\">Alcance definitivo de la concesi\u00f3n y obras incluidas, y si se licita como contrato \u00fanico o mediante fases diferenciadas.<\/p>\n<\/div>\n<div style=\"font-family: 'Outfit', sans-serif; border-left: 4px solid #ff6800; padding: 0 0 0 12px; margin: 0 0 10px 0;\">\n<p style=\"font-family: 'Outfit', sans-serif; margin: 0; font-size: 15px;\">R\u00e9gimen aplicable a la iniciativa privada y derechos del proponente original.<\/p>\n<\/div>\n<div style=\"font-family: 'Outfit', sans-serif; border-left: 4px solid #ff6800; padding: 0 0 0 12px; margin: 0 0 10px 0;\">\n<p style=\"font-family: 'Outfit', sans-serif; margin: 0; font-size: 15px;\">Requisitos de experiencia t\u00e9cnica en dise\u00f1o, construcci\u00f3n, operaci\u00f3n y mantenimiento de carreteras concesionadas.<\/p>\n<\/div>\n<div style=\"font-family: 'Outfit', sans-serif; border-left: 4px solid #ff6800; padding: 0 0 0 12px; margin: 0 0 10px 0;\">\n<p style=\"font-family: 'Outfit', sans-serif; margin: 0; font-size: 15px;\">Capacidad financiera m\u00ednima, estructura de financiamiento y obligaciones de cierre financiero.<\/p>\n<\/div>\n<div style=\"font-family: 'Outfit', sans-serif; border-left: 4px solid #ff6800; padding: 0 0 0 12px; margin: 0 0 10px 0;\">\n<p style=\"font-family: 'Outfit', sans-serif; margin: 0; font-size: 15px;\">Modelo de ingresos, peajes, reajustes tarifarios, eventual aporte estatal e intervenci\u00f3n de ARESEP en materia tarifaria.<\/p>\n<\/div>\n<div style=\"font-family: 'Outfit', sans-serif; border-left: 4px solid #ff6800; padding: 0 0 0 12px; margin: 0 0 10px 0;\">\n<p style=\"font-family: 'Outfit', sans-serif; margin: 0; font-size: 15px;\">R\u00e9gimen de garant\u00edas, multas, plazo contractual, terminaci\u00f3n anticipada y distribuci\u00f3n de riesgos.<\/p>\n<\/div>\n<div style=\"font-family: 'Outfit', sans-serif; border-left: 4px solid #ff6800; padding: 0 0 0 12px; margin: 0 0 10px 0;\">\n<p style=\"font-family: 'Outfit', sans-serif; margin: 0; font-size: 15px;\">Reglas de consorcios, subcontrataci\u00f3n, cesi\u00f3n de participaci\u00f3n y experiencia acumulada.<\/p>\n<\/div>\n<div style=\"font-family: 'Outfit', sans-serif; border-left: 4px solid #ff6800; padding: 0 0 0 12px; margin: 0 0 30px 0;\">\n<p style=\"font-family: 'Outfit', sans-serif; margin: 0; text-align: justify; font-size: 15px;\">Cronograma de consultas, aclaraciones, presentaci\u00f3n de ofertas y adjudicaci\u00f3n, y mecanismos de impugnaci\u00f3n.<\/p>\n<\/div>\n<div style=\"font-family: 'Outfit', sans-serif; background-color: #141414; padding: 30px 34px; margin-bottom: 30px;\">\n<p style=\"font-family: 'Outfit', sans-serif; margin: 0 0 12px 0; font-size: 12px; font-weight: 700; letter-spacing: 1.4px; text-transform: uppercase; color: #ff6800;\">Marco legal<\/p>\n<hr style=\"font-family: 'Outfit', sans-serif; border: 0; border-top: 1px solid #ff6800; margin: 0 0 16px 0;\" \/>\n<p style=\"font-family: 'Outfit', sans-serif; margin: 0 0 14px 0; font-size: 17px; font-weight: 700; color: #ffffff;\">Modalidad de contrataci\u00f3n: concesi\u00f3n de obra p\u00fablica<\/p>\n<p style=\"font-family: 'Outfit', sans-serif; margin: 0 0 14px 0; text-align: justify; font-size: 14px; color: #e6e6e6;\">El proyecto se estructura como una concesi\u00f3n de obra p\u00fablica, bajo la Ley General de Concesi\u00f3n de Obras P\u00fablicas con Servicios P\u00fablicos, Ley N.\u00b0 7762, que constituye el marco normativo general para este tipo de contratos.<\/p>\n<p style=\"font-family: 'Outfit', sans-serif; margin: 0 0 14px 0; text-align: justify; font-size: 14px; color: #e6e6e6;\">Adem\u00e1s de dicha ley y su reglamentaci\u00f3n, ser\u00e1 indispensable revisar el cartel definitivo, las reglas espec\u00edficas de la iniciativa privada, el tratamiento de los estudios del proponente, el modelo financiero, el esquema de peajes, la eventual participaci\u00f3n de ARESEP y las condiciones de distribuci\u00f3n de riesgos entre la Administraci\u00f3n y el futuro concesionario.<\/p>\n<p style=\"font-family: 'Outfit', sans-serif; margin: 0; font-size: 12px; font-style: italic; color: #b3b3b3;\">Fuente: Ley N.\u00b0 7762, Ley General de Concesi\u00f3n de Obras P\u00fablicas con Servicios P\u00fablicos.<\/p>\n<\/div>\n<hr style=\"font-family: 'Outfit', sans-serif; border: 0; border-top: 2px solid #ff6800; margin: 0 0 22px 0;\" \/>\n<h3 style=\"font-family: 'Outfit', sans-serif; margin: 0 0 16px 0; font-size: 20px; font-weight: 700; text-transform: uppercase; color: #1a1a1a;\">Portfolio snapshot<\/h3>\n<table style=\"font-family: 'Outfit', sans-serif; width: 100%; border-collapse: collapse; margin-bottom: 30px;\">\n<tbody>\n<tr>\n<td style=\"font-family: 'Outfit', sans-serif; width: 30%; background-color: #f2f2f2; border: 1px solid #dcdcdc; padding: 10px 14px; font-size: 14px; font-weight: 700;\">Proyecto<\/td>\n<td style=\"font-family: 'Outfit', sans-serif; border: 1px solid #dcdcdc; padding: 10px 14px; font-size: 14px;\">Corredor Vial San Jos\u00e9 \u2013 Cartago \/ Ampliaci\u00f3n de la Autopista Florencio del Castillo<\/td>\n<\/tr>\n<tr>\n<td style=\"font-family: 'Outfit', sans-serif; background-color: #f2f2f2; border: 1px solid #dcdcdc; padding: 10px 14px; font-size: 14px; font-weight: 700;\">Ubicaci\u00f3n<\/td>\n<td style=\"font-family: 'Outfit', sans-serif; border: 1px solid #dcdcdc; padding: 10px 14px; font-size: 14px;\">Corredor vial entre San Jos\u00e9 y Cartago, sobre la actual Autopista Florencio del Castillo<\/td>\n<\/tr>\n<tr>\n<td style=\"font-family: 'Outfit', sans-serif; background-color: #f2f2f2; border: 1px solid #dcdcdc; padding: 10px 14px; font-size: 14px; font-weight: 700;\">Modalidad prevista<\/td>\n<td style=\"font-family: 'Outfit', sans-serif; border: 1px solid #dcdcdc; padding: 10px 14px; font-size: 14px;\">Concesi\u00f3n de obra p\u00fablica<\/td>\n<\/tr>\n<tr>\n<td style=\"font-family: 'Outfit', sans-serif; background-color: #f2f2f2; border: 1px solid #dcdcdc; padding: 10px 14px; font-size: 14px; font-weight: 700;\">Extensi\u00f3n de intervenci\u00f3n<\/td>\n<td style=\"font-family: 'Outfit', sans-serif; border: 1px solid #dcdcdc; padding: 10px 14px; font-size: 14px;\">Aproximadamente 24,3 kil\u00f3metros<\/td>\n<\/tr>\n<tr>\n<td style=\"font-family: 'Outfit', sans-serif; background-color: #f2f2f2; border: 1px solid #dcdcdc; padding: 10px 14px; font-size: 14px; font-weight: 700;\">Plazo de concesi\u00f3n referido por el CNC<\/td>\n<td style=\"font-family: 'Outfit', sans-serif; border: 1px solid #dcdcdc; padding: 10px 14px; font-size: 14px;\">25 a\u00f1os<\/td>\n<\/tr>\n<tr>\n<td style=\"font-family: 'Outfit', sans-serif; background-color: #f2f2f2; border: 1px solid #dcdcdc; padding: 10px 14px; font-size: 14px; font-weight: 700;\">Costo de referencia del CNC<\/td>\n<td style=\"font-family: 'Outfit', sans-serif; border: 1px solid #dcdcdc; padding: 10px 14px; font-size: 14px;\">US$416.360.000,00, sujeto a revisi\u00f3n de estudios de factibilidad<\/td>\n<\/tr>\n<tr>\n<td style=\"font-family: 'Outfit', sans-serif; background-color: #f2f2f2; border: 1px solid #dcdcdc; padding: 10px 14px; font-size: 14px; font-weight: 700;\">Inversi\u00f3n inicial indicada por el MOPT<\/td>\n<td style=\"font-family: 'Outfit', sans-serif; border: 1px solid #dcdcdc; padding: 10px 14px; font-size: 14px;\">US$614.000.000, seg\u00fan comunicaci\u00f3n institucional de setiembre de 2025<\/td>\n<\/tr>\n<tr>\n<td style=\"font-family: 'Outfit', sans-serif; background-color: #f2f2f2; border: 1px solid #dcdcdc; padding: 10px 14px; font-size: 14px; font-weight: 700;\">Otras referencias p\u00fablicas recientes<\/td>\n<td style=\"font-family: 'Outfit', sans-serif; border: 1px solid #dcdcdc; padding: 10px 14px; font-size: 14px;\">Estimaciones cercanas a US$500 millones o superiores; el monto definitivo deber\u00e1 confirmarse con el cartel y el modelo financiero<\/td>\n<\/tr>\n<tr>\n<td style=\"font-family: 'Outfit', sans-serif; background-color: #f2f2f2; border: 1px solid #dcdcdc; padding: 10px 14px; font-size: 14px; font-weight: 700;\">Estado actual<\/td>\n<td style=\"font-family: 'Outfit', sans-serif; border: 1px solid #dcdcdc; padding: 10px 14px; font-size: 14px;\">Etapa de proposici\u00f3n y revisi\u00f3n de estudios de factibilidad; no se identifica un cartel definitivo publicado<\/td>\n<\/tr>\n<tr>\n<td style=\"font-family: 'Outfit', sans-serif; background-color: #f2f2f2; border: 1px solid #dcdcdc; padding: 10px 14px; font-size: 14px; font-weight: 700;\">Fecha esperada de cartel<\/td>\n<td style=\"font-family: 'Outfit', sans-serif; border: 1px solid #dcdcdc; padding: 10px 14px; font-size: 14px;\">Segundo semestre de 2026, con referencias a setiembre u octubre para la publicaci\u00f3n o lanzamiento del proceso<\/td>\n<\/tr>\n<\/tbody>\n<\/table>\n<div style=\"font-family: 'Outfit', sans-serif; background-color: #141414; padding: 30px 34px;\">\n<p style=\"font-family: 'Outfit', sans-serif; margin: 0 0 16px 0; font-size: 17px; font-weight: 700; color: #ffffff;\">\u00bfLe interesa dar seguimiento a este proceso o recibir el an\u00e1lisis del cartel apenas se publique?<\/p>\n<p style=\"font-family: 'Outfit', sans-serif; margin: 0; font-size: 15px; color: #ffffff;\">Cont\u00e1ctenos: <a style=\"font-family: 'Outfit', sans-serif; color: #ff6800; font-weight: 700; text-decoration: none;\" href=\"mailto:info@blplegal.com\">info@blplegal.com<\/a><\/p>\n<\/div>\n<\/div>\n<p><\/p>\n\n\t\t\t<\/div>\n\t\n\n","protected":false},"excerpt":{"rendered":"","protected":false},"author":3,"featured_media":23466,"comment_status":"closed","ping_status":"closed","sticky":false,"template":"","format":"standard","meta":{"_acf_changed":false,"footnotes":""},"categories":[259,286,273,312],"tags":[],"class_list":["post-23467","post","type-post","status-publish","format-standard","has-post-thumbnail","hentry","category-costa-rica","category-derecho-publico-contratacion-administrativa-y-regulacion-economica","category-energia-e-infraestructura","category-newsflash"],"acf":[],"yoast_head":"<!-- This site is optimized with the Yoast SEO plugin v28.3 - https:\/\/yoast.com\/product\/yoast-seo-wordpress\/ -->\n<title>Costa Rica prepara licitaci\u00f3n para la ampliaci\u00f3n de la ruta San Jos\u00e9 \u2013 Cartago - BLP Legal<\/title>\n<meta name=\"description\" content=\"Costa Rica prepara concesi\u00f3n de obra p\u00fablica para ampliar la Autopista Florencio del Castillo (San Jos\u00e9\u2013Cartago). Cartel esperado en el segundo semestre de 2026.\" \/>\n<meta name=\"robots\" content=\"index, follow, max-snippet:-1, max-image-preview:large, max-video-preview:-1\" \/>\n<link rel=\"canonical\" href=\"https:\/\/blplegal.com\/es\/concesion-vial-san-jose-cartago-costa-rica\/\" \/>\n<meta property=\"og:locale\" content=\"es_ES\" \/>\n<meta property=\"og:type\" content=\"article\" \/>\n<meta property=\"og:title\" content=\"Costa Rica prepara licitaci\u00f3n para la ampliaci\u00f3n de la ruta San Jos\u00e9 \u2013 Cartago\" \/>\n<meta property=\"og:description\" content=\"Costa Rica prepara concesi\u00f3n de obra p\u00fablica para ampliar la Autopista Florencio del Castillo (San Jos\u00e9\u2013Cartago). Cartel esperado en el segundo semestre de 2026.\" \/>\n<meta property=\"og:url\" content=\"https:\/\/blplegal.com\/es\/concesion-vial-san-jose-cartago-costa-rica\/\" \/>\n<meta property=\"og:site_name\" content=\"BLP Legal\" \/>\n<meta property=\"article:publisher\" content=\"https:\/\/www.facebook.com\/blplaw\" \/>\n<meta property=\"article:published_time\" content=\"2026-08-21T21:15:59+00:00\" \/>\n<meta property=\"article:modified_time\" content=\"2026-08-21T21:49:26+00:00\" \/>\n<meta property=\"og:image\" content=\"https:\/\/blplegal.com\/wp-content\/uploads\/2026\/08\/NF-Costa-Rica-prepara-licitacion-para-la-ampliacion-de-la-ruta-San-Jose-\u2013-CartagoCR_BLOG-scaled.jpg\" \/>\n\t<meta property=\"og:image:width\" content=\"2560\" \/>\n\t<meta property=\"og:image:height\" content=\"873\" \/>\n\t<meta property=\"og:image:type\" content=\"image\/jpeg\" \/>\n<meta name=\"author\" content=\"BLP\" \/>\n<meta name=\"twitter:card\" content=\"summary_large_image\" \/>\n<meta name=\"twitter:title\" content=\"Costa Rica prepara licitaci\u00f3n para la ampliaci\u00f3n de la ruta San Jos\u00e9 \u2013 Cartago\" \/>\n<meta name=\"twitter:description\" content=\"Costa Rica prepara concesi\u00f3n de obra p\u00fablica para ampliar la Autopista Florencio del Castillo (San Jos\u00e9\u2013Cartago). Cartel esperado en el segundo semestre de 2026.\" \/>\n<meta name=\"twitter:image\" content=\"https:\/\/blplegal.com\/wp-content\/uploads\/2026\/08\/NF-Costa-Rica-prepara-licitacion-para-la-ampliacion-de-la-ruta-San-Jose-\u2013-CartagoCR_BLOG-scaled.jpg\" \/>\n<meta name=\"twitter:creator\" content=\"@blplegal\" \/>\n<meta name=\"twitter:site\" content=\"@blplegal\" \/>\n<meta name=\"twitter:label1\" content=\"Escrito por\" \/>\n\t<meta name=\"twitter:data1\" content=\"BLP\" \/>\n\t<meta name=\"twitter:label2\" content=\"Tiempo de lectura\" \/>\n\t<meta name=\"twitter:data2\" content=\"4 minutos\" \/>\n<script type=\"application\/ld+json\" class=\"yoast-schema-graph\">{\"@context\":\"https:\\\/\\\/schema.org\",\"@graph\":[{\"@type\":\"Article\",\"@id\":\"https:\\\/\\\/blplegal.com\\\/es\\\/concesion-vial-san-jose-cartago-costa-rica\\\/#article\",\"isPartOf\":{\"@id\":\"https:\\\/\\\/blplegal.com\\\/es\\\/concesion-vial-san-jose-cartago-costa-rica\\\/\"},\"author\":{\"name\":\"BLP\",\"@id\":\"https:\\\/\\\/blplegal.com\\\/es\\\/#\\\/schema\\\/person\\\/f5c4052956a003aa19608c579d61d8d2\"},\"headline\":\"Costa Rica prepara licitaci\u00f3n para la ampliaci\u00f3n de la ruta San Jos\u00e9 \u2013 Cartago\",\"datePublished\":\"2026-08-21T21:15:59+00:00\",\"dateModified\":\"2026-08-21T21:49:26+00:00\",\"mainEntityOfPage\":{\"@id\":\"https:\\\/\\\/blplegal.com\\\/es\\\/concesion-vial-san-jose-cartago-costa-rica\\\/\"},\"wordCount\":918,\"publisher\":{\"@id\":\"https:\\\/\\\/blplegal.com\\\/es\\\/#organization\"},\"image\":{\"@id\":\"https:\\\/\\\/blplegal.com\\\/es\\\/concesion-vial-san-jose-cartago-costa-rica\\\/#primaryimage\"},\"thumbnailUrl\":\"https:\\\/\\\/blplegal.com\\\/wp-content\\\/uploads\\\/2026\\\/08\\\/NF-Costa-Rica-prepara-licitacion-para-la-ampliacion-de-la-ruta-San-Jose-\u2013-CartagoCR_BLOG-scaled.jpg\",\"articleSection\":[\"Costa Rica\",\"Derecho P\u00fablico, Contrataci\u00f3n Administrativa &amp; Regulaci\u00f3n Econ\u00f3mica\",\"Energ\u00eda &amp; Infraestructura\",\"Newsflash\"],\"inLanguage\":\"es\"},{\"@type\":\"WebPage\",\"@id\":\"https:\\\/\\\/blplegal.com\\\/es\\\/concesion-vial-san-jose-cartago-costa-rica\\\/\",\"url\":\"https:\\\/\\\/blplegal.com\\\/es\\\/concesion-vial-san-jose-cartago-costa-rica\\\/\",\"name\":\"Costa Rica prepara licitaci\u00f3n para la ampliaci\u00f3n de la ruta San Jos\u00e9 \u2013 Cartago - BLP Legal\",\"isPartOf\":{\"@id\":\"https:\\\/\\\/blplegal.com\\\/es\\\/#website\"},\"primaryImageOfPage\":{\"@id\":\"https:\\\/\\\/blplegal.com\\\/es\\\/concesion-vial-san-jose-cartago-costa-rica\\\/#primaryimage\"},\"image\":{\"@id\":\"https:\\\/\\\/blplegal.com\\\/es\\\/concesion-vial-san-jose-cartago-costa-rica\\\/#primaryimage\"},\"thumbnailUrl\":\"https:\\\/\\\/blplegal.com\\\/wp-content\\\/uploads\\\/2026\\\/08\\\/NF-Costa-Rica-prepara-licitacion-para-la-ampliacion-de-la-ruta-San-Jose-\u2013-CartagoCR_BLOG-scaled.jpg\",\"datePublished\":\"2026-08-21T21:15:59+00:00\",\"dateModified\":\"2026-08-21T21:49:26+00:00\",\"description\":\"Costa Rica prepara concesi\u00f3n de obra p\u00fablica para ampliar la Autopista Florencio del Castillo (San Jos\u00e9\u2013Cartago). Cartel esperado en el segundo semestre de 2026.\",\"breadcrumb\":{\"@id\":\"https:\\\/\\\/blplegal.com\\\/es\\\/concesion-vial-san-jose-cartago-costa-rica\\\/#breadcrumb\"},\"inLanguage\":\"es\",\"potentialAction\":[{\"@type\":\"ReadAction\",\"target\":[\"https:\\\/\\\/blplegal.com\\\/es\\\/concesion-vial-san-jose-cartago-costa-rica\\\/\"]}]},{\"@type\":\"ImageObject\",\"inLanguage\":\"es\",\"@id\":\"https:\\\/\\\/blplegal.com\\\/es\\\/concesion-vial-san-jose-cartago-costa-rica\\\/#primaryimage\",\"url\":\"https:\\\/\\\/blplegal.com\\\/wp-content\\\/uploads\\\/2026\\\/08\\\/NF-Costa-Rica-prepara-licitacion-para-la-ampliacion-de-la-ruta-San-Jose-\u2013-CartagoCR_BLOG-scaled.jpg\",\"contentUrl\":\"https:\\\/\\\/blplegal.com\\\/wp-content\\\/uploads\\\/2026\\\/08\\\/NF-Costa-Rica-prepara-licitacion-para-la-ampliacion-de-la-ruta-San-Jose-\u2013-CartagoCR_BLOG-scaled.jpg\",\"width\":2560,\"height\":873},{\"@type\":\"BreadcrumbList\",\"@id\":\"https:\\\/\\\/blplegal.com\\\/es\\\/concesion-vial-san-jose-cartago-costa-rica\\\/#breadcrumb\",\"itemListElement\":[{\"@type\":\"ListItem\",\"position\":1,\"name\":\"Home\",\"item\":\"https:\\\/\\\/blplegal.com\\\/es\\\/\"},{\"@type\":\"ListItem\",\"position\":2,\"name\":\"Costa Rica prepara licitaci\u00f3n para la ampliaci\u00f3n de la ruta San Jos\u00e9 \u2013 Cartago\"}]},{\"@type\":\"WebSite\",\"@id\":\"https:\\\/\\\/blplegal.com\\\/es\\\/#website\",\"url\":\"https:\\\/\\\/blplegal.com\\\/es\\\/\",\"name\":\"BLP Legal\",\"description\":\"\",\"publisher\":{\"@id\":\"https:\\\/\\\/blplegal.com\\\/es\\\/#organization\"},\"potentialAction\":[{\"@type\":\"SearchAction\",\"target\":{\"@type\":\"EntryPoint\",\"urlTemplate\":\"https:\\\/\\\/blplegal.com\\\/es\\\/?s={search_term_string}\"},\"query-input\":{\"@type\":\"PropertyValueSpecification\",\"valueRequired\":true,\"valueName\":\"search_term_string\"}}],\"inLanguage\":\"es\"},{\"@type\":\"Organization\",\"@id\":\"https:\\\/\\\/blplegal.com\\\/es\\\/#organization\",\"name\":\"BLP Legal\",\"url\":\"https:\\\/\\\/blplegal.com\\\/es\\\/\",\"logo\":{\"@type\":\"ImageObject\",\"inLanguage\":\"es\",\"@id\":\"https:\\\/\\\/blplegal.com\\\/es\\\/#\\\/schema\\\/logo\\\/image\\\/\",\"url\":\"https:\\\/\\\/blplegal.com\\\/wp-content\\\/uploads\\\/2026\\\/02\\\/logo-horizontal-800x121-1.png\",\"contentUrl\":\"https:\\\/\\\/blplegal.com\\\/wp-content\\\/uploads\\\/2026\\\/02\\\/logo-horizontal-800x121-1.png\",\"width\":800,\"height\":121,\"caption\":\"BLP Legal\"},\"image\":{\"@id\":\"https:\\\/\\\/blplegal.com\\\/es\\\/#\\\/schema\\\/logo\\\/image\\\/\"},\"sameAs\":[\"https:\\\/\\\/www.facebook.com\\\/blplaw\",\"https:\\\/\\\/x.com\\\/blplegal\"]},{\"@type\":\"Person\",\"@id\":\"https:\\\/\\\/blplegal.com\\\/es\\\/#\\\/schema\\\/person\\\/f5c4052956a003aa19608c579d61d8d2\",\"name\":\"BLP\",\"url\":\"https:\\\/\\\/blplegal.com\\\/es\\\/author\\\/kvalverde\\\/\"}]}<\/script>\n<!-- \/ Yoast SEO plugin. -->","yoast_head_json":{"title":"Costa Rica prepara licitaci\u00f3n para la ampliaci\u00f3n de la ruta San Jos\u00e9 \u2013 Cartago - BLP Legal","description":"Costa Rica prepara concesi\u00f3n de obra p\u00fablica para ampliar la Autopista Florencio del Castillo (San Jos\u00e9\u2013Cartago). Cartel esperado en el segundo semestre de 2026.","robots":{"index":"index","follow":"follow","max-snippet":"max-snippet:-1","max-image-preview":"max-image-preview:large","max-video-preview":"max-video-preview:-1"},"canonical":"https:\/\/blplegal.com\/es\/concesion-vial-san-jose-cartago-costa-rica\/","og_locale":"es_ES","og_type":"article","og_title":"Costa Rica prepara licitaci\u00f3n para la ampliaci\u00f3n de la ruta San Jos\u00e9 \u2013 Cartago","og_description":"Costa Rica prepara concesi\u00f3n de obra p\u00fablica para ampliar la Autopista Florencio del Castillo (San Jos\u00e9\u2013Cartago). Cartel esperado en el segundo semestre de 2026.","og_url":"https:\/\/blplegal.com\/es\/concesion-vial-san-jose-cartago-costa-rica\/","og_site_name":"BLP Legal","article_publisher":"https:\/\/www.facebook.com\/blplaw","article_published_time":"2026-08-21T21:15:59+00:00","article_modified_time":"2026-08-21T21:49:26+00:00","og_image":[{"width":2560,"height":873,"url":"https:\/\/blplegal.com\/wp-content\/uploads\/2026\/08\/NF-Costa-Rica-prepara-licitacion-para-la-ampliacion-de-la-ruta-San-Jose-\u2013-CartagoCR_BLOG-scaled.jpg","type":"image\/jpeg"}],"author":"BLP","twitter_card":"summary_large_image","twitter_title":"Costa Rica prepara licitaci\u00f3n para la ampliaci\u00f3n de la ruta San Jos\u00e9 \u2013 Cartago","twitter_description":"Costa Rica prepara concesi\u00f3n de obra p\u00fablica para ampliar la Autopista Florencio del Castillo (San Jos\u00e9\u2013Cartago). Cartel esperado en el segundo semestre de 2026.","twitter_image":"https:\/\/blplegal.com\/wp-content\/uploads\/2026\/08\/NF-Costa-Rica-prepara-licitacion-para-la-ampliacion-de-la-ruta-San-Jose-\u2013-CartagoCR_BLOG-scaled.jpg","twitter_creator":"@blplegal","twitter_site":"@blplegal","twitter_misc":{"Escrito por":"BLP","Tiempo de lectura":"4 minutos"},"schema":{"@context":"https:\/\/schema.org","@graph":[{"@type":"Article","@id":"https:\/\/blplegal.com\/es\/concesion-vial-san-jose-cartago-costa-rica\/#article","isPartOf":{"@id":"https:\/\/blplegal.com\/es\/concesion-vial-san-jose-cartago-costa-rica\/"},"author":{"name":"BLP","@id":"https:\/\/blplegal.com\/es\/#\/schema\/person\/f5c4052956a003aa19608c579d61d8d2"},"headline":"Costa Rica prepara licitaci\u00f3n para la ampliaci\u00f3n de la ruta San Jos\u00e9 \u2013 Cartago","datePublished":"2026-08-21T21:15:59+00:00","dateModified":"2026-08-21T21:49:26+00:00","mainEntityOfPage":{"@id":"https:\/\/blplegal.com\/es\/concesion-vial-san-jose-cartago-costa-rica\/"},"wordCount":918,"publisher":{"@id":"https:\/\/blplegal.com\/es\/#organization"},"image":{"@id":"https:\/\/blplegal.com\/es\/concesion-vial-san-jose-cartago-costa-rica\/#primaryimage"},"thumbnailUrl":"https:\/\/blplegal.com\/wp-content\/uploads\/2026\/08\/NF-Costa-Rica-prepara-licitacion-para-la-ampliacion-de-la-ruta-San-Jose-\u2013-CartagoCR_BLOG-scaled.jpg","articleSection":["Costa Rica","Derecho P\u00fablico, Contrataci\u00f3n Administrativa &amp; Regulaci\u00f3n Econ\u00f3mica","Energ\u00eda &amp; Infraestructura","Newsflash"],"inLanguage":"es"},{"@type":"WebPage","@id":"https:\/\/blplegal.com\/es\/concesion-vial-san-jose-cartago-costa-rica\/","url":"https:\/\/blplegal.com\/es\/concesion-vial-san-jose-cartago-costa-rica\/","name":"Costa Rica prepara licitaci\u00f3n para la ampliaci\u00f3n de la ruta San Jos\u00e9 \u2013 Cartago - BLP Legal","isPartOf":{"@id":"https:\/\/blplegal.com\/es\/#website"},"primaryImageOfPage":{"@id":"https:\/\/blplegal.com\/es\/concesion-vial-san-jose-cartago-costa-rica\/#primaryimage"},"image":{"@id":"https:\/\/blplegal.com\/es\/concesion-vial-san-jose-cartago-costa-rica\/#primaryimage"},"thumbnailUrl":"https:\/\/blplegal.com\/wp-content\/uploads\/2026\/08\/NF-Costa-Rica-prepara-licitacion-para-la-ampliacion-de-la-ruta-San-Jose-\u2013-CartagoCR_BLOG-scaled.jpg","datePublished":"2026-08-21T21:15:59+00:00","dateModified":"2026-08-21T21:49:26+00:00","description":"Costa Rica prepara concesi\u00f3n de obra p\u00fablica para ampliar la Autopista Florencio del Castillo (San Jos\u00e9\u2013Cartago). Cartel esperado en el segundo semestre de 2026.","breadcrumb":{"@id":"https:\/\/blplegal.com\/es\/concesion-vial-san-jose-cartago-costa-rica\/#breadcrumb"},"inLanguage":"es","potentialAction":[{"@type":"ReadAction","target":["https:\/\/blplegal.com\/es\/concesion-vial-san-jose-cartago-costa-rica\/"]}]},{"@type":"ImageObject","inLanguage":"es","@id":"https:\/\/blplegal.com\/es\/concesion-vial-san-jose-cartago-costa-rica\/#primaryimage","url":"https:\/\/blplegal.com\/wp-content\/uploads\/2026\/08\/NF-Costa-Rica-prepara-licitacion-para-la-ampliacion-de-la-ruta-San-Jose-\u2013-CartagoCR_BLOG-scaled.jpg","contentUrl":"https:\/\/blplegal.com\/wp-content\/uploads\/2026\/08\/NF-Costa-Rica-prepara-licitacion-para-la-ampliacion-de-la-ruta-San-Jose-\u2013-CartagoCR_BLOG-scaled.jpg","width":2560,"height":873},{"@type":"BreadcrumbList","@id":"https:\/\/blplegal.com\/es\/concesion-vial-san-jose-cartago-costa-rica\/#breadcrumb","itemListElement":[{"@type":"ListItem","position":1,"name":"Home","item":"https:\/\/blplegal.com\/es\/"},{"@type":"ListItem","position":2,"name":"Costa Rica prepara licitaci\u00f3n para la ampliaci\u00f3n de la ruta San Jos\u00e9 \u2013 Cartago"}]},{"@type":"WebSite","@id":"https:\/\/blplegal.com\/es\/#website","url":"https:\/\/blplegal.com\/es\/","name":"BLP Legal","description":"","publisher":{"@id":"https:\/\/blplegal.com\/es\/#organization"},"potentialAction":[{"@type":"SearchAction","target":{"@type":"EntryPoint","urlTemplate":"https:\/\/blplegal.com\/es\/?s={search_term_string}"},"query-input":{"@type":"PropertyValueSpecification","valueRequired":true,"valueName":"search_term_string"}}],"inLanguage":"es"},{"@type":"Organization","@id":"https:\/\/blplegal.com\/es\/#organization","name":"BLP Legal","url":"https:\/\/blplegal.com\/es\/","logo":{"@type":"ImageObject","inLanguage":"es","@id":"https:\/\/blplegal.com\/es\/#\/schema\/logo\/image\/","url":"https:\/\/blplegal.com\/wp-content\/uploads\/2026\/02\/logo-horizontal-800x121-1.png","contentUrl":"https:\/\/blplegal.com\/wp-content\/uploads\/2026\/02\/logo-horizontal-800x121-1.png","width":800,"height":121,"caption":"BLP Legal"},"image":{"@id":"https:\/\/blplegal.com\/es\/#\/schema\/logo\/image\/"},"sameAs":["https:\/\/www.facebook.com\/blplaw","https:\/\/x.com\/blplegal"]},{"@type":"Person","@id":"https:\/\/blplegal.com\/es\/#\/schema\/person\/f5c4052956a003aa19608c579d61d8d2","name":"BLP","url":"https:\/\/blplegal.com\/es\/author\/kvalverde\/"}]}},"_links":{"self":[{"href":"https:\/\/blplegal.com\/es\/wp-json\/wp\/v2\/posts\/23467","targetHints":{"allow":["GET"]}}],"collection":[{"href":"https:\/\/blplegal.com\/es\/wp-json\/wp\/v2\/posts"}],"about":[{"href":"https:\/\/blplegal.com\/es\/wp-json\/wp\/v2\/types\/post"}],"author":[{"embeddable":true,"href":"https:\/\/blplegal.com\/es\/wp-json\/wp\/v2\/users\/3"}],"replies":[{"embeddable":true,"href":"https:\/\/blplegal.com\/es\/wp-json\/wp\/v2\/comments?post=23467"}],"version-history":[{"count":0,"href":"https:\/\/blplegal.com\/es\/wp-json\/wp\/v2\/posts\/23467\/revisions"}],"wp:featuredmedia":[{"embeddable":true,"href":"https:\/\/blplegal.com\/es\/wp-json\/wp\/v2\/media\/23466"}],"wp:attachment":[{"href":"https:\/\/blplegal.com\/es\/wp-json\/wp\/v2\/media?parent=23467"}],"wp:term":[{"taxonomy":"category","embeddable":true,"href":"https:\/\/blplegal.com\/es\/wp-json\/wp\/v2\/categories?post=23467"},{"taxonomy":"post_tag","embeddable":true,"href":"https:\/\/blplegal.com\/es\/wp-json\/wp\/v2\/tags?post=23467"}],"curies":[{"name":"wp","href":"https:\/\/api.w.org\/{rel}","templated":true}]}}