{"id":23461,"date":"2026-08-20T10:54:29","date_gmt":"2026-08-20T16:54:29","guid":{"rendered":"https:\/\/blplegal.com\/?p=23461"},"modified":"2026-08-20T17:02:11","modified_gmt":"2026-08-20T23:02:11","slug":"business-law-perspectives-14-19-agosto-2026","status":"publish","type":"post","link":"https:\/\/blplegal.com\/es\/business-law-perspectives-14-19-agosto-2026\/","title":{"rendered":"BUSINESS LAW PERSPECTIVES | 14 &#8211; 19 AGOSTO, 2026"},"content":{"rendered":"\n<p style=\"text-align: justify;\"><span style=\"font-size: 110%;\">El resumen de BLP de las <strong>noticias y oportunidades regionales m\u00e1s importantes<\/strong> ofrece un panorama del entorno econ\u00f3mico, social y pol\u00edtico de Centroam\u00e9rica a solo un clic de distancia.<\/span><\/p>\n\n\t<section class=\"section texto\" id=\"section_1413567096\">\n\t\t<div class=\"section-bg fill\" >\n\t\t\t\t\t\t\t\t\t\n\t\t\t\n\n\t\t<\/div>\n\n\t\t\n\n\t\t<div class=\"section-content relative\">\n\t\t\t\n\n<div class=\"accordion texto-justificado\">\n\n\t<div id=\"accordion-3394994074\" class=\"accordion-item texto-justificado\">\n\t\t<a id=\"accordion-3394994074-label\" class=\"accordion-title plain\" href=\"#accordion-item-costa-rica\" aria-expanded=\"false\" aria-controls=\"accordion-3394994074-content\">\n\t\t\t<button class=\"toggle\" aria-label=\"Toggle\"><i class=\"icon-angle-down\" aria-hidden=\"true\"><\/i><\/button>\n\t\t\t<span>Costa Rica<\/span>\n\t\t<\/a>\n\t\t<div id=\"accordion-3394994074-content\" class=\"accordion-inner\" aria-labelledby=\"accordion-3394994074-label\">\n\t\t\t\n\n\n\n<div class=\"news-cr\">\n<p><strong>Costa Rica reafirma su liderazgo mundial en atracci\u00f3n de inversi\u00f3n extranjera por habitante<\/strong><\/p>\n<p>Costa Rica se ubica entre los diez pa\u00edses del mundo con mayor cantidad de proyectos de inversi\u00f3n extranjera directa por mill\u00f3n de habitantes, al ocupar la octava posici\u00f3n en el Greenfield FDI Performance Index 2026, elaborado por fDi Intelligence, unidad especializada del Financial Times. De acuerdo con los resultados, construidos a partir de proyectos anunciados durante 2025, el pa\u00eds atrajo 18,1 proyectos de IED por cada mill\u00f3n de habitantes, superando a econom\u00edas como Chipre y Hong Kong. La gerente general de PROCOMER, Laura L\u00f3pez, destac\u00f3 que estos resultados reflejan la confianza de las empresas en el talento humano, la seguridad jur\u00eddica, la innovaci\u00f3n y la sostenibilidad del pa\u00eds. En la medici\u00f3n principal del \u00edndice, Costa Rica ocup\u00f3 la cuarta posici\u00f3n mundial con una puntuaci\u00f3n de 6,5, mejorando su desempe\u00f1o frente a la edici\u00f3n anterior y consolid\u00e1ndose como el \u00fanico pa\u00eds de Am\u00e9rica Latina y el Caribe entre los primeros 20 lugares del ranking general, adem\u00e1s de liderar a los miembros de la OCDE incluidos en la medici\u00f3n. Este reconocimiento internacional reafirma la capacidad de Costa Rica para atraer inversi\u00f3n de alto valor, generando empleo de calidad y nuevas oportunidades de desarrollo dentro y fuera de la Gran \u00c1rea Metropolitana.<\/p>\n<p><a href=\"https:\/\/revistasumma.com\/costa-rica-se-ubica-en-el-top-10-en-el-mundo-en-atraccion-de-proyectos-de-ied-por-millon-de-habitantes\/\" target=\"_blank\" rel=\"noopener\"><strong>Leer m\u00e1s<\/strong><\/a><\/p>\n<p><strong>Costa Rica se consolida como referente regional en innovaci\u00f3n Fintech<\/strong><\/p>\n<p>Costa Rica se destaca a nivel regional en el desarrollo del sector fintech, seg\u00fan un reciente an\u00e1lisis del Banco Interamericano de Desarrollo presentado durante el Fintech Summit San Jos\u00e9 2026. Diego Herrera, l\u00edder de mercados financieros del BID, se\u00f1al\u00f3 que el pa\u00eds empieza a perfilarse de manera destacada en este sector, creciendo de forma acelerada en los mercados secundarios, en una regi\u00f3n que pas\u00f3 de 703 empresas fintech en 2017 a 3.069 en 2023. En Costa Rica, los servicios de pagos, remesas y tecnolog\u00edas para instituciones financieras concentran el 50% de participaci\u00f3n del sector. El funcionario del BID destac\u00f3 especialmente al Sistema Nacional de Pagos Electr\u00f3nicos (Sinpe), gestionado por el Banco Central de Costa Rica, calific\u00e1ndolo como \u00abun ejemplo de c\u00f3mo hacer bien las cosas\u00bb y posicionando al pa\u00eds como una jurisdicci\u00f3n l\u00edder en innovaci\u00f3n. Entre los avances mencionados destaca el proyecto de ley marco de las fintech en la corriente legislativa, as\u00ed como el fortalecimiento de la supervisi\u00f3n y regulaci\u00f3n del sector. Este reconocimiento consolida a Costa Rica como un destino atractivo para la inversi\u00f3n en tecnolog\u00eda financiera e innovaci\u00f3n digital en la regi\u00f3n.<\/p>\n<p><a href=\"https:\/\/www.nacion.com\/economia\/bid-destaca-a-costa-rica-como-lider-regional-en\/O5PSALFBHZETTGYJTJSEQIRGMU\/story\/\" target=\"_blank\" rel=\"noopener\"><strong>Leer m\u00e1s<\/strong><\/a><\/p>\n<p><strong>Costa Rica registra una abundancia hist\u00f3rica de divisas que refleja su solidez econ\u00f3mica<\/strong><\/p>\n<p>El mercado cambiario de Costa Rica registra en 2026 el mayor excedente de divisas en ventanilla de su historia, alcanzando US$4.827 millones al 13 de agosto, superando en US$450 millones al registrado en el mismo per\u00edodo de 2025. El Banco Central atribuy\u00f3 este super\u00e1vit principalmente a las ventas netas de divisas realizadas por empresas de zonas francas, reflejando la solidez del sector exportador del pa\u00eds. Esta abundancia de d\u00f3lares ha contribuido a una apreciaci\u00f3n del col\u00f3n, que cerr\u00f3 en \u00a2449,01, marcando m\u00ednimos hist\u00f3ricos en el Monex y representando una variaci\u00f3n interanual del 10,9%. El Banco Central destac\u00f3 que esta mayor disponibilidad de divisas responde a factores como la inversi\u00f3n extranjera directa, el turismo y la diversificaci\u00f3n de la estructura exportadora costarricense. Las reservas monetarias internacionales del pa\u00eds alcanzaron US$20.842 millones al 13 de agosto, un incremento de US$3.761 millones desde inicios de a\u00f1o, equivalente al 18,1% del PIB. Este comportamiento confirma la fortaleza del sector exportador y la creciente confianza de los inversionistas en la econom\u00eda costarricense.<\/p>\n<p><a href=\"https:\/\/www.nacion.com\/economia\/abundancia-de-divisas-crece-con-fuerza-superavit\/53ZIDRX55FCK3B32YC55FKETZM\/story\/\" target=\"_blank\" rel=\"noopener\"><strong>Leer m\u00e1s<\/strong><\/a><\/p>\n<p><strong>Costa Rica mantiene un s\u00f3lido ritmo de crecimiento tur\u00edstico durante 2026<\/strong><\/p>\n<p>Costa Rica recibi\u00f3 1.853.430 turistas por v\u00eda a\u00e9rea durante los primeros siete meses de 2026, un crecimiento del 7% respecto al mismo per\u00edodo del a\u00f1o anterior, seg\u00fan el Instituto Costarricense de Turismo. El desempe\u00f1o fue impulsado por un crecimiento del 7% en Norteam\u00e9rica y del 10% en Europa, mientras Am\u00e9rica del Sur mantuvo una tendencia positiva con un incremento del 5%. Entre los mercados con mayor dinamismo destacaron Canad\u00e1, con un notable crecimiento del 25,1%, adem\u00e1s de Pa\u00edses Bajos (16,5%), Espa\u00f1a (13,9%) y Alemania (9,7%). Solo en julio, el pa\u00eds recibi\u00f3 240.070 turistas, un 2,3% m\u00e1s que en el mismo mes de 2025. El presidente ejecutivo del ICT, Marcos Borges, destac\u00f3 que estos resultados motivan a continuar fortaleciendo la promoci\u00f3n tur\u00edstica y la atracci\u00f3n de nuevas rutas a\u00e9reas de cara al cierre del segundo semestre. Este dinamismo confirma al turismo como uno de los principales motores econ\u00f3micos de Costa Rica y refuerza las oportunidades de inversi\u00f3n en conectividad a\u00e9rea y desarrollo hotelero en el pa\u00eds.<\/p>\n<p><a href=\"https:\/\/www.revistaeyn.com\/centroamericaymundo\/llegada-de-turistas-a-costa-rica-crecio-un-7-a-julio-CB31742440\" target=\"_blank\" rel=\"noopener\"><strong>Leer m\u00e1s<\/strong><\/a><\/p>\n<p><strong>Costa Rica y Estados Unidos reafirman su s\u00f3lida relaci\u00f3n de comercio e inversi\u00f3n<\/strong><\/p>\n<p>El secretario de Estado de Estados Unidos, Marco Rubio, dialog\u00f3 con la presidenta de Costa Rica, Laura Fern\u00e1ndez, para reafirmar la s\u00f3lida asociaci\u00f3n entre ambos pa\u00edses, seg\u00fan inform\u00f3 el Departamento de Estado. Durante la conversaci\u00f3n, ambos funcionarios abordaron oportunidades para continuar fortaleciendo la relaci\u00f3n bilateral de comercio e inversi\u00f3n entre las dos naciones. Este acercamiento se suma a una serie de encuentros diplom\u00e1ticos que buscan profundizar la cooperaci\u00f3n econ\u00f3mica entre Costa Rica y Estados Unidos, uno de los principales socios comerciales del pa\u00eds centroamericano. El di\u00e1logo entre ambos l\u00edderes reafirma el compromiso de mantener una relaci\u00f3n bilateral s\u00f3lida, con oportunidades para ampliar el comercio y la inversi\u00f3n en los pr\u00f3ximos a\u00f1os.<\/p>\n<p><a href=\"https:\/\/www.revistaeyn.com\/centroamericaymundo\/marco-rubio-y-presidenta-de-costa-rica-dialogan-sobre-seguridad-y-comercio-BE31735552\" target=\"_blank\" rel=\"noopener\"><strong>Leer m\u00e1s<\/strong><\/a><\/p>\n<\/div>\n\n\n\t\t<\/div>\n\t<\/div>\n\t\n\t<div id=\"accordion-1738679073\" class=\"accordion-item texto-justificado\">\n\t\t<a id=\"accordion-1738679073-label\" class=\"accordion-title plain\" href=\"#accordion-item-el-salvador\" aria-expanded=\"false\" aria-controls=\"accordion-1738679073-content\">\n\t\t\t<button class=\"toggle\" aria-label=\"Toggle\"><i class=\"icon-angle-down\" aria-hidden=\"true\"><\/i><\/button>\n\t\t\t<span>El Salvador<\/span>\n\t\t<\/a>\n\t\t<div id=\"accordion-1738679073-content\" class=\"accordion-inner\" aria-labelledby=\"accordion-1738679073-label\">\n\t\t\t\n\n\n\n<div class=\"news-sv\">\n<p><strong>El Salvador se convierte en un laboratorio regional de financiamiento mediante activos digitales<\/strong><\/p>\n<p>La Ley de Emisi\u00f3n de Activos Digitales (LEAD) ha permitido el desarrollo de nuevas alternativas de financiamiento para empresas salvadore\u00f1as mediante la tokenizaci\u00f3n de deuda y activos reales, seg\u00fan un informe de Bitfinex Securities. Este esquema permite reducir los costos asociados a una emisi\u00f3n a un rango de entre 2% y 4%, frente al 7% de mercados tradicionales, con procesos de aprobaci\u00f3n que pueden completarse en unos 20 d\u00edas h\u00e1biles. Entre las empresas que ya han utilizado este mecanismo destaca Cadejo Brewing Company, que lanz\u00f3 una emisi\u00f3n de deuda tokenizada por $2 millones para financiar su expansi\u00f3n, permitiendo la participaci\u00f3n de inversionistas desde montos de $100. El sector bancario tambi\u00e9n se sum\u00f3 a esta tendencia: Banco Industrial El Salvador ofreci\u00f3 un token de deuda por m\u00e1s de $1,03 millones, mientras que en el sector agr\u00edcola la empresa e-Grains recibi\u00f3 autorizaci\u00f3n para una emisi\u00f3n de $100 millones en activos respaldados por soja. Estas operaciones son supervisadas por la Comisi\u00f3n Nacional de Activos Digitales, que ya ha autorizado a 54 proveedores de servicios digitales, consolidando un ecosistema regulado que ampl\u00eda las oportunidades de financiamiento e inversi\u00f3n para empresas de distintos sectores en El Salvador.<\/p>\n<p><a href=\"https:\/\/diario.elmundo.sv\/economia\/empresas-salvadorenas-buscan-financiamiento-mediante-activos-digitales-tokenizados\" target=\"_blank\" rel=\"noopener\"><strong>Leer m\u00e1s<\/strong><\/a><\/p>\n<p><strong>El auge de la construcci\u00f3n impulsa un r\u00e9cord hist\u00f3rico en las importaciones de cemento en El Salvador<\/strong><\/p>\n<p>Las importaciones de cemento en El Salvador alcanzaron su nivel m\u00e1s alto en tres d\u00e9cadas al cierre del primer semestre de 2026, sumando $36,15 millones, seg\u00fan el Banco Central de Reserva. Esta cifra representa un crecimiento del 39% frente al mismo per\u00edodo de 2025, reflejando el auge sostenido de la industria de la construcci\u00f3n en el pa\u00eds. El volumen importado alcanz\u00f3 389,33 millones de kilogramos, un incremento del 34,6% frente al a\u00f1o anterior, el nivel m\u00e1s alto registrado para un primer semestre desde 1994. China se consolid\u00f3 como el principal proveedor, con m\u00e1s de $9,33 millones y una participaci\u00f3n del 25,8%, seguido por Vietnam, Honduras y Guatemala. Este comportamiento responde al dinamismo del sector constructivo y a grandes proyectos en desarrollo, como el nuevo estadio impulsado por cooperaci\u00f3n china. Este r\u00e9cord en las importaciones de cemento confirma el s\u00f3lido crecimiento de la industria de la construcci\u00f3n salvadore\u00f1a y su capacidad para atraer proveedores internacionales diversos.<\/p>\n<p><a href=\"https:\/\/diario.elmundo.sv\/economia\/importaciones-de-cemento-alcanzan-su-maximo-en-tres-decadas\" target=\"_blank\" rel=\"noopener\"><strong>Leer m\u00e1s<\/strong><\/a><\/p>\n<p><strong>El Salvador registra una notable desaceleraci\u00f3n en sus precios durante julio<\/strong><\/p>\n<p>La inflaci\u00f3n de El Salvador se desaceler\u00f3 en julio, ubic\u00e1ndose en 2,49%, un descenso de 0,27 puntos porcentuales frente al 2,76% registrado en junio, seg\u00fan el Banco Central de Reserva. Esta moderaci\u00f3n estuvo impulsada principalmente por una menor presi\u00f3n en los precios de alimentos y bebidas no alcoh\u00f3licas, que pasaron de 3,02% a 2,49%, su nivel m\u00e1s bajo desde febrero de 2026. El sector de transporte, que hab\u00eda registrado los mayores incrementos durante la primera mitad del a\u00f1o por el conflicto en Medio Oriente, tambi\u00e9n mostr\u00f3 una desaceleraci\u00f3n, pasando de 5,78% a 4,95% entre junio y julio. Otras divisiones como bebidas alcoh\u00f3licas, prendas de vestir y alojamiento tambi\u00e9n reflejaron una tendencia a la baja en sus precios. Esta moderaci\u00f3n de la inflaci\u00f3n fortalece el poder adquisitivo de los consumidores salvadore\u00f1os y contribuye a un entorno de mayor estabilidad de precios, favorable para la planificaci\u00f3n econ\u00f3mica de hogares y empresas.<\/p>\n<p><a href=\"https:\/\/diario.elmundo.sv\/economia\/la-inflacion-de-el-salvador-desacelero-a-2-49-en-julio\" target=\"_blank\" rel=\"noopener\"><strong>Leer m\u00e1s<\/strong><\/a><\/p>\n<p><strong>El Salvador ampl\u00eda sus horizontes comerciales con un nuevo acuerdo con Belice<\/strong><\/p>\n<p>El Gobierno de El Salvador concret\u00f3 un acuerdo de alcance parcial con Belice que facilita el ingreso preferencial de productos salvadore\u00f1os al mercado belice\u00f1o mediante m\u00e1s de 400 l\u00edneas arancelarias. El secretario de Comercio e Inversiones, Miguel Kattan, destac\u00f3 que esta firma representa el punto de partida para una nueva etapa de trabajo conjunto entre el Gobierno y el sector privado. La ministra de Econom\u00eda, Mar\u00eda Luisa Hayem, se\u00f1al\u00f3 que el acuerdo busca generar mayores oportunidades para el crecimiento del tejido empresarial salvadore\u00f1o y conectar a las compa\u00f1\u00edas locales con nuevos mercados. Este acuerdo llega en un contexto favorable para el comercio exterior salvadore\u00f1o, que durante el primer semestre de 2026 export\u00f3 m\u00e1s de US$3.400 millones en bienes, un crecimiento del 4% en valor y del 10% en volumen frente al a\u00f1o anterior. Hayem tambi\u00e9n resalt\u00f3 que El Salvador se ubica como el segundo pa\u00eds de Am\u00e9rica Latina con mejor desempe\u00f1o para atraer inversi\u00f3n, un contexto que se complementa con la apertura de nuevos mercados como el belice\u00f1o, fortaleciendo las oportunidades comerciales para las empresas salvadore\u00f1as.<\/p>\n<p><a href=\"https:\/\/www.revistaeyn.com\/centroamericaymundo\/el-salvador-y-belice-sellan-acuerdo-para-ampliar-las-exportaciones-HE31710557\" target=\"_blank\" rel=\"noopener\"><strong>Leer m\u00e1s<\/strong><\/a><\/p>\n<p><strong>El Salvador estrecha lazos institucionales con China en busca de un futuro tratado comercial<\/strong><\/p>\n<p>El presidente de la Asamblea Legislativa de El Salvador, Ernesto Castro, visita China hasta el 22 de agosto por invitaci\u00f3n de su hom\u00f3logo chino, Zhao Leji, en el marco de una agenda orientada a fortalecer la cooperaci\u00f3n legislativa bilateral. Previo a su viaje, Castro se reuni\u00f3 con el embajador chino en San Salvador, Zhang Yanhui, para abordar temas de cooperaci\u00f3n entre ambos parlamentos. El Salvador y China negocian actualmente un tratado de libre comercio, cuya primera ronda de negociaciones se realiz\u00f3 en Pek\u00edn en 2024, como parte de una relaci\u00f3n diplom\u00e1tica establecida en 2018. Esta visita se da en un contexto de creciente inter\u00e9s de varios pa\u00edses latinoamericanos por profundizar sus v\u00ednculos comerciales e institucionales con el gigante asi\u00e1tico. El fortalecimiento de esta relaci\u00f3n bilateral abre la puerta a nuevas oportunidades de cooperaci\u00f3n legislativa y comercial entre El Salvador y China en los pr\u00f3ximos a\u00f1os.<\/p>\n<p><a href=\"https:\/\/www.revistaeyn.com\/centroamericaymundo\/el-salvador-chile-y-ecuador-desarrollan-agenda-para-fortalecer-lazos-con-china-DB31745968\" target=\"_blank\" rel=\"noopener\"><strong>Leer m\u00e1s<\/strong><\/a><\/p>\n<\/div>\n\n\n\t\t<\/div>\n\t<\/div>\n\t\n\t<div id=\"accordion-1927682520\" class=\"accordion-item\">\n\t\t<a id=\"accordion-1927682520-label\" class=\"accordion-title plain\" href=\"#accordion-item-guatemala\" aria-expanded=\"false\" aria-controls=\"accordion-1927682520-content\">\n\t\t\t<button class=\"toggle\" aria-label=\"Toggle\"><i class=\"icon-angle-down\" aria-hidden=\"true\"><\/i><\/button>\n\t\t\t<span>Guatemala<\/span>\n\t\t<\/a>\n\t\t<div id=\"accordion-1927682520-content\" class=\"accordion-inner\" aria-labelledby=\"accordion-1927682520-label\">\n\t\t\t\n\n\n\n<div class=\"news-gt\">\n<p><strong>Guatemala avanza a paso firme en la implementaci\u00f3n de su nueva ley antilavado<\/strong><\/p>\n<p>El Banco de Guatemala, el Ministerio de Finanzas, la Superintendencia de Bancos y el sector privado trabajan de manera coordinada para que el pa\u00eds llegue bien preparado a la evaluaci\u00f3n del Grupo de Acci\u00f3n Financiera de Latinoam\u00e9rica (GAFILAT) en enero de 2027. El reglamento de la nueva Ley contra el Lavado de Dinero y el Financiamiento del Terrorismo registra un avance del 85%, seg\u00fan report\u00f3 la Superintendencia de Bancos, que adem\u00e1s recibi\u00f3 en junio una misi\u00f3n de GAFILAT para capacitar a abogados, contadores y auditores. El ministro de Finanzas, Jonathan Menkos, confirm\u00f3 que el reglamento se trabaja en coordinaci\u00f3n con la SIB y con el apoyo t\u00e9cnico del Fondo Monetario Internacional, buscando garantizar una implementaci\u00f3n eficiente. El presidente del Banco de Guatemala, \u00c1lvaro Gonz\u00e1lez, destac\u00f3 que la solidez del sistema financiero guatemalteco, uno de los m\u00e1s rentables de la regi\u00f3n, depende en gran parte de contar con autoridades con la formaci\u00f3n t\u00e9cnica adecuada, subrayando que \u00abcuando hay certeza y confianza hay inversi\u00f3n\u00bb. Este avance normativo fortalece la posici\u00f3n de Guatemala como un sistema financiero s\u00f3lido y confiable, consolidando las condiciones necesarias para atraer inversi\u00f3n y mantener la confianza de los mercados internacionales.<\/p>\n<p><a href=\"https:\/\/lahora.gt\/lh-economia\/esmith\/2026\/08\/17\/contra-el-tiempo-reglamento-de-ley-antilavado-avanza-al-85-y-evaluacion-de-gafilat-se-acerca-now\/\" target=\"_blank\" rel=\"noopener\"><strong>Leer m\u00e1s<\/strong><\/a><\/p>\n<p><strong>Guatemala avanza hacia una nueva era energ\u00e9tica con la implementaci\u00f3n del etanol<\/strong><\/p>\n<p>Guatemala comenzar\u00e1 el 22 de agosto la implementaci\u00f3n de la mezcla de gasolina E10, que combina 90% de combustible con 10% de etanol, inicialmente en las estaciones que comercializan gasolina regular, utilizada por alrededor de tres millones de conductores. La medida se ejecuta en cumplimiento del Acuerdo Ministerial 333-2026 y podr\u00eda representar una reducci\u00f3n de hasta US$0,46 por gal\u00f3n en el precio de la gasolina regular, seg\u00fan estimaciones del sector de biocombustibles. La directora ejecutiva de la Asociaci\u00f3n de Productores de Alcohol en Guatemala destac\u00f3 que esta sustituci\u00f3n de aditivos qu\u00edmicos por un biocombustible natural contribuir\u00e1 a mejorar la calidad del aire y a generar beneficios para la salud de los guatemaltecos. El E10 cuenta con amplia experiencia internacional, siendo utilizado en m\u00e1s de 60 pa\u00edses y 500 millones de veh\u00edculos, y pruebas locales realizadas por la Universidad del Valle de Guatemala confirmaron un desempe\u00f1o satisfactorio sin inconvenientes. Esta transici\u00f3n energ\u00e9tica abre nuevas oportunidades de inversi\u00f3n en biocombustibles y fortalece la independencia energ\u00e9tica del pa\u00eds.<\/p>\n<p><a href=\"https:\/\/www.revistaeyn.com\/centroamericaymundo\/guatemala-iniciara-implementacion-de-gasolina-e10-OG31736866\" target=\"_blank\" rel=\"noopener\"><strong>Leer m\u00e1s<\/strong><\/a><\/p>\n<p><strong>Guatemala diversifica sus mercados tur\u00edsticos con nuevos destinos en ascenso<\/strong><\/p>\n<p>Guatemala recibi\u00f3 1.915.874 turistas entre enero y julio de 2026, un crecimiento del 1,2% frente al mismo per\u00edodo de 2025, impulsado por una estrategia de diversificaci\u00f3n de mercados, seg\u00fan el Instituto Guatemalteco de Turismo. En julio, el pa\u00eds registr\u00f3 la llegada de 288.700 visitantes, un alza del 2%, destacando la recuperaci\u00f3n del mercado salvadore\u00f1o con 71.075 visitantes durante las Fiestas Agostinas, que generaron una derrama econ\u00f3mica estimada en US$21,6 millones. Entre los mercados de mayor dinamismo interanual sobresalieron Australia, con un crecimiento del 50%, adem\u00e1s de M\u00e9xico, Panam\u00e1, Nicaragua, Colombia y Pa\u00edses Bajos, todos con incrementos superiores al 20%. Estas cifras forman parte del plan gubernamental lanzado en 2024 para posicionar a Guatemala como un destino sostenible, orientado a captar viajeros de mayor capacidad de gasto y aumentar su tiempo de permanencia en el pa\u00eds. Guatemala proyecta cerrar 2026 con la recepci\u00f3n de 3,6 millones de visitantes, consolidando su camino hacia la meta de 4 millones para 2027 y reforzando las oportunidades de inversi\u00f3n en turismo y hoteler\u00eda.<\/p>\n<p><a href=\"https:\/\/www.revistaeyn.com\/centroamericaymundo\/la-llegada-de-turistas-a-guatemala-crecio-un-12-a-julio-AE31713641\" target=\"_blank\" rel=\"noopener\"><strong>Leer m\u00e1s<\/strong><\/a><\/p>\n<p><strong>Guatemala y M\u00e9xico avanzan en una agenda de conectividad e infraestructura binacional<\/strong><\/p>\n<p>M\u00e9xico y Guatemala acordaron un Plan Binacional 2027 que incluye avances en infraestructura fronteriza, conectividad y desarrollo econ\u00f3mico entre ambos pa\u00edses. Los cancilleres de ambas naciones acordaron avanzar en el programa de despacho conjunto de carga entre Ciudad Hidalgo y Tec\u00fan Um\u00e1n, dos zonas fronterizas separadas por el r\u00edo Suchiate, as\u00ed como en medidas para facilitar y hacer m\u00e1s seguro el intercambio comercial bilateral. Ambos pa\u00edses tambi\u00e9n continuar\u00e1n definiendo la ruta para concretar una interconexi\u00f3n ferroviaria mediante la l\u00ednea K del Corredor Interoce\u00e1nico del Istmo de Tehuantepec, buscando acercar econom\u00edas y comunidades de la regi\u00f3n. La agenda contempla adem\u00e1s el impulso de proyectos hidroel\u00e9ctricos en el r\u00edo Usumacinta a trav\u00e9s de las instituciones responsables de ambos pa\u00edses, as\u00ed como seis proyectos de cooperaci\u00f3n t\u00e9cnica, cient\u00edfica y energ\u00e9tica acordados en la Comisi\u00f3n Mixta. Esta hoja de ruta binacional fortalece la conectividad fronteriza y abre nuevas oportunidades de inversi\u00f3n en infraestructura, energ\u00eda y comercio entre Guatemala y M\u00e9xico.<\/p>\n<p><a href=\"https:\/\/revistasumma.com\/guatemala-y-mexico-acuerdan-seguridad-conectividad-y-desarrollo-rumbo-a-2027\/\" target=\"_blank\" rel=\"noopener\"><strong>Leer m\u00e1s<\/strong><\/a><\/p>\n<\/div>\n\n\n\t\t<\/div>\n\t<\/div>\n\t\n\t<div id=\"accordion-4182885220\" class=\"accordion-item\">\n\t\t<a id=\"accordion-4182885220-label\" class=\"accordion-title plain\" href=\"#accordion-item-honduras\" aria-expanded=\"false\" aria-controls=\"accordion-4182885220-content\">\n\t\t\t<button class=\"toggle\" aria-label=\"Toggle\"><i class=\"icon-angle-down\" aria-hidden=\"true\"><\/i><\/button>\n\t\t\t<span>Honduras<\/span>\n\t\t<\/a>\n\t\t<div id=\"accordion-4182885220-content\" class=\"accordion-inner\" aria-labelledby=\"accordion-4182885220-label\">\n\t\t\t\n\n\n\n<div class=\"news-hn\">\n<p><strong>Honduras registra su mayor nivel de confianza econ\u00f3mica en cuatro a\u00f1os<\/strong><\/p>\n<p>El \u00cdndice de Confianza de la Actividad Econ\u00f3mica de Honduras alcanz\u00f3 los 59,3 puntos en julio de 2026, su nivel m\u00e1s elevado para este mes en los \u00faltimos cuatro a\u00f1os, seg\u00fan la Encuesta de Expectativas de Analistas Macroecon\u00f3micos del Banco Central de Honduras. Con este resultado, el indicador se mantuvo por s\u00e9ptimo mes consecutivo en zona de expansi\u00f3n, respaldado por factores como el fortalecimiento de las reservas internacionales, el incremento de las remesas familiares y el comportamiento positivo de las exportaciones. Los analistas destacaron adem\u00e1s una mayor flexibilidad en el mercado cambiario y una reducci\u00f3n del riesgo pa\u00eds, condiciones que podr\u00edan favorecer la llegada de nuevas inversiones. Las expectativas apuntan a un crecimiento del PIB de 3,5% durante 2026 y 3,7% en 2027, apoyado por el consumo, el cr\u00e9dito al sector privado y el comercio exterior. Este nivel de confianza econ\u00f3mica confirma una trayectoria favorable para Honduras, fortaleciendo las condiciones para atraer inversi\u00f3n y consolidar el crecimiento sostenido del pa\u00eds.<\/p>\n<p><a href=\"https:\/\/www.revistaeyn.com\/centroamericaymundo\/honduras-indice-de-confianza-economica-continua-en-su-mayor-nivel-en-anos-JH31720238\" target=\"_blank\" rel=\"noopener\"><strong>Leer m\u00e1s<\/strong><\/a><\/p>\n<p><strong>El caf\u00e9 hondure\u00f1o alcanza cifras hist\u00f3ricas con una cosecha r\u00e9cord<\/strong><\/p>\n<p>La caficultura hondure\u00f1a cerrar\u00e1 la cosecha 2025\/26 con cifras hist\u00f3ricas, luego de alcanzar 7,18 millones de quintales exportados a menos de 45 d\u00edas del cierre oficial de la temporada, seg\u00fan inform\u00f3 la Secretar\u00eda de Agricultura y Ganader\u00eda. Este volumen ya supera los 6,14 millones de quintales registrados en el ciclo anterior, y las autoridades proyectan cerrar la temporada con hasta 7,25 millones de quintales exportados al 30 de septiembre. El subsecretario de Caficultura, Jos\u00e9 Francisco Ord\u00f3\u00f1ez, destac\u00f3 que esta cosecha est\u00e1 dejando una derrama econ\u00f3mica de US$2.250 millones, sosteniendo la econom\u00eda de m\u00e1s de 2.300 aldeas en distintas regiones productoras del pa\u00eds. En paralelo, el Gobierno report\u00f3 avances significativos en el incentivo cafetalero, con el 93% de los productores beneficiarios que ya recibieron fertilizante, dentro de una meta de atender a 87.000 productores. La Secretar\u00eda tambi\u00e9n firm\u00f3 un convenio por 100 millones de lempiras para fortalecer al Instituto Hondure\u00f1o del Caf\u00e9, ampliando la asistencia t\u00e9cnica y los procesos de investigaci\u00f3n que sostendr\u00e1n la productividad del sector a mediano y largo plazo.<\/p>\n<p><a href=\"https:\/\/elmundo.hn\/cafe-hondureno-marca-record-exportador\/\" target=\"_blank\" rel=\"noopener\"><strong>Leer m\u00e1s<\/strong><\/a><\/p>\n<p><strong>La maquila hondure\u00f1a proyecta un a\u00f1o s\u00f3lido con exportaciones por US$5.500 millones<\/strong><\/p>\n<p>La industria maquiladora de Honduras proyecta cerrar 2026 con aproximadamente US$5.500 millones en exportaciones, seg\u00fan inform\u00f3 el representante del sector, Guillermo Matamoros. El dirigente destac\u00f3 que la maquila contin\u00faa siendo uno de los pilares de la econom\u00eda nacional, al representar entre el 45% y 50% de las exportaciones brutas del pa\u00eds. El sector genera aproximadamente 130.000 empleos, con un impacto cercano a 36.000 millones de lempiras en sueldos y salarios, adem\u00e1s de movilizar unos 80.000 millones de lempiras en compras y servicios locales. Matamoros resalt\u00f3 la importancia de fortalecer esta industria, especialmente en la zona noroccidental del pa\u00eds, mediante un trabajo conjunto entre la empresa privada y el Gobierno para mejorar el clima de inversi\u00f3n y garantizar mayor seguridad jur\u00eddica. El representante del sector tambi\u00e9n destac\u00f3 el compromiso de la propia industria con diversificar su oferta de productos y sostener su competitividad internacional. Este desempe\u00f1o confirma a la maquila como uno de los principales motores de empleo y divisas para la econom\u00eda hondure\u00f1a.<\/p>\n<p><a href=\"https:\/\/elmundo.hn\/maquila-proyecta-cerrar-2026-con-exportaciones-por-5500-millones-de-dolares\/\" target=\"_blank\" rel=\"noopener\"><strong>Leer m\u00e1s<\/strong><\/a><\/p>\n<p><strong>Honduras explora la movilidad el\u00e9ctrica como alternativa estrat\u00e9gica de futuro<\/strong><\/p>\n<p>El expresidente del Banco Centroamericano de Integraci\u00f3n Econ\u00f3mica, Dante Mossi, plante\u00f3 la necesidad de que Honduras avance hacia la movilidad el\u00e9ctrica tanto para pasajeros como para carga, como una alternativa estrat\u00e9gica para reducir la dependencia de combustibles f\u00f3siles. El economista destac\u00f3 que este tipo de soluciones puede fortalecer la eficiencia energ\u00e9tica del transporte y la actividad productiva del pa\u00eds a mediano y largo plazo. Esta propuesta se enmarca en una tendencia regional hacia la diversificaci\u00f3n de fuentes energ\u00e9ticas y la modernizaci\u00f3n de los sistemas de transporte, tanto para el traslado de personas como para la distribuci\u00f3n de mercanc\u00edas. Avanzar hacia la electromovilidad representar\u00eda una oportunidad de inversi\u00f3n en infraestructura de carga el\u00e9ctrica, flotas de transporte m\u00e1s eficientes y tecnolog\u00edas limpias, fortaleciendo la competitividad log\u00edstica de Honduras y su capacidad de adaptaci\u00f3n ante los retos energ\u00e9ticos del futuro.<\/p>\n<p><a href=\"https:\/\/elmundo.hn\/inflacion-y-alza-del-diesel-reabren-debate-movilidad\/\" target=\"_blank\" rel=\"noopener\"><strong>Leer m\u00e1s<\/strong><\/a><\/p>\n<\/div>\n\n\n\t\t<\/div>\n\t<\/div>\n\t\n\t<div id=\"accordion-940819438\" class=\"accordion-item\">\n\t\t<a id=\"accordion-940819438-label\" class=\"accordion-title plain\" href=\"#accordion-item-nicaragua\" aria-expanded=\"false\" aria-controls=\"accordion-940819438-content\">\n\t\t\t<button class=\"toggle\" aria-label=\"Toggle\"><i class=\"icon-angle-down\" aria-hidden=\"true\"><\/i><\/button>\n\t\t\t<span>Nicaragua<\/span>\n\t\t<\/a>\n\t\t<div id=\"accordion-940819438-content\" class=\"accordion-inner\" aria-labelledby=\"accordion-940819438-label\">\n\t\t\t\n\n\n\n<div class=\"news-ni\">\n<p><strong>Nicaragua avanza en la modernizaci\u00f3n de su transporte p\u00fablico<\/strong><\/p>\n<p>El Gobierno de Nicaragua entregar\u00e1 en las pr\u00f3ximas semanas 60 nuevos autobuses procedentes de China a transportistas del pa\u00eds, como parte de un acuerdo de compra de 2.200 unidades destinadas a modernizar la flota vehicular del transporte urbano colectivo. La adquisici\u00f3n es resultado de un acuerdo firmado en Managua entre el Gobierno nicarag\u00fcense y la empresa china Yutong, l\u00edder mundial en la fabricaci\u00f3n de veh\u00edculos de transporte. Esta renovaci\u00f3n forma parte de un proceso gradual de entrega de unidades que continuar\u00e1 con los pr\u00f3ximos lotes provenientes de China. La iniciativa busca mejorar la calidad del servicio de transporte colectivo para los usuarios nicarag\u00fcenses, actualizando una flota vehicular que requiere modernizaci\u00f3n. Este tipo de cooperaci\u00f3n con proveedores internacionales fortalece la infraestructura de movilidad urbana del pa\u00eds y refleja el inter\u00e9s de empresas chinas en el mercado centroamericano de transporte.<\/p>\n<p><a href=\"https:\/\/www.revistaeyn.com\/centroamericaymundo\/nicaragua-entregara-otros-60-autobuses-chinos-para-modernizar-el-transporte-CD31761223\" target=\"_blank\" rel=\"noopener\"><strong>Leer m\u00e1s<\/strong><\/a><\/p>\n<\/div>\n\n\n\t\t<\/div>\n\t<\/div>\n\t\n\t<div id=\"accordion-1666988230\" class=\"accordion-item\">\n\t\t<a id=\"accordion-1666988230-label\" class=\"accordion-title plain\" href=\"#accordion-item-regional\" aria-expanded=\"false\" aria-controls=\"accordion-1666988230-content\">\n\t\t\t<button class=\"toggle\" aria-label=\"Toggle\"><i class=\"icon-angle-down\" aria-hidden=\"true\"><\/i><\/button>\n\t\t\t<span>Regional<\/span>\n\t\t<\/a>\n\t\t<div id=\"accordion-1666988230-content\" class=\"accordion-inner\" aria-labelledby=\"accordion-1666988230-label\">\n\t\t\t\n\n\n\n<div class=\"news-regional\">\n<p><strong>El Tri\u00e1ngulo Norte recibe un notable impulso econ\u00f3mico gracias al crecimiento de las remesas<\/strong><\/p>\n<p>Las remesas familiares recibidas por El Salvador, Guatemala y Honduras acumularon US$24.554,6 millones durante el primer semestre de 2026, un crecimiento del 7,8% frente al mismo per\u00edodo de 2025, seg\u00fan datos de la Organizaci\u00f3n Internacional para las Migraciones. Guatemala se consolid\u00f3 como el mayor receptor de la regi\u00f3n, con US$12.978,5 millones, equivalentes al 52,9% del total, seguido por Honduras con US$6.515,5 millones y El Salvador con US$5.060,6 millones. Honduras registr\u00f3 el mayor crecimiento interanual, con un 12,3%, seguido de Guatemala con 7% y El Salvador con 4,5%. Estados Unidos contin\u00faa siendo el principal origen de estos recursos, gracias a la amplia comunidad centroamericana que reside en ese pa\u00eds. Este flujo constante de remesas sigue siendo un motor clave para el consumo interno y la estabilidad econ\u00f3mica de los tres pa\u00edses, reforzando su atractivo como econom\u00edas con bases de consumo s\u00f3lidas y un importante respaldo de divisas.<\/p>\n<p><a href=\"https:\/\/www.revistaeyn.com\/centroamericaymundo\/remesas-a-el-salvador-guatemala-y-honduras-suben-78-en-primer-semestre-HE31714322\" target=\"_blank\" rel=\"noopener\"><strong>Leer m\u00e1s<\/strong><\/a><\/p>\n<\/div>\n\n\n\t\t<\/div>\n\t<\/div>\n\t\n\n<\/div>\n\n\t\t<\/div>\n\n\t\t\n<style>\n#section_1413567096 {\n  padding-top: 30px;\n  padding-bottom: 30px;\n}\n<\/style>\n\t<\/section>\n\t\n\n\t<section class=\"section texto-justificado\" id=\"section_942089208\">\n\t\t<div class=\"section-bg fill\" >\n\t\t\t\t\t\t\t\t\t\n\t\t\t\n\n\t\t<\/div>\n\n\t\t\n\n\t\t<div class=\"section-content relative\">\n\t\t\t\n\n\n\n<h2>BLP Insight<\/h2>\n<div class=\"news-insight\">\n<p><strong>Costa Rica se prepara para la entrada en vigor del Convenio 190 de la OIT<\/strong><\/p>\n<p>El Convenio N\u00b0 190 de la Organizaci\u00f3n Internacional del Trabajo (OIT) sobre violencia y acoso en el mundo del trabajo entrar\u00e1 en vigor en Costa Rica el 2 de octubre de 2026, introduciendo un enfoque m\u00e1s amplio y preventivo para la gesti\u00f3n de estos riesgos. La normativa extiende la protecci\u00f3n m\u00e1s all\u00e1 de las personas trabajadoras e incluye situaciones relacionadas con el teletrabajo, comunicaciones electr\u00f3nicas, viajes y actividades profesionales, entre otras. Para las empresas, el nuevo marco implica fortalecer la prevenci\u00f3n, incluyendo la identificaci\u00f3n y gesti\u00f3n de riesgos psicosociales, la revisi\u00f3n de procedimientos de denuncia e investigaci\u00f3n, la capacitaci\u00f3n de colaboradores y l\u00edderes y la adopci\u00f3n de medidas frente a situaciones de violencia o acoso provenientes de terceros. Antes de su entrada en vigor, las empresas deber\u00edan revisar sus pol\u00edticas y mecanismos de prevenci\u00f3n y documentar las medidas adoptadas, cuya acreditaci\u00f3n ser\u00e1 cada vez m\u00e1s relevante desde una perspectiva de cumplimiento y gesti\u00f3n del riesgo legal.<\/p>\n<p><a href=\"https:\/\/blplegal.com\/es\/prevencion-acoso-laboral-costa-rica\/\" target=\"_blank\" rel=\"noopener\"><strong>Leer m\u00e1s<\/strong><\/a><\/p>\n<\/div>\n<div class=\"news-insight\">\n<p><strong>Costa Rica prepara licitaci\u00f3n para ampliar y mejorar el corredor San Jos\u00e9-San Ram\u00f3n<\/strong><\/p>\n<p>El Gobierno de Costa Rica anunci\u00f3 para agosto la publicaci\u00f3n del cartel para la construcci\u00f3n y mejoramiento del corredor vial San Jos\u00e9-San Ram\u00f3n, uno de los proyectos de infraestructura vial de mayor envergadura del pa\u00eds. La iniciativa contempla una intervenci\u00f3n de aproximadamente 60 km y cuenta con US$770 millones en financiamiento internacional, provenientes del BCIE y el Fondo OPEP para el Desarrollo Internacional. El proyecto incluye obras de ampliaci\u00f3n, rehabilitaci\u00f3n y mejoramiento vial, as\u00ed como intercambios, puentes, pasos peatonales, pasos de fauna, bah\u00edas para autobuses, estaciones de peaje y sistemas ITS. La contrataci\u00f3n se regir\u00e1 por las pol\u00edticas de adquisici\u00f3n del BCIE, por lo que la publicaci\u00f3n del cartel ser\u00e1 determinante para conocer los requisitos de elegibilidad, experiencia t\u00e9cnica, capacidad financiera, garant\u00edas, reglas para consorcios y dem\u00e1s condiciones aplicables a los potenciales oferentes.<\/p>\n<p><a href=\"https:\/\/blplegal.com\/es\/licitacion-corredor-vial-san-jose-san-ramon\/\" target=\"_blank\" rel=\"noopener\"><strong>Leer m\u00e1s<\/strong><\/a><\/p>\n<\/div>\n\n<p><strong>BLP suma nuevos reconocimientos en Chambers Latin America 2027<\/strong><\/p>\n<p><span data-teams=\"true\">Este a\u00f1o, el directorio legal Chambers Latin America 2027 vuelve a reconocer la trayectoria y el trabajo constante de BLP en la regi\u00f3n, con 23 \u00e1reas de pr\u00e1ctica rankeadas en Costa Rica, El Salvador, Guatemala, Honduras y Nicaragua. Entre los resultados de este a\u00f1o destacan Derecho Corporativo\/Comercial, que sube a Banda 1 en El Salvador y Honduras, as\u00ed como Propiedad Intelectual, que avanza a Banda 2 en Nicaragua, y el reconocimiento de BLP en Seguros en Costa Rica, una nueva categor\u00eda en el directorio. Estos resultados reflejan la fortaleza y profundidad de nuestra pr\u00e1ctica en la regi\u00f3n y, sobre todo, la confianza que nuestros clientes depositan en nosotros y el compromiso de todo el equipo que hace posible este trabajo.<\/span><\/p>\n\n\t\t<\/div>\n\n\t\t\n<style>\n#section_942089208 {\n  padding-top: 30px;\n  padding-bottom: 30px;\n}\n<\/style>\n\t<\/section>\n\t\n\n\t<section class=\"section\" id=\"section_675037419\">\n\t\t<div class=\"section-bg fill\" >\n\t\t\t\t\t\t\t\t\t\n\t\t\t\n\n\t\t<\/div>\n\n\t\t\n\n\t\t<div class=\"section-content relative\">\n\t\t\t\n\n\n\n<h2>Indicadores Econ\u00f3micos<\/h2>\n<table>\n<thead>\n<tr>\n<th rowspan=\"2\">Pa\u00eds<\/th>\n<th rowspan=\"2\">Tipo de Cambio (moneda local por US$)<\/th>\n<th rowspan=\"2\">Tasa B\u00e1sica Pasiva (moneda local)<\/th>\n<th rowspan=\"2\">Tasa de Pol\u00edtica Monetaria Vigente<\/th>\n<th colspan=\"3\">Indicadores de Deuda Soberana<\/th>\n<th rowspan=\"2\">Inflaci\u00f3n Interanual<\/th>\n<\/tr>\n<tr>\n<th>S&#038;P<\/th>\n<th>Moody&#8217;s<\/th>\n<th>Fitch<\/th>\n<\/tr>\n<\/thead>\n<tbody>\n<tr>\n<td>Costa Rica<\/td>\n<td>453,33<\/td>\n<td>3,63%<\/td>\n<td>3,00%<\/td>\n<td>BB<\/td>\n<td>Ba2<\/td>\n<td>BB<\/td>\n<td>-0,27%<\/td>\n<\/tr>\n<tr>\n<td>El Salvador<\/td>\n<td>8,75<\/td>\n<td>4,65%<\/td>\n<td>N\/A<\/td>\n<td>B-<\/td>\n<td>B3<\/td>\n<td>B-<\/td>\n<td>2,49%<\/td>\n<\/tr>\n<tr>\n<td>Guatemala<\/td>\n<td>7,62<\/td>\n<td>4,65%<\/td>\n<td>3,50%<\/td>\n<td>BB+<\/td>\n<td>Ba1<\/td>\n<td>BB+<\/td>\n<td>2,70%<\/td>\n<\/tr>\n<tr>\n<td>Honduras<\/td>\n<td>26,83<\/td>\n<td>7,23%<\/td>\n<td>5,75%<\/td>\n<td>BB-<\/td>\n<td>B1<\/td>\n<td>N\/A<\/td>\n<td>5,58%<\/td>\n<\/tr>\n<tr>\n<td>Nicaragua<\/td>\n<td>36,62<\/td>\n<td>1,31%<\/td>\n<td>5,75%<\/td>\n<td>B+<\/td>\n<td>B2<\/td>\n<td>B<\/td>\n<td>4,00%<\/td>\n<\/tr>\n<\/tbody>\n<\/table>\n<p><strong><small>20\/08\/2026 | Fuente: <a href=\"https:\/\/www.secmca.org\/\">secmca.org<\/a><\/small><\/strong><\/p>\n<hr \/>\n<p style=\"text-align: center;\">Para m\u00e1s informaci\u00f3n, cont\u00e1ctanos en<br \/><a href=\"mailto:info@blplegal.com\">info@blplegal.com<\/a><\/p>\n\n\n\t\t<\/div>\n\n\t\t\n<style>\n#section_675037419 {\n  padding-top: 30px;\n  padding-bottom: 30px;\n}\n<\/style>\n\t<\/section>\n\t\n\n","protected":false},"excerpt":{"rendered":"","protected":false},"author":3,"featured_media":22342,"comment_status":"closed","ping_status":"open","sticky":false,"template":"","format":"standard","meta":{"_acf_changed":false,"footnotes":""},"categories":[303],"tags":[],"class_list":["post-23461","post","type-post","status-publish","format-standard","has-post-thumbnail","hentry","category-noticias"],"acf":[],"yoast_head":"<!-- This site is optimized with the Yoast SEO plugin v28.3 - https:\/\/yoast.com\/product\/yoast-seo-wordpress\/ -->\n<title>BUSINESS LAW PERSPECTIVES | 14 - 19 AGOSTO, 2026 - BLP Legal<\/title>\n<meta name=\"description\" content=\"El resumen de BLP sobre las noticias y oportunidades regionales m\u00e1s importantes ofrece una visi\u00f3n general del panorama econ\u00f3mico, social y pol\u00edtico de Centroam\u00e9rica con solo un clic.\" \/>\n<meta name=\"robots\" content=\"index, follow, max-snippet:-1, max-image-preview:large, max-video-preview:-1\" \/>\n<link rel=\"canonical\" href=\"https:\/\/blplegal.com\/es\/business-law-perspectives-14-19-agosto-2026\/\" \/>\n<meta property=\"og:locale\" content=\"es_ES\" \/>\n<meta property=\"og:type\" content=\"article\" \/>\n<meta property=\"og:title\" content=\"Business Law Perspectives\" \/>\n<meta property=\"og:description\" content=\"El resumen de BLP sobre las noticias y oportunidades regionales m\u00e1s importantes ofrece una visi\u00f3n general del panorama econ\u00f3mico, social y pol\u00edtico de Centroam\u00e9rica con solo un clic.\" \/>\n<meta property=\"og:url\" content=\"https:\/\/blplegal.com\/es\/business-law-perspectives-14-19-agosto-2026\/\" \/>\n<meta property=\"og:site_name\" content=\"BLP Legal\" \/>\n<meta property=\"article:publisher\" content=\"https:\/\/www.facebook.com\/blplaw\" \/>\n<meta property=\"article:published_time\" content=\"2026-08-20T16:54:29+00:00\" \/>\n<meta property=\"article:modified_time\" content=\"2026-08-20T23:02:11+00:00\" \/>\n<meta property=\"og:image\" content=\"https:\/\/blplegal.com\/wp-content\/uploads\/2026\/05\/noticias-CA-2026-100.jpg\" \/>\n\t<meta property=\"og:image:width\" content=\"1920\" \/>\n\t<meta property=\"og:image:height\" content=\"655\" \/>\n\t<meta property=\"og:image:type\" content=\"image\/jpeg\" \/>\n<meta name=\"author\" content=\"BLP\" \/>\n<meta name=\"twitter:card\" content=\"summary_large_image\" \/>\n<meta name=\"twitter:title\" content=\"Business Law Perspectives\" \/>\n<meta name=\"twitter:description\" content=\"El resumen de BLP sobre las noticias y oportunidades regionales m\u00e1s importantes ofrece una visi\u00f3n general del panorama econ\u00f3mico, social y pol\u00edtico de Centroam\u00e9rica con solo un clic.\" \/>\n<meta name=\"twitter:image\" content=\"https:\/\/blplegal.com\/wp-content\/uploads\/2026\/05\/noticias-CA-2026-100.jpg\" \/>\n<meta name=\"twitter:creator\" content=\"@blplegal\" \/>\n<meta name=\"twitter:site\" content=\"@blplegal\" \/>\n<meta name=\"twitter:label1\" content=\"Escrito por\" \/>\n\t<meta name=\"twitter:data1\" content=\"BLP\" \/>\n\t<meta name=\"twitter:label2\" content=\"Tiempo de lectura\" \/>\n\t<meta name=\"twitter:data2\" content=\"18 minutos\" \/>\n<script type=\"application\/ld+json\" class=\"yoast-schema-graph\">{\"@context\":\"https:\\\/\\\/schema.org\",\"@graph\":[{\"@type\":\"Article\",\"@id\":\"https:\\\/\\\/blplegal.com\\\/es\\\/business-law-perspectives-14-19-agosto-2026\\\/#article\",\"isPartOf\":{\"@id\":\"https:\\\/\\\/blplegal.com\\\/es\\\/business-law-perspectives-14-19-agosto-2026\\\/\"},\"author\":{\"name\":\"BLP\",\"@id\":\"https:\\\/\\\/blplegal.com\\\/es\\\/#\\\/schema\\\/person\\\/f5c4052956a003aa19608c579d61d8d2\"},\"headline\":\"BUSINESS LAW PERSPECTIVES | 14 &#8211; 19 AGOSTO, 2026\",\"datePublished\":\"2026-08-20T16:54:29+00:00\",\"dateModified\":\"2026-08-20T23:02:11+00:00\",\"mainEntityOfPage\":{\"@id\":\"https:\\\/\\\/blplegal.com\\\/es\\\/business-law-perspectives-14-19-agosto-2026\\\/\"},\"wordCount\":4495,\"publisher\":{\"@id\":\"https:\\\/\\\/blplegal.com\\\/es\\\/#organization\"},\"image\":{\"@id\":\"https:\\\/\\\/blplegal.com\\\/es\\\/business-law-perspectives-14-19-agosto-2026\\\/#primaryimage\"},\"thumbnailUrl\":\"https:\\\/\\\/blplegal.com\\\/wp-content\\\/uploads\\\/2026\\\/05\\\/noticias-CA-2026-100.jpg\",\"articleSection\":[\"Noticias\"],\"inLanguage\":\"es\"},{\"@type\":\"WebPage\",\"@id\":\"https:\\\/\\\/blplegal.com\\\/es\\\/business-law-perspectives-14-19-agosto-2026\\\/\",\"url\":\"https:\\\/\\\/blplegal.com\\\/es\\\/business-law-perspectives-14-19-agosto-2026\\\/\",\"name\":\"BUSINESS LAW PERSPECTIVES | 14 - 19 AGOSTO, 2026 - BLP Legal\",\"isPartOf\":{\"@id\":\"https:\\\/\\\/blplegal.com\\\/es\\\/#website\"},\"primaryImageOfPage\":{\"@id\":\"https:\\\/\\\/blplegal.com\\\/es\\\/business-law-perspectives-14-19-agosto-2026\\\/#primaryimage\"},\"image\":{\"@id\":\"https:\\\/\\\/blplegal.com\\\/es\\\/business-law-perspectives-14-19-agosto-2026\\\/#primaryimage\"},\"thumbnailUrl\":\"https:\\\/\\\/blplegal.com\\\/wp-content\\\/uploads\\\/2026\\\/05\\\/noticias-CA-2026-100.jpg\",\"datePublished\":\"2026-08-20T16:54:29+00:00\",\"dateModified\":\"2026-08-20T23:02:11+00:00\",\"description\":\"El resumen de BLP sobre las noticias y oportunidades regionales m\u00e1s importantes ofrece una visi\u00f3n general del panorama econ\u00f3mico, social y pol\u00edtico de Centroam\u00e9rica con solo un clic.\",\"breadcrumb\":{\"@id\":\"https:\\\/\\\/blplegal.com\\\/es\\\/business-law-perspectives-14-19-agosto-2026\\\/#breadcrumb\"},\"inLanguage\":\"es\",\"potentialAction\":[{\"@type\":\"ReadAction\",\"target\":[\"https:\\\/\\\/blplegal.com\\\/es\\\/business-law-perspectives-14-19-agosto-2026\\\/\"]}]},{\"@type\":\"ImageObject\",\"inLanguage\":\"es\",\"@id\":\"https:\\\/\\\/blplegal.com\\\/es\\\/business-law-perspectives-14-19-agosto-2026\\\/#primaryimage\",\"url\":\"https:\\\/\\\/blplegal.com\\\/wp-content\\\/uploads\\\/2026\\\/05\\\/noticias-CA-2026-100.jpg\",\"contentUrl\":\"https:\\\/\\\/blplegal.com\\\/wp-content\\\/uploads\\\/2026\\\/05\\\/noticias-CA-2026-100.jpg\",\"width\":1920,\"height\":655},{\"@type\":\"BreadcrumbList\",\"@id\":\"https:\\\/\\\/blplegal.com\\\/es\\\/business-law-perspectives-14-19-agosto-2026\\\/#breadcrumb\",\"itemListElement\":[{\"@type\":\"ListItem\",\"position\":1,\"name\":\"Home\",\"item\":\"https:\\\/\\\/blplegal.com\\\/es\\\/\"},{\"@type\":\"ListItem\",\"position\":2,\"name\":\"BUSINESS LAW PERSPECTIVES | 14 &#8211; 19 AGOSTO, 2026\"}]},{\"@type\":\"WebSite\",\"@id\":\"https:\\\/\\\/blplegal.com\\\/es\\\/#website\",\"url\":\"https:\\\/\\\/blplegal.com\\\/es\\\/\",\"name\":\"BLP Legal\",\"description\":\"\",\"publisher\":{\"@id\":\"https:\\\/\\\/blplegal.com\\\/es\\\/#organization\"},\"potentialAction\":[{\"@type\":\"SearchAction\",\"target\":{\"@type\":\"EntryPoint\",\"urlTemplate\":\"https:\\\/\\\/blplegal.com\\\/es\\\/?s={search_term_string}\"},\"query-input\":{\"@type\":\"PropertyValueSpecification\",\"valueRequired\":true,\"valueName\":\"search_term_string\"}}],\"inLanguage\":\"es\"},{\"@type\":\"Organization\",\"@id\":\"https:\\\/\\\/blplegal.com\\\/es\\\/#organization\",\"name\":\"BLP Legal\",\"url\":\"https:\\\/\\\/blplegal.com\\\/es\\\/\",\"logo\":{\"@type\":\"ImageObject\",\"inLanguage\":\"es\",\"@id\":\"https:\\\/\\\/blplegal.com\\\/es\\\/#\\\/schema\\\/logo\\\/image\\\/\",\"url\":\"https:\\\/\\\/blplegal.com\\\/wp-content\\\/uploads\\\/2026\\\/02\\\/logo-horizontal-800x121-1.png\",\"contentUrl\":\"https:\\\/\\\/blplegal.com\\\/wp-content\\\/uploads\\\/2026\\\/02\\\/logo-horizontal-800x121-1.png\",\"width\":800,\"height\":121,\"caption\":\"BLP Legal\"},\"image\":{\"@id\":\"https:\\\/\\\/blplegal.com\\\/es\\\/#\\\/schema\\\/logo\\\/image\\\/\"},\"sameAs\":[\"https:\\\/\\\/www.facebook.com\\\/blplaw\",\"https:\\\/\\\/x.com\\\/blplegal\"]},{\"@type\":\"Person\",\"@id\":\"https:\\\/\\\/blplegal.com\\\/es\\\/#\\\/schema\\\/person\\\/f5c4052956a003aa19608c579d61d8d2\",\"name\":\"BLP\",\"url\":\"https:\\\/\\\/blplegal.com\\\/es\\\/author\\\/kvalverde\\\/\"}]}<\/script>\n<!-- \/ Yoast SEO plugin. -->","yoast_head_json":{"title":"BUSINESS LAW PERSPECTIVES | 14 - 19 AGOSTO, 2026 - BLP Legal","description":"El resumen de BLP sobre las noticias y oportunidades regionales m\u00e1s importantes ofrece una visi\u00f3n general del panorama econ\u00f3mico, social y pol\u00edtico de Centroam\u00e9rica con solo un clic.","robots":{"index":"index","follow":"follow","max-snippet":"max-snippet:-1","max-image-preview":"max-image-preview:large","max-video-preview":"max-video-preview:-1"},"canonical":"https:\/\/blplegal.com\/es\/business-law-perspectives-14-19-agosto-2026\/","og_locale":"es_ES","og_type":"article","og_title":"Business Law Perspectives","og_description":"El resumen de BLP sobre las noticias y oportunidades regionales m\u00e1s importantes ofrece una visi\u00f3n general del panorama econ\u00f3mico, social y pol\u00edtico de Centroam\u00e9rica con solo un clic.","og_url":"https:\/\/blplegal.com\/es\/business-law-perspectives-14-19-agosto-2026\/","og_site_name":"BLP Legal","article_publisher":"https:\/\/www.facebook.com\/blplaw","article_published_time":"2026-08-20T16:54:29+00:00","article_modified_time":"2026-08-20T23:02:11+00:00","og_image":[{"width":1920,"height":655,"url":"https:\/\/blplegal.com\/wp-content\/uploads\/2026\/05\/noticias-CA-2026-100.jpg","type":"image\/jpeg"}],"author":"BLP","twitter_card":"summary_large_image","twitter_title":"Business Law Perspectives","twitter_description":"El resumen de BLP sobre las noticias y oportunidades regionales m\u00e1s importantes ofrece una visi\u00f3n general del panorama econ\u00f3mico, social y pol\u00edtico de Centroam\u00e9rica con solo un clic.","twitter_image":"https:\/\/blplegal.com\/wp-content\/uploads\/2026\/05\/noticias-CA-2026-100.jpg","twitter_creator":"@blplegal","twitter_site":"@blplegal","twitter_misc":{"Escrito por":"BLP","Tiempo de lectura":"18 minutos"},"schema":{"@context":"https:\/\/schema.org","@graph":[{"@type":"Article","@id":"https:\/\/blplegal.com\/es\/business-law-perspectives-14-19-agosto-2026\/#article","isPartOf":{"@id":"https:\/\/blplegal.com\/es\/business-law-perspectives-14-19-agosto-2026\/"},"author":{"name":"BLP","@id":"https:\/\/blplegal.com\/es\/#\/schema\/person\/f5c4052956a003aa19608c579d61d8d2"},"headline":"BUSINESS LAW PERSPECTIVES | 14 &#8211; 19 AGOSTO, 2026","datePublished":"2026-08-20T16:54:29+00:00","dateModified":"2026-08-20T23:02:11+00:00","mainEntityOfPage":{"@id":"https:\/\/blplegal.com\/es\/business-law-perspectives-14-19-agosto-2026\/"},"wordCount":4495,"publisher":{"@id":"https:\/\/blplegal.com\/es\/#organization"},"image":{"@id":"https:\/\/blplegal.com\/es\/business-law-perspectives-14-19-agosto-2026\/#primaryimage"},"thumbnailUrl":"https:\/\/blplegal.com\/wp-content\/uploads\/2026\/05\/noticias-CA-2026-100.jpg","articleSection":["Noticias"],"inLanguage":"es"},{"@type":"WebPage","@id":"https:\/\/blplegal.com\/es\/business-law-perspectives-14-19-agosto-2026\/","url":"https:\/\/blplegal.com\/es\/business-law-perspectives-14-19-agosto-2026\/","name":"BUSINESS LAW PERSPECTIVES | 14 - 19 AGOSTO, 2026 - BLP Legal","isPartOf":{"@id":"https:\/\/blplegal.com\/es\/#website"},"primaryImageOfPage":{"@id":"https:\/\/blplegal.com\/es\/business-law-perspectives-14-19-agosto-2026\/#primaryimage"},"image":{"@id":"https:\/\/blplegal.com\/es\/business-law-perspectives-14-19-agosto-2026\/#primaryimage"},"thumbnailUrl":"https:\/\/blplegal.com\/wp-content\/uploads\/2026\/05\/noticias-CA-2026-100.jpg","datePublished":"2026-08-20T16:54:29+00:00","dateModified":"2026-08-20T23:02:11+00:00","description":"El resumen de BLP sobre las noticias y oportunidades regionales m\u00e1s importantes ofrece una visi\u00f3n general del panorama econ\u00f3mico, social y pol\u00edtico de Centroam\u00e9rica con solo un clic.","breadcrumb":{"@id":"https:\/\/blplegal.com\/es\/business-law-perspectives-14-19-agosto-2026\/#breadcrumb"},"inLanguage":"es","potentialAction":[{"@type":"ReadAction","target":["https:\/\/blplegal.com\/es\/business-law-perspectives-14-19-agosto-2026\/"]}]},{"@type":"ImageObject","inLanguage":"es","@id":"https:\/\/blplegal.com\/es\/business-law-perspectives-14-19-agosto-2026\/#primaryimage","url":"https:\/\/blplegal.com\/wp-content\/uploads\/2026\/05\/noticias-CA-2026-100.jpg","contentUrl":"https:\/\/blplegal.com\/wp-content\/uploads\/2026\/05\/noticias-CA-2026-100.jpg","width":1920,"height":655},{"@type":"BreadcrumbList","@id":"https:\/\/blplegal.com\/es\/business-law-perspectives-14-19-agosto-2026\/#breadcrumb","itemListElement":[{"@type":"ListItem","position":1,"name":"Home","item":"https:\/\/blplegal.com\/es\/"},{"@type":"ListItem","position":2,"name":"BUSINESS LAW PERSPECTIVES | 14 &#8211; 19 AGOSTO, 2026"}]},{"@type":"WebSite","@id":"https:\/\/blplegal.com\/es\/#website","url":"https:\/\/blplegal.com\/es\/","name":"BLP Legal","description":"","publisher":{"@id":"https:\/\/blplegal.com\/es\/#organization"},"potentialAction":[{"@type":"SearchAction","target":{"@type":"EntryPoint","urlTemplate":"https:\/\/blplegal.com\/es\/?s={search_term_string}"},"query-input":{"@type":"PropertyValueSpecification","valueRequired":true,"valueName":"search_term_string"}}],"inLanguage":"es"},{"@type":"Organization","@id":"https:\/\/blplegal.com\/es\/#organization","name":"BLP Legal","url":"https:\/\/blplegal.com\/es\/","logo":{"@type":"ImageObject","inLanguage":"es","@id":"https:\/\/blplegal.com\/es\/#\/schema\/logo\/image\/","url":"https:\/\/blplegal.com\/wp-content\/uploads\/2026\/02\/logo-horizontal-800x121-1.png","contentUrl":"https:\/\/blplegal.com\/wp-content\/uploads\/2026\/02\/logo-horizontal-800x121-1.png","width":800,"height":121,"caption":"BLP Legal"},"image":{"@id":"https:\/\/blplegal.com\/es\/#\/schema\/logo\/image\/"},"sameAs":["https:\/\/www.facebook.com\/blplaw","https:\/\/x.com\/blplegal"]},{"@type":"Person","@id":"https:\/\/blplegal.com\/es\/#\/schema\/person\/f5c4052956a003aa19608c579d61d8d2","name":"BLP","url":"https:\/\/blplegal.com\/es\/author\/kvalverde\/"}]}},"_links":{"self":[{"href":"https:\/\/blplegal.com\/es\/wp-json\/wp\/v2\/posts\/23461","targetHints":{"allow":["GET"]}}],"collection":[{"href":"https:\/\/blplegal.com\/es\/wp-json\/wp\/v2\/posts"}],"about":[{"href":"https:\/\/blplegal.com\/es\/wp-json\/wp\/v2\/types\/post"}],"author":[{"embeddable":true,"href":"https:\/\/blplegal.com\/es\/wp-json\/wp\/v2\/users\/3"}],"replies":[{"embeddable":true,"href":"https:\/\/blplegal.com\/es\/wp-json\/wp\/v2\/comments?post=23461"}],"version-history":[{"count":0,"href":"https:\/\/blplegal.com\/es\/wp-json\/wp\/v2\/posts\/23461\/revisions"}],"wp:featuredmedia":[{"embeddable":true,"href":"https:\/\/blplegal.com\/es\/wp-json\/wp\/v2\/media\/22342"}],"wp:attachment":[{"href":"https:\/\/blplegal.com\/es\/wp-json\/wp\/v2\/media?parent=23461"}],"wp:term":[{"taxonomy":"category","embeddable":true,"href":"https:\/\/blplegal.com\/es\/wp-json\/wp\/v2\/categories?post=23461"},{"taxonomy":"post_tag","embeddable":true,"href":"https:\/\/blplegal.com\/es\/wp-json\/wp\/v2\/tags?post=23461"}],"curies":[{"name":"wp","href":"https:\/\/api.w.org\/{rel}","templated":true}]}}