{"id":23458,"date":"2026-08-17T17:02:57","date_gmt":"2026-08-17T23:02:57","guid":{"rendered":"https:\/\/blplegal.com\/?p=23458"},"modified":"2026-08-17T17:12:57","modified_gmt":"2026-08-17T23:12:57","slug":"licitacion-corredor-vial-san-jose-san-ramon","status":"publish","type":"post","link":"https:\/\/blplegal.com\/es\/licitacion-corredor-vial-san-jose-san-ramon\/","title":{"rendered":"Gobierno de Costa Rica anuncia pr\u00f3xima licitaci\u00f3n para construcci\u00f3n de Ruta San Jos\u00e9- San Ram\u00f3n"},"content":{"rendered":"\n<p><\/p>\n<div style=\"font-family: 'Outfit', sans-serif; max-width: 860px; margin: 0 auto; color: #1a1a1a; line-height: 1.55;\">\n<div style=\"font-family: 'Outfit', sans-serif; display: flex; flex-wrap: wrap; justify-content: space-between; gap: 20px; margin-bottom: 26px;\">\n<div style=\"font-family: 'Outfit', sans-serif; flex: 1 1 240px; border-bottom: 2px solid #ff6800; padding-bottom: 6px;\"><span style=\"font-family: 'Outfit', sans-serif; font-size: 12px; font-weight: bold; letter-spacing: 1.6px; text-transform: uppercase; color: #1a1a1a;\">avance de proyecto<\/span><\/div>\n<div style=\"font-family: 'Outfit', sans-serif; flex: 1 1 240px; border-bottom: 2px solid #ff6800; padding-bottom: 6px; text-align: right;\"><span style=\"font-family: 'Outfit', sans-serif; font-size: 12px; font-weight: bold; letter-spacing: 1.6px; text-transform: uppercase; color: #1a1a1a;\">Infraestructura vial<\/span><\/div>\n<\/div>\n<div style=\"font-family: 'Outfit', sans-serif; background-color: #141414; padding: 34px 36px 30px 36px; margin-bottom: 30px;\">\n<p style=\"font-family: 'Outfit', sans-serif; margin: 0 0 14px 0; font-size: 13px; font-weight: bold; letter-spacing: 1.4px; text-transform: uppercase; color: #ff6800;\">Oportunidad de inversi\u00f3n en infraestructura vial<\/p>\n<h2 style=\"font-family: 'Outfit', sans-serif; margin: 0 0 14px 0; font-size: 30px; line-height: 1.2; font-weight: bold; color: #ffffff;\">Gobierno de Costa Rica anuncia pr\u00f3xima licitaci\u00f3n para construcci\u00f3n de Ruta San Jos\u00e9-San Ram\u00f3n<\/h2>\n<p style=\"font-family: 'Outfit', sans-serif; margin: 0; font-size: 15px; font-style: italic; color: #e6e6e6;\">Uno de los proyectos de infraestructura vial de mayor envergadura en la historia reciente del pa\u00eds, con financiamiento internacional ya aprobado.<\/p>\n<\/div>\n<div style=\"font-family: 'Outfit', sans-serif; display: flex; flex-wrap: wrap; border: 1px solid #dcdcdc; margin-bottom: 30px;\">\n<div style=\"font-family: 'Outfit', sans-serif; flex: 1 1 200px; padding: 22px 20px; border-right: 1px solid #dcdcdc;\">\n<p style=\"font-family: 'Outfit', sans-serif; margin: 0 0 8px 0; font-size: 24px; font-weight: bold; color: #1a1a1a;\">US$770M<\/p>\n<div style=\"font-family: 'Outfit', sans-serif; border-top: 2px solid #ff6800; padding-top: 8px;\"><span style=\"font-family: 'Outfit', sans-serif; font-size: 11px; font-weight: bold; letter-spacing: 1.2px; text-transform: uppercase; color: #444444;\">Monto total de referencia<\/span><\/div>\n<\/div>\n<div style=\"font-family: 'Outfit', sans-serif; flex: 1 1 200px; padding: 22px 20px; border-right: 1px solid #dcdcdc;\">\n<p style=\"font-family: 'Outfit', sans-serif; margin: 0 0 8px 0; font-size: 24px; font-weight: bold; color: #1a1a1a;\">US$600M \/ US$170M<\/p>\n<div style=\"font-family: 'Outfit', sans-serif; border-top: 2px solid #ff6800; padding-top: 8px;\"><span style=\"font-family: 'Outfit', sans-serif; font-size: 11px; font-weight: bold; letter-spacing: 1.2px; text-transform: uppercase; color: #444444;\">BCIE \/ Fondo OPEP<\/span><\/div>\n<\/div>\n<div style=\"font-family: 'Outfit', sans-serif; flex: 1 1 200px; padding: 22px 20px;\">\n<p style=\"font-family: 'Outfit', sans-serif; margin: 0 0 8px 0; font-size: 24px; font-weight: bold; color: #1a1a1a;\">~60 km<\/p>\n<div style=\"font-family: 'Outfit', sans-serif; border-top: 2px solid #ff6800; padding-top: 8px;\"><span style=\"font-family: 'Outfit', sans-serif; font-size: 11px; font-weight: bold; letter-spacing: 1.2px; text-transform: uppercase; color: #444444;\">Extensi\u00f3n de intervenci\u00f3n<\/span><\/div>\n<\/div>\n<\/div>\n<hr style=\"font-family: 'Outfit', sans-serif; border: 0; border-top: 2px solid #ff6800; margin: 0 0 26px 0;\" \/>\n<h3 style=\"font-family: 'Outfit', sans-serif; margin: 0 0 14px 0; font-size: 20px; font-weight: bold; text-transform: uppercase; color: #1a1a1a;\">Por qu\u00e9 este proyecto capta la atenci\u00f3n del mercado<\/h3>\n<p style=\"font-family: 'Outfit', sans-serif; margin: 0 0 18px 0; text-align: justify; font-size: 15px;\">El Corredor San Jos\u00e9 \u2013 San Ram\u00f3n es una de las arterias viales m\u00e1s transitadas de Costa Rica y una pieza clave de la conectividad entre el \u00c1rea Metropolitana, Alajuela y la regi\u00f3n de Occidente. Su ampliaci\u00f3n y mejoramiento, junto con la Radial R\u00edo Segundo, representa una inversi\u00f3n de infraestructura de gran escala respaldada por financiamiento internacional ya aprobado por ley, lo que ofrece a los interesados un punto de entrada claro a un proyecto de alto perfil, con reglas de contrataci\u00f3n internacionalmente reconocidas (BCIE) y un cronograma de publicaci\u00f3n de cartel ya anunciado por el MOPT.<\/p>\n<div style=\"font-family: 'Outfit', sans-serif; border-left: 4px solid #ff6800; padding: 0 0 0 12px; margin: 0 0 12px 0;\">\n<p style=\"font-family: 'Outfit', sans-serif; margin: 0; text-align: justify; font-size: 15px;\">Financiamiento asegurado por US$770 millones, combinando recursos del BCIE (US$600M) y el Fondo OPEP para el Desarrollo Internacional (US$170M).<\/p>\n<\/div>\n<div style=\"font-family: 'Outfit', sans-serif; border-left: 4px solid #ff6800; padding: 0 0 0 12px; margin: 0 0 12px 0;\">\n<p style=\"font-family: 'Outfit', sans-serif; margin: 0; text-align: justify; font-size: 15px;\">Cobertura de aproximadamente 60 km entre el corredor principal (55,6 km, Ruta Nacional N.\u00b0 1, La Sabana \u2013 San Ram\u00f3n) y la Radial R\u00edo Segundo (4,45 km, Alajuela \u2013 Bel\u00e9n).<\/p>\n<\/div>\n<div style=\"font-family: 'Outfit', sans-serif; border-left: 4px solid #ff6800; padding: 0 0 0 12px; margin: 0 0 12px 0;\">\n<p style=\"font-family: 'Outfit', sans-serif; margin: 0; text-align: justify; font-size: 15px;\">Alcance de obra diverso: ampliaci\u00f3n, rehabilitaci\u00f3n y mejoramiento vial, intercambios, puentes, pasos peatonales, pasos de fauna, bah\u00edas para autobuses, estaciones de peaje y sistemas ITS \u2014 m\u00faltiples frentes de participaci\u00f3n para constructoras, consorcios y proveedores especializados.<\/p>\n<\/div>\n<div style=\"font-family: 'Outfit', sans-serif; border-left: 4px solid #ff6800; padding: 0 0 0 12px; margin: 0 0 12px 0;\">\n<p style=\"font-family: 'Outfit', sans-serif; margin: 0; text-align: justify; font-size: 15px;\">R\u00e9gimen de contrataci\u00f3n bajo las pol\u00edticas de adquisici\u00f3n del BCIE, un marco reconocido internacionalmente que ofrece previsibilidad a oferentes locales e internacionales.<\/p>\n<\/div>\n<div style=\"font-family: 'Outfit', sans-serif; border-left: 4px solid #ff6800; padding: 0 0 0 12px; margin: 0 0 26px 0;\">\n<p style=\"font-family: 'Outfit', sans-serif; margin: 0; text-align: justify; font-size: 15px;\">Publicaci\u00f3n del cartel anunciada por el MOPT para agosto, lo que abre una ventana pr\u00f3xima para el an\u00e1lisis t\u00e9cnico y la preparaci\u00f3n de ofertas.<\/p>\n<\/div>\n<h3 style=\"font-family: 'Outfit', sans-serif; margin: 0 0 14px 0; font-size: 20px; font-weight: bold; text-transform: uppercase; color: #1a1a1a;\">Alcance preliminar del proyecto<\/h3>\n<p style=\"font-family: 'Outfit', sans-serif; margin: 0 0 14px 0; text-align: justify; font-size: 15px;\">El proyecto comprende la intervenci\u00f3n del corredor San Jos\u00e9 \u2013 San Ram\u00f3n, sobre la Ruta Nacional N.\u00b0 1, en el tramo entre La Sabana y San Ram\u00f3n, as\u00ed como la Radial R\u00edo Segundo entre Alajuela y Bel\u00e9n. Se trata de una intervenci\u00f3n de aproximadamente 55,6 km en el corredor principal y 4,45 km adicionales en la Radial R\u00edo Segundo.<\/p>\n<p style=\"font-family: 'Outfit', sans-serif; margin: 0 0 26px 0; text-align: justify; font-size: 15px;\">Las obras anunciadas incluyen ampliaci\u00f3n, rehabilitaci\u00f3n y mejoramiento vial, as\u00ed como componentes complementarios asociados a intercambios, puentes, pasos peatonales, pasos de fauna, bah\u00edas para autobuses, estaciones de peaje, sistemas ITS y otras obras necesarias para la operaci\u00f3n del corredor.<\/p>\n<hr style=\"font-family: 'Outfit', sans-serif; border: 0; border-top: 2px solid #ff6800; margin: 0 0 26px 0;\" \/>\n<h3 style=\"font-family: 'Outfit', sans-serif; margin: 0 0 14px 0; font-size: 20px; font-weight: bold; text-transform: uppercase; color: #1a1a1a;\">Aspectos pendientes de definici\u00f3n en el cartel<\/h3>\n<p style=\"font-family: 'Outfit', sans-serif; margin: 0 0 18px 0; text-align: justify; font-size: 15px;\">Los siguientes elementos a\u00fan deben ser precisados en el pliego definitivo y conviene monitorear de cerca:<\/p>\n<div style=\"font-family: 'Outfit', sans-serif; border-left: 4px solid #ff6800; padding: 0 0 0 12px; margin: 0 0 10px 0;\">\n<p style=\"font-family: 'Outfit', sans-serif; margin: 0; font-size: 15px;\">Estructura del proceso y eventual divisi\u00f3n por lotes, tramos o paquetes constructivos.<\/p>\n<\/div>\n<div style=\"font-family: 'Outfit', sans-serif; border-left: 4px solid #ff6800; padding: 0 0 0 12px; margin: 0 0 10px 0;\">\n<p style=\"font-family: 'Outfit', sans-serif; margin: 0; font-size: 15px;\">Requisitos de elegibilidad y experiencia t\u00e9cnica espec\u00edfica.<\/p>\n<\/div>\n<div style=\"font-family: 'Outfit', sans-serif; border-left: 4px solid #ff6800; padding: 0 0 0 12px; margin: 0 0 10px 0;\">\n<p style=\"font-family: 'Outfit', sans-serif; margin: 0; font-size: 15px;\">Capacidad financiera m\u00ednima y documentaci\u00f3n de respaldo.<\/p>\n<\/div>\n<div style=\"font-family: 'Outfit', sans-serif; border-left: 4px solid #ff6800; padding: 0 0 0 12px; margin: 0 0 10px 0;\">\n<p style=\"font-family: 'Outfit', sans-serif; margin: 0; font-size: 15px;\">Reglas para consorcios, subcontrataci\u00f3n y acreditaci\u00f3n de experiencia conjunta.<\/p>\n<\/div>\n<div style=\"font-family: 'Outfit', sans-serif; border-left: 4px solid #ff6800; padding: 0 0 0 12px; margin: 0 0 10px 0;\">\n<p style=\"font-family: 'Outfit', sans-serif; margin: 0; font-size: 15px;\">Garant\u00edas de participaci\u00f3n y cumplimiento.<\/p>\n<\/div>\n<div style=\"font-family: 'Outfit', sans-serif; border-left: 4px solid #ff6800; padding: 0 0 0 12px; margin: 0 0 10px 0;\">\n<p style=\"font-family: 'Outfit', sans-serif; margin: 0; font-size: 15px;\">Cronograma de consultas, aclaraciones, presentaci\u00f3n de ofertas y adjudicaci\u00f3n.<\/p>\n<\/div>\n<div style=\"font-family: 'Outfit', sans-serif; border-left: 4px solid #ff6800; padding: 0 0 0 12px; margin: 0 0 10px 0;\">\n<p style=\"font-family: 'Outfit', sans-serif; margin: 0; font-size: 15px;\">R\u00e9gimen aplicable a objeciones, reclamos o impugnaciones bajo normativa BCIE.<\/p>\n<\/div>\n<div style=\"font-family: 'Outfit', sans-serif; border-left: 4px solid #ff6800; padding: 0 0 0 12px; margin: 0 0 30px 0;\">\n<p style=\"font-family: 'Outfit', sans-serif; margin: 0; text-align: justify; font-size: 15px;\">Condiciones contractuales de precio, moneda, reajustes, multas, plazo, controversias y riesgos.<\/p>\n<\/div>\n<div style=\"font-family: 'Outfit', sans-serif; background-color: #141414; padding: 30px 34px; margin-bottom: 30px;\">\n<p style=\"font-family: 'Outfit', sans-serif; margin: 0 0 12px 0; font-size: 12px; font-weight: bold; letter-spacing: 1.4px; text-transform: uppercase; color: #ff6800;\">Marco legal<\/p>\n<hr style=\"font-family: 'Outfit', sans-serif; border: 0; border-top: 1px solid #ff6800; margin: 0 0 16px 0;\" \/>\n<p style=\"font-family: 'Outfit', sans-serif; margin: 0 0 14px 0; font-size: 17px; font-weight: bold; color: #ffffff;\">R\u00e9gimen de contrataci\u00f3n<\/p>\n<p style=\"font-family: 'Outfit', sans-serif; margin: 0 0 14px 0; text-align: justify; font-size: 14px; color: #e6e6e6;\">El proyecto est\u00e1 regulado mediante la Ley N.\u00b0 10899, publicada en el Alcance N.\u00b0 37 a La Gaceta N.\u00b0 68 del 15 de abril de 2026. Dicha ley aprueba los contratos de pr\u00e9stamo suscritos por la Rep\u00fablica de Costa Rica con el Banco Centroamericano de Integraci\u00f3n Econ\u00f3mica (BCIE) y el Fondo OPEP para el Desarrollo Internacional, con el prop\u00f3sito de financiar la ejecuci\u00f3n de esta obra vial.<\/p>\n<p style=\"font-family: 'Outfit', sans-serif; margin: 0 0 14px 0; text-align: justify; font-size: 14px; color: #e6e6e6;\">El proyecto queda vinculado a las pol\u00edticas de adquisici\u00f3n del BCIE aplicables a bienes, obras, servicios y consultor\u00edas financiados con recursos de dicha entidad. En consecuencia, el eventual an\u00e1lisis del cartel deber\u00e1 realizarse a partir del pliego definitivo y de las reglas BCIE aplicables, revisando con especial cuidado los requisitos de elegibilidad, experiencia t\u00e9cnica, capacidad financiera, garant\u00edas, reglas de consorcios, mecanismos de aclaraci\u00f3n u objeci\u00f3n y r\u00e9gimen de impugnaci\u00f3n que finalmente se establezcan.<\/p>\n<p style=\"font-family: 'Outfit', sans-serif; margin: 0; font-size: 12px; font-style: italic; color: #b3b3b3;\">Fuente: Ley N.\u00b0 10899, Alcance N.\u00b0 37 a La Gaceta N.\u00b0 68 del 15 de abril de 2026.<\/p>\n<\/div>\n<hr style=\"font-family: 'Outfit', sans-serif; border: 0; border-top: 2px solid #ff6800; margin: 0 0 22px 0;\" \/>\n<h3 style=\"font-family: 'Outfit', sans-serif; margin: 0 0 16px 0; font-size: 20px; font-weight: bold; text-transform: uppercase; color: #1a1a1a;\">resumen de la cartera<\/h3>\n<table style=\"font-family: 'Outfit', sans-serif; width: 100%; border-collapse: collapse; margin-bottom: 30px;\">\n<tbody>\n<tr>\n<td style=\"font-family: 'Outfit', sans-serif; width: 30%; background-color: #f2f2f2; border: 1px solid #dcdcdc; padding: 10px 14px; font-size: 14px; font-weight: bold;\">Norma aplicable<\/td>\n<td style=\"font-family: 'Outfit', sans-serif; border: 1px solid #dcdcdc; padding: 10px 14px; font-size: 14px;\">Ley N.\u00b0 10899<\/td>\n<\/tr>\n<tr>\n<td style=\"font-family: 'Outfit', sans-serif; background-color: #f2f2f2; border: 1px solid #dcdcdc; padding: 10px 14px; font-size: 14px; font-weight: bold;\">Publicaci\u00f3n<\/td>\n<td style=\"font-family: 'Outfit', sans-serif; border: 1px solid #dcdcdc; padding: 10px 14px; font-size: 14px;\">Alcance N.\u00b0 37 a La Gaceta N.\u00b0 68 del 15 de abril de 2026<\/td>\n<\/tr>\n<tr>\n<td style=\"font-family: 'Outfit', sans-serif; background-color: #f2f2f2; border: 1px solid #dcdcdc; padding: 10px 14px; font-size: 14px; font-weight: bold;\">Objeto de la ley<\/td>\n<td style=\"font-family: 'Outfit', sans-serif; border: 1px solid #dcdcdc; padding: 10px 14px; font-size: 14px;\">Aprobaci\u00f3n de los contratos de pr\u00e9stamo para financiar el proyecto<\/td>\n<\/tr>\n<tr>\n<td style=\"font-family: 'Outfit', sans-serif; background-color: #f2f2f2; border: 1px solid #dcdcdc; padding: 10px 14px; font-size: 14px; font-weight: bold;\">Contrato BCIE<\/td>\n<td style=\"font-family: 'Outfit', sans-serif; border: 1px solid #dcdcdc; padding: 10px 14px; font-size: 14px;\">N.\u00b0 2341, hasta US$600.000.000<\/td>\n<\/tr>\n<tr>\n<td style=\"font-family: 'Outfit', sans-serif; background-color: #f2f2f2; border: 1px solid #dcdcdc; padding: 10px 14px; font-size: 14px; font-weight: bold;\">Fondo OPEP<\/td>\n<td style=\"font-family: 'Outfit', sans-serif; border: 1px solid #dcdcdc; padding: 10px 14px; font-size: 14px;\">Financiamiento complementario de US$170.000.000<\/td>\n<\/tr>\n<tr>\n<td style=\"font-family: 'Outfit', sans-serif; background-color: #f2f2f2; border: 1px solid #dcdcdc; padding: 10px 14px; font-size: 14px; font-weight: bold;\">Monto total<\/td>\n<td style=\"font-family: 'Outfit', sans-serif; border: 1px solid #dcdcdc; padding: 10px 14px; font-size: 14px;\">US$770.000.000<\/td>\n<\/tr>\n<tr>\n<td style=\"font-family: 'Outfit', sans-serif; background-color: #f2f2f2; border: 1px solid #dcdcdc; padding: 10px 14px; font-size: 14px; font-weight: bold;\">Corredor principal<\/td>\n<td style=\"font-family: 'Outfit', sans-serif; border: 1px solid #dcdcdc; padding: 10px 14px; font-size: 14px;\">Ruta Nacional N.\u00b0 1, tramo La Sabana \u2013 San Ram\u00f3n (55,6 km)<\/td>\n<\/tr>\n<tr>\n<td style=\"font-family: 'Outfit', sans-serif; background-color: #f2f2f2; border: 1px solid #dcdcdc; padding: 10px 14px; font-size: 14px; font-weight: bold;\">Radial R\u00edo Segundo<\/td>\n<td style=\"font-family: 'Outfit', sans-serif; border: 1px solid #dcdcdc; padding: 10px 14px; font-size: 14px;\">Tramo Alajuela \u2013 Bel\u00e9n (4,45 km)<\/td>\n<\/tr>\n<tr>\n<td style=\"font-family: 'Outfit', sans-serif; background-color: #f2f2f2; border: 1px solid #dcdcdc; padding: 10px 14px; font-size: 14px; font-weight: bold;\">R\u00e9gimen de contrataci\u00f3n<\/td>\n<td style=\"font-family: 'Outfit', sans-serif; border: 1px solid #dcdcdc; padding: 10px 14px; font-size: 14px;\">Pol\u00edticas de adquisici\u00f3n del BCIE<\/td>\n<\/tr>\n<tr>\n<td style=\"font-family: 'Outfit', sans-serif; background-color: #f2f2f2; border: 1px solid #dcdcdc; padding: 10px 14px; font-size: 14px; font-weight: bold;\">Estado del cartel<\/td>\n<td style=\"font-family: 'Outfit', sans-serif; border: 1px solid #dcdcdc; padding: 10px 14px; font-size: 14px;\">A\u00fan no publicado; el MOPT anuncia publicaci\u00f3n en agosto<\/td>\n<\/tr>\n<\/tbody>\n<\/table>\n<div style=\"font-family: 'Outfit', sans-serif; background-color: #141414; padding: 30px 34px;\">\n<p style=\"font-family: 'Outfit', sans-serif; margin: 0 0 16px 0; font-size: 17px; font-weight: bold; color: #ffffff;\">\u00bfLe interesa dar seguimiento a este proceso o recibir el an\u00e1lisis del cartel apenas se publique?<\/p>\n<p style=\"font-family: 'Outfit', sans-serif; margin: 0; font-size: 15px; color: #ffffff;\">Cont\u00e1ctenos: <a style=\"font-family: 'Outfit', sans-serif; color: #ff6800; font-weight: bold; text-decoration: none;\" href=\"mailto:info@blplegal.com\">info@blplegal.com<\/a><\/p>\n<\/div>\n<\/div>\n<p><\/p>\n\n","protected":false},"excerpt":{"rendered":"","protected":false},"author":3,"featured_media":23457,"comment_status":"closed","ping_status":"closed","sticky":false,"template":"","format":"standard","meta":{"_acf_changed":false,"footnotes":""},"categories":[259,286,273,312],"tags":[],"class_list":["post-23458","post","type-post","status-publish","format-standard","has-post-thumbnail","hentry","category-costa-rica","category-derecho-publico-contratacion-administrativa-y-regulacion-economica","category-energia-e-infraestructura","category-newsflash"],"acf":[],"yoast_head":"<!-- This site is optimized with the Yoast SEO plugin v28.3 - https:\/\/yoast.com\/product\/yoast-seo-wordpress\/ -->\n<title>Gobierno de Costa Rica anuncia pr\u00f3xima licitaci\u00f3n para construcci\u00f3n de Ruta San Jos\u00e9- San Ram\u00f3n - BLP Legal<\/title>\n<meta name=\"description\" content=\"Costa Rica licitar\u00e1 el corredor vial San Jos\u00e9\u2013San Ram\u00f3n con US$770M del BCIE y el Fondo OPEP. Publicaci\u00f3n del cartel anunciada para agosto.\" \/>\n<meta name=\"robots\" content=\"index, follow, max-snippet:-1, max-image-preview:large, max-video-preview:-1\" \/>\n<link rel=\"canonical\" href=\"https:\/\/blplegal.com\/es\/licitacion-corredor-vial-san-jose-san-ramon\/\" \/>\n<meta property=\"og:locale\" content=\"es_ES\" \/>\n<meta property=\"og:type\" content=\"article\" \/>\n<meta property=\"og:title\" content=\"Gobierno de Costa Rica anuncia pr\u00f3xima licitaci\u00f3n para construcci\u00f3n de Ruta San Jos\u00e9- San Ram\u00f3n\" \/>\n<meta property=\"og:description\" content=\"Costa Rica licitar\u00e1 el corredor vial San Jos\u00e9\u2013San Ram\u00f3n con US$770M del BCIE y el Fondo OPEP. Publicaci\u00f3n del cartel anunciada para agosto.\" \/>\n<meta property=\"og:url\" content=\"https:\/\/blplegal.com\/es\/licitacion-corredor-vial-san-jose-san-ramon\/\" \/>\n<meta property=\"og:site_name\" content=\"BLP Legal\" \/>\n<meta property=\"article:publisher\" content=\"https:\/\/www.facebook.com\/blplaw\" \/>\n<meta property=\"article:published_time\" content=\"2026-08-17T23:02:57+00:00\" \/>\n<meta property=\"article:modified_time\" content=\"2026-08-17T23:12:57+00:00\" \/>\n<meta property=\"og:image\" content=\"https:\/\/blplegal.com\/wp-content\/uploads\/2026\/08\/NF-Construccion-de-Ruta-San-Jose-San-RamonCR_BLOG-scaled.jpg\" \/>\n\t<meta property=\"og:image:width\" content=\"2560\" \/>\n\t<meta property=\"og:image:height\" content=\"873\" \/>\n\t<meta property=\"og:image:type\" content=\"image\/jpeg\" \/>\n<meta name=\"author\" content=\"BLP\" \/>\n<meta name=\"twitter:card\" content=\"summary_large_image\" \/>\n<meta name=\"twitter:title\" content=\"Gobierno de Costa Rica anuncia pr\u00f3xima licitaci\u00f3n para construcci\u00f3n de Ruta San Jos\u00e9- San Ram\u00f3n\" \/>\n<meta name=\"twitter:description\" content=\"Costa Rica licitar\u00e1 el corredor vial San Jos\u00e9\u2013San Ram\u00f3n con US$770M del BCIE y el Fondo OPEP. Publicaci\u00f3n del cartel anunciada para agosto.\" \/>\n<meta name=\"twitter:image\" content=\"https:\/\/blplegal.com\/wp-content\/uploads\/2026\/08\/NF-Construccion-de-Ruta-San-Jose-San-RamonCR_BLOG-scaled.jpg\" \/>\n<meta name=\"twitter:creator\" content=\"@blplegal\" \/>\n<meta name=\"twitter:site\" content=\"@blplegal\" \/>\n<meta name=\"twitter:label1\" content=\"Escrito por\" \/>\n\t<meta name=\"twitter:data1\" content=\"BLP\" \/>\n\t<meta name=\"twitter:label2\" content=\"Tiempo de lectura\" \/>\n\t<meta name=\"twitter:data2\" content=\"1 minuto\" \/>\n<script type=\"application\/ld+json\" class=\"yoast-schema-graph\">{\"@context\":\"https:\\\/\\\/schema.org\",\"@graph\":[{\"@type\":\"Article\",\"@id\":\"https:\\\/\\\/blplegal.com\\\/es\\\/licitacion-corredor-vial-san-jose-san-ramon\\\/#article\",\"isPartOf\":{\"@id\":\"https:\\\/\\\/blplegal.com\\\/es\\\/licitacion-corredor-vial-san-jose-san-ramon\\\/\"},\"author\":{\"name\":\"BLP\",\"@id\":\"https:\\\/\\\/blplegal.com\\\/es\\\/#\\\/schema\\\/person\\\/f5c4052956a003aa19608c579d61d8d2\"},\"headline\":\"Gobierno de Costa Rica anuncia pr\u00f3xima licitaci\u00f3n para construcci\u00f3n de Ruta San Jos\u00e9- San Ram\u00f3n\",\"datePublished\":\"2026-08-17T23:02:57+00:00\",\"dateModified\":\"2026-08-17T23:12:57+00:00\",\"mainEntityOfPage\":{\"@id\":\"https:\\\/\\\/blplegal.com\\\/es\\\/licitacion-corredor-vial-san-jose-san-ramon\\\/\"},\"wordCount\":855,\"publisher\":{\"@id\":\"https:\\\/\\\/blplegal.com\\\/es\\\/#organization\"},\"image\":{\"@id\":\"https:\\\/\\\/blplegal.com\\\/es\\\/licitacion-corredor-vial-san-jose-san-ramon\\\/#primaryimage\"},\"thumbnailUrl\":\"https:\\\/\\\/blplegal.com\\\/wp-content\\\/uploads\\\/2026\\\/08\\\/NF-Construccion-de-Ruta-San-Jose-San-RamonCR_BLOG-scaled.jpg\",\"articleSection\":[\"Costa Rica\",\"Derecho P\u00fablico, Contrataci\u00f3n Administrativa &amp; Regulaci\u00f3n Econ\u00f3mica\",\"Energ\u00eda &amp; Infraestructura\",\"Newsflash\"],\"inLanguage\":\"es\"},{\"@type\":\"WebPage\",\"@id\":\"https:\\\/\\\/blplegal.com\\\/es\\\/licitacion-corredor-vial-san-jose-san-ramon\\\/\",\"url\":\"https:\\\/\\\/blplegal.com\\\/es\\\/licitacion-corredor-vial-san-jose-san-ramon\\\/\",\"name\":\"Gobierno de Costa Rica anuncia pr\u00f3xima licitaci\u00f3n para construcci\u00f3n de Ruta San Jos\u00e9- San Ram\u00f3n - BLP Legal\",\"isPartOf\":{\"@id\":\"https:\\\/\\\/blplegal.com\\\/es\\\/#website\"},\"primaryImageOfPage\":{\"@id\":\"https:\\\/\\\/blplegal.com\\\/es\\\/licitacion-corredor-vial-san-jose-san-ramon\\\/#primaryimage\"},\"image\":{\"@id\":\"https:\\\/\\\/blplegal.com\\\/es\\\/licitacion-corredor-vial-san-jose-san-ramon\\\/#primaryimage\"},\"thumbnailUrl\":\"https:\\\/\\\/blplegal.com\\\/wp-content\\\/uploads\\\/2026\\\/08\\\/NF-Construccion-de-Ruta-San-Jose-San-RamonCR_BLOG-scaled.jpg\",\"datePublished\":\"2026-08-17T23:02:57+00:00\",\"dateModified\":\"2026-08-17T23:12:57+00:00\",\"description\":\"Costa Rica licitar\u00e1 el corredor vial San Jos\u00e9\u2013San Ram\u00f3n con US$770M del BCIE y el Fondo OPEP. Publicaci\u00f3n del cartel anunciada para agosto.\",\"breadcrumb\":{\"@id\":\"https:\\\/\\\/blplegal.com\\\/es\\\/licitacion-corredor-vial-san-jose-san-ramon\\\/#breadcrumb\"},\"inLanguage\":\"es\",\"potentialAction\":[{\"@type\":\"ReadAction\",\"target\":[\"https:\\\/\\\/blplegal.com\\\/es\\\/licitacion-corredor-vial-san-jose-san-ramon\\\/\"]}]},{\"@type\":\"ImageObject\",\"inLanguage\":\"es\",\"@id\":\"https:\\\/\\\/blplegal.com\\\/es\\\/licitacion-corredor-vial-san-jose-san-ramon\\\/#primaryimage\",\"url\":\"https:\\\/\\\/blplegal.com\\\/wp-content\\\/uploads\\\/2026\\\/08\\\/NF-Construccion-de-Ruta-San-Jose-San-RamonCR_BLOG-scaled.jpg\",\"contentUrl\":\"https:\\\/\\\/blplegal.com\\\/wp-content\\\/uploads\\\/2026\\\/08\\\/NF-Construccion-de-Ruta-San-Jose-San-RamonCR_BLOG-scaled.jpg\",\"width\":2560,\"height\":873},{\"@type\":\"BreadcrumbList\",\"@id\":\"https:\\\/\\\/blplegal.com\\\/es\\\/licitacion-corredor-vial-san-jose-san-ramon\\\/#breadcrumb\",\"itemListElement\":[{\"@type\":\"ListItem\",\"position\":1,\"name\":\"Home\",\"item\":\"https:\\\/\\\/blplegal.com\\\/es\\\/\"},{\"@type\":\"ListItem\",\"position\":2,\"name\":\"Gobierno de Costa Rica anuncia pr\u00f3xima licitaci\u00f3n para construcci\u00f3n de Ruta San Jos\u00e9- San Ram\u00f3n\"}]},{\"@type\":\"WebSite\",\"@id\":\"https:\\\/\\\/blplegal.com\\\/es\\\/#website\",\"url\":\"https:\\\/\\\/blplegal.com\\\/es\\\/\",\"name\":\"BLP Legal\",\"description\":\"\",\"publisher\":{\"@id\":\"https:\\\/\\\/blplegal.com\\\/es\\\/#organization\"},\"potentialAction\":[{\"@type\":\"SearchAction\",\"target\":{\"@type\":\"EntryPoint\",\"urlTemplate\":\"https:\\\/\\\/blplegal.com\\\/es\\\/?s={search_term_string}\"},\"query-input\":{\"@type\":\"PropertyValueSpecification\",\"valueRequired\":true,\"valueName\":\"search_term_string\"}}],\"inLanguage\":\"es\"},{\"@type\":\"Organization\",\"@id\":\"https:\\\/\\\/blplegal.com\\\/es\\\/#organization\",\"name\":\"BLP Legal\",\"url\":\"https:\\\/\\\/blplegal.com\\\/es\\\/\",\"logo\":{\"@type\":\"ImageObject\",\"inLanguage\":\"es\",\"@id\":\"https:\\\/\\\/blplegal.com\\\/es\\\/#\\\/schema\\\/logo\\\/image\\\/\",\"url\":\"https:\\\/\\\/blplegal.com\\\/wp-content\\\/uploads\\\/2026\\\/02\\\/logo-horizontal-800x121-1.png\",\"contentUrl\":\"https:\\\/\\\/blplegal.com\\\/wp-content\\\/uploads\\\/2026\\\/02\\\/logo-horizontal-800x121-1.png\",\"width\":800,\"height\":121,\"caption\":\"BLP Legal\"},\"image\":{\"@id\":\"https:\\\/\\\/blplegal.com\\\/es\\\/#\\\/schema\\\/logo\\\/image\\\/\"},\"sameAs\":[\"https:\\\/\\\/www.facebook.com\\\/blplaw\",\"https:\\\/\\\/x.com\\\/blplegal\"]},{\"@type\":\"Person\",\"@id\":\"https:\\\/\\\/blplegal.com\\\/es\\\/#\\\/schema\\\/person\\\/f5c4052956a003aa19608c579d61d8d2\",\"name\":\"BLP\",\"url\":\"https:\\\/\\\/blplegal.com\\\/es\\\/author\\\/kvalverde\\\/\"}]}<\/script>\n<!-- \/ Yoast SEO plugin. -->","yoast_head_json":{"title":"Gobierno de Costa Rica anuncia pr\u00f3xima licitaci\u00f3n para construcci\u00f3n de Ruta San Jos\u00e9- San Ram\u00f3n - BLP Legal","description":"Costa Rica licitar\u00e1 el corredor vial San Jos\u00e9\u2013San Ram\u00f3n con US$770M del BCIE y el Fondo OPEP. Publicaci\u00f3n del cartel anunciada para agosto.","robots":{"index":"index","follow":"follow","max-snippet":"max-snippet:-1","max-image-preview":"max-image-preview:large","max-video-preview":"max-video-preview:-1"},"canonical":"https:\/\/blplegal.com\/es\/licitacion-corredor-vial-san-jose-san-ramon\/","og_locale":"es_ES","og_type":"article","og_title":"Gobierno de Costa Rica anuncia pr\u00f3xima licitaci\u00f3n para construcci\u00f3n de Ruta San Jos\u00e9- San Ram\u00f3n","og_description":"Costa Rica licitar\u00e1 el corredor vial San Jos\u00e9\u2013San Ram\u00f3n con US$770M del BCIE y el Fondo OPEP. Publicaci\u00f3n del cartel anunciada para agosto.","og_url":"https:\/\/blplegal.com\/es\/licitacion-corredor-vial-san-jose-san-ramon\/","og_site_name":"BLP Legal","article_publisher":"https:\/\/www.facebook.com\/blplaw","article_published_time":"2026-08-17T23:02:57+00:00","article_modified_time":"2026-08-17T23:12:57+00:00","og_image":[{"width":2560,"height":873,"url":"https:\/\/blplegal.com\/wp-content\/uploads\/2026\/08\/NF-Construccion-de-Ruta-San-Jose-San-RamonCR_BLOG-scaled.jpg","type":"image\/jpeg"}],"author":"BLP","twitter_card":"summary_large_image","twitter_title":"Gobierno de Costa Rica anuncia pr\u00f3xima licitaci\u00f3n para construcci\u00f3n de Ruta San Jos\u00e9- San Ram\u00f3n","twitter_description":"Costa Rica licitar\u00e1 el corredor vial San Jos\u00e9\u2013San Ram\u00f3n con US$770M del BCIE y el Fondo OPEP. Publicaci\u00f3n del cartel anunciada para agosto.","twitter_image":"https:\/\/blplegal.com\/wp-content\/uploads\/2026\/08\/NF-Construccion-de-Ruta-San-Jose-San-RamonCR_BLOG-scaled.jpg","twitter_creator":"@blplegal","twitter_site":"@blplegal","twitter_misc":{"Escrito por":"BLP","Tiempo de lectura":"1 minuto"},"schema":{"@context":"https:\/\/schema.org","@graph":[{"@type":"Article","@id":"https:\/\/blplegal.com\/es\/licitacion-corredor-vial-san-jose-san-ramon\/#article","isPartOf":{"@id":"https:\/\/blplegal.com\/es\/licitacion-corredor-vial-san-jose-san-ramon\/"},"author":{"name":"BLP","@id":"https:\/\/blplegal.com\/es\/#\/schema\/person\/f5c4052956a003aa19608c579d61d8d2"},"headline":"Gobierno de Costa Rica anuncia pr\u00f3xima licitaci\u00f3n para construcci\u00f3n de Ruta San Jos\u00e9- San Ram\u00f3n","datePublished":"2026-08-17T23:02:57+00:00","dateModified":"2026-08-17T23:12:57+00:00","mainEntityOfPage":{"@id":"https:\/\/blplegal.com\/es\/licitacion-corredor-vial-san-jose-san-ramon\/"},"wordCount":855,"publisher":{"@id":"https:\/\/blplegal.com\/es\/#organization"},"image":{"@id":"https:\/\/blplegal.com\/es\/licitacion-corredor-vial-san-jose-san-ramon\/#primaryimage"},"thumbnailUrl":"https:\/\/blplegal.com\/wp-content\/uploads\/2026\/08\/NF-Construccion-de-Ruta-San-Jose-San-RamonCR_BLOG-scaled.jpg","articleSection":["Costa Rica","Derecho P\u00fablico, Contrataci\u00f3n Administrativa &amp; Regulaci\u00f3n Econ\u00f3mica","Energ\u00eda &amp; Infraestructura","Newsflash"],"inLanguage":"es"},{"@type":"WebPage","@id":"https:\/\/blplegal.com\/es\/licitacion-corredor-vial-san-jose-san-ramon\/","url":"https:\/\/blplegal.com\/es\/licitacion-corredor-vial-san-jose-san-ramon\/","name":"Gobierno de Costa Rica anuncia pr\u00f3xima licitaci\u00f3n para construcci\u00f3n de Ruta San Jos\u00e9- San Ram\u00f3n - BLP Legal","isPartOf":{"@id":"https:\/\/blplegal.com\/es\/#website"},"primaryImageOfPage":{"@id":"https:\/\/blplegal.com\/es\/licitacion-corredor-vial-san-jose-san-ramon\/#primaryimage"},"image":{"@id":"https:\/\/blplegal.com\/es\/licitacion-corredor-vial-san-jose-san-ramon\/#primaryimage"},"thumbnailUrl":"https:\/\/blplegal.com\/wp-content\/uploads\/2026\/08\/NF-Construccion-de-Ruta-San-Jose-San-RamonCR_BLOG-scaled.jpg","datePublished":"2026-08-17T23:02:57+00:00","dateModified":"2026-08-17T23:12:57+00:00","description":"Costa Rica licitar\u00e1 el corredor vial San Jos\u00e9\u2013San Ram\u00f3n con US$770M del BCIE y el Fondo OPEP. Publicaci\u00f3n del cartel anunciada para agosto.","breadcrumb":{"@id":"https:\/\/blplegal.com\/es\/licitacion-corredor-vial-san-jose-san-ramon\/#breadcrumb"},"inLanguage":"es","potentialAction":[{"@type":"ReadAction","target":["https:\/\/blplegal.com\/es\/licitacion-corredor-vial-san-jose-san-ramon\/"]}]},{"@type":"ImageObject","inLanguage":"es","@id":"https:\/\/blplegal.com\/es\/licitacion-corredor-vial-san-jose-san-ramon\/#primaryimage","url":"https:\/\/blplegal.com\/wp-content\/uploads\/2026\/08\/NF-Construccion-de-Ruta-San-Jose-San-RamonCR_BLOG-scaled.jpg","contentUrl":"https:\/\/blplegal.com\/wp-content\/uploads\/2026\/08\/NF-Construccion-de-Ruta-San-Jose-San-RamonCR_BLOG-scaled.jpg","width":2560,"height":873},{"@type":"BreadcrumbList","@id":"https:\/\/blplegal.com\/es\/licitacion-corredor-vial-san-jose-san-ramon\/#breadcrumb","itemListElement":[{"@type":"ListItem","position":1,"name":"Home","item":"https:\/\/blplegal.com\/es\/"},{"@type":"ListItem","position":2,"name":"Gobierno de Costa Rica anuncia pr\u00f3xima licitaci\u00f3n para construcci\u00f3n de Ruta San Jos\u00e9- San Ram\u00f3n"}]},{"@type":"WebSite","@id":"https:\/\/blplegal.com\/es\/#website","url":"https:\/\/blplegal.com\/es\/","name":"BLP Legal","description":"","publisher":{"@id":"https:\/\/blplegal.com\/es\/#organization"},"potentialAction":[{"@type":"SearchAction","target":{"@type":"EntryPoint","urlTemplate":"https:\/\/blplegal.com\/es\/?s={search_term_string}"},"query-input":{"@type":"PropertyValueSpecification","valueRequired":true,"valueName":"search_term_string"}}],"inLanguage":"es"},{"@type":"Organization","@id":"https:\/\/blplegal.com\/es\/#organization","name":"BLP Legal","url":"https:\/\/blplegal.com\/es\/","logo":{"@type":"ImageObject","inLanguage":"es","@id":"https:\/\/blplegal.com\/es\/#\/schema\/logo\/image\/","url":"https:\/\/blplegal.com\/wp-content\/uploads\/2026\/02\/logo-horizontal-800x121-1.png","contentUrl":"https:\/\/blplegal.com\/wp-content\/uploads\/2026\/02\/logo-horizontal-800x121-1.png","width":800,"height":121,"caption":"BLP Legal"},"image":{"@id":"https:\/\/blplegal.com\/es\/#\/schema\/logo\/image\/"},"sameAs":["https:\/\/www.facebook.com\/blplaw","https:\/\/x.com\/blplegal"]},{"@type":"Person","@id":"https:\/\/blplegal.com\/es\/#\/schema\/person\/f5c4052956a003aa19608c579d61d8d2","name":"BLP","url":"https:\/\/blplegal.com\/es\/author\/kvalverde\/"}]}},"_links":{"self":[{"href":"https:\/\/blplegal.com\/es\/wp-json\/wp\/v2\/posts\/23458","targetHints":{"allow":["GET"]}}],"collection":[{"href":"https:\/\/blplegal.com\/es\/wp-json\/wp\/v2\/posts"}],"about":[{"href":"https:\/\/blplegal.com\/es\/wp-json\/wp\/v2\/types\/post"}],"author":[{"embeddable":true,"href":"https:\/\/blplegal.com\/es\/wp-json\/wp\/v2\/users\/3"}],"replies":[{"embeddable":true,"href":"https:\/\/blplegal.com\/es\/wp-json\/wp\/v2\/comments?post=23458"}],"version-history":[{"count":0,"href":"https:\/\/blplegal.com\/es\/wp-json\/wp\/v2\/posts\/23458\/revisions"}],"wp:featuredmedia":[{"embeddable":true,"href":"https:\/\/blplegal.com\/es\/wp-json\/wp\/v2\/media\/23457"}],"wp:attachment":[{"href":"https:\/\/blplegal.com\/es\/wp-json\/wp\/v2\/media?parent=23458"}],"wp:term":[{"taxonomy":"category","embeddable":true,"href":"https:\/\/blplegal.com\/es\/wp-json\/wp\/v2\/categories?post=23458"},{"taxonomy":"post_tag","embeddable":true,"href":"https:\/\/blplegal.com\/es\/wp-json\/wp\/v2\/tags?post=23458"}],"curies":[{"name":"wp","href":"https:\/\/api.w.org\/{rel}","templated":true}]}}