{"id":20314,"date":"2026-01-30T15:28:19","date_gmt":"2026-01-30T21:28:19","guid":{"rendered":"https:\/\/blplegal.com\/?p=20314"},"modified":"2026-08-13T18:38:57","modified_gmt":"2026-08-14T00:38:57","slug":"blp-asesora-a-fifco-en-el-exitoso-cierre-de-la-adquisicion-emblematica-de-heineken","status":"publish","type":"post","link":"https:\/\/blplegal.com\/es\/blp-asesora-a-fifco-en-el-exitoso-cierre-de-la-adquisicion-emblematica-de-heineken\/","title":{"rendered":"BLP asesora a FIFCO en el exitoso cierre de la adquisici\u00f3n emblem\u00e1tica de HEINEKEN"},"content":{"rendered":"\n\n\t<section class=\"section\" id=\"section_1169366500\">\n\t\t<div class=\"section-bg fill\" >\n\t\t\t\t\t\t\t\t\t\n\t\t\t\n\n\t\t<\/div>\n\n\t\t\n\n\t\t<div class=\"section-content relative\">\n\t\t\t\n\n<div class=\"row\"  id=\"row-1740452584\">\n\n\n\t<div id=\"col-388294365\" class=\"col small-12 large-12\"  >\n\t\t\t\t<div class=\"col-inner\"  >\n\t\t\t\n\t\t\t\n\n<p>BLP se complace en compartir el exitoso cierre de la adquisici\u00f3n por parte de HEINEKEN de los negocios de bebidas y retail de FIFCO, una transacci\u00f3n hist\u00f3rica que marca un nuevo cap\u00edtulo para una de las compa\u00f1\u00edas m\u00e1s emblem\u00e1ticas de Costa Rica y para el mercado centroamericano.<\/p>\n<p>BLP tuvo el privilegio de asesorar a Florida Ice &amp; Farm Company (FIFCO) a lo largo de todo este proceso estrat\u00e9gico, desde las etapas iniciales de estructuraci\u00f3n y negociaci\u00f3n hasta su cierre. El acuerdo incluy\u00f3 la venta de la participaci\u00f3n de FIFCO en Distribuidora La Florida S.A. a HEINEKEN N.V., permitiendo la expansi\u00f3n de la presencia de HEINEKEN en m\u00faltiples jurisdicciones de Centroam\u00e9rica y m\u00e1s all\u00e1.<\/p>\n<p>Con un precio total de compra de US$3.25 mil millones, esta operaci\u00f3n se posiciona entre las transacciones corporativas m\u00e1s relevantes de la regi\u00f3n en los \u00faltimos a\u00f1os.<\/p>\n<p>BLP brind\u00f3 asesor\u00eda integral en aspectos corporativos, regulatorios, de competencia y contractuales, acompa\u00f1ando a FIFCO en el due diligence, la documentaci\u00f3n transaccional y todos los procesos de aprobaci\u00f3n regulatoria requeridos en las jurisdicciones involucradas, hasta el cierre exitoso de la operaci\u00f3n.<\/p>\n<p>El equipo de BLP fue liderado por el socio Luis M. Castro, con contribuciones clave de la socia Adriana Castro en M&amp;A, el socio Uri Weinstok en competencia y antimonopolio, y el Director Carlos Garc\u00eda en asuntos corporativos.<\/p>\n<p>BLP se complace en haber acompa\u00f1ado a FIFCO en este hito transformador, reafirmando su compromiso de brindar soluciones legales con un s\u00f3lido sentido de negocios.<\/p>\n\n\t\t<\/div>\n\t\t\t\t\t<\/div>\n\n\t\n\n<\/div>\n\n\t\t<\/div>\n\n\t\t\n<style>\n#section_1169366500 {\n  padding-top: 0px;\n  padding-bottom: 0px;\n}\n<\/style>\n\t<\/section>\n\t\n\n\t<section class=\"section\" id=\"section_1509459407\">\n\t\t<div class=\"section-bg fill\" >\n\t\t\t\t\t\t\t\t\t\n\t\t\t\n\n\t\t<\/div>\n\n\t\t\n\n\t\t<div class=\"section-content relative\">\n\t\t\t\n\n<div class=\"row\"  id=\"row-842459517\">\n\n\n\t<div id=\"col-535974603\" class=\"col small-12 large-12\"  >\n\t\t\t\t<div class=\"col-inner\"  >\n\t\t\t\n\t\t\t\n\n<p>Equipo BLP:<\/p>\n\n\n\t\t<\/div>\n\t\t\t\t\t<\/div>\n\n\t\n\n<\/div>\n\n\t\t<\/div>\n\n\t\t\n<style>\n#section_1509459407 {\n  padding-top: 0px;\n  padding-bottom: 0px;\n}\n<\/style>\n\t<\/section>\n\t\n\n\t<section class=\"section\" id=\"section_1151979783\">\n\t\t<div class=\"section-bg fill\" >\n\t\t\t\t\t\t\t\t\t\n\t\t\t\n\n\t\t<\/div>\n\n\t\t\n\n\t\t<div class=\"section-content relative\">\n\t\t\t\n\n<div class=\"row\"  id=\"row-1923582875\">\n\n\n\t<div id=\"col-540794577\" class=\"col medium-3 small-6 large-3\"  >\n\t\t\t\t<div class=\"col-inner\"  >\n\t\t\t\n\t\t\t\n\n\t<div class=\"img has-hover x md-x lg-x y md-y lg-y\" id=\"image_1357502778\">\n\t\t\t\t\t\t\t\t<div class=\"img-inner dark\" >\n\t\t\t<img loading=\"lazy\" decoding=\"async\" width=\"1402\" height=\"1401\" src=\"https:\/\/blplegal.com\/wp-content\/uploads\/2026\/01\/Luis-Castro-M365-1.jpg\" class=\"attachment-original size-original\" alt=\"\" srcset=\"https:\/\/blplegal.com\/wp-content\/uploads\/2026\/01\/Luis-Castro-M365-1.jpg 1402w, https:\/\/blplegal.com\/wp-content\/uploads\/2026\/01\/Luis-Castro-M365-1-300x300.jpg 300w, https:\/\/blplegal.com\/wp-content\/uploads\/2026\/01\/Luis-Castro-M365-1-1024x1024.jpg 1024w, https:\/\/blplegal.com\/wp-content\/uploads\/2026\/01\/Luis-Castro-M365-1-150x150.jpg 150w, https:\/\/blplegal.com\/wp-content\/uploads\/2026\/01\/Luis-Castro-M365-1-768x767.jpg 768w\" sizes=\"auto, (max-width: 1402px) 100vw, 1402px\" \/>\t\t\t\t\t\t\n\t\t\t\t\t<\/div>\n\t\t\t\t\t\t\t\t\n<style>\n#image_1357502778 {\n  width: 100%;\n}\n<\/style>\n\t<\/div>\n\t\n\n<p align=\"left\"><span style=\"color: #ff6800;\"><strong>Luis M. Castro<\/strong><\/span><br \/>\n<strong>Socio<\/strong><br \/>\nCosta Rica<br \/>\n<span style=\"color: #ff6800;\"><strong><a style=\"color: #ff6800;\" href=\"mailto:lcastro@blplegal.com\" target=\"_blank\" rel=\"noopener\"><span class=\"s2\"><span class=\"Apple-converted-space\">E-mail<\/span><\/span><\/a><\/strong><\/span><\/p>\n\n\n\t\t<\/div>\n\t\t\t\t\t<\/div>\n\n\t\n\n\t<div id=\"col-1370248624\" class=\"col medium-3 small-6 large-3\"  >\n\t\t\t\t<div class=\"col-inner\"  >\n\t\t\t\n\t\t\t\n\n\t<div class=\"img has-hover x md-x lg-x y md-y lg-y\" id=\"image_2107171545\">\n\t\t\t\t\t\t\t\t<div class=\"img-inner dark\" >\n\t\t\t<img loading=\"lazy\" decoding=\"async\" width=\"1402\" height=\"1401\" src=\"https:\/\/blplegal.com\/wp-content\/uploads\/2026\/01\/Adriana-Castro-M365.jpg\" class=\"attachment-original size-original\" alt=\"\" srcset=\"https:\/\/blplegal.com\/wp-content\/uploads\/2026\/01\/Adriana-Castro-M365.jpg 1402w, https:\/\/blplegal.com\/wp-content\/uploads\/2026\/01\/Adriana-Castro-M365-300x300.jpg 300w, https:\/\/blplegal.com\/wp-content\/uploads\/2026\/01\/Adriana-Castro-M365-1024x1024.jpg 1024w, https:\/\/blplegal.com\/wp-content\/uploads\/2026\/01\/Adriana-Castro-M365-150x150.jpg 150w, https:\/\/blplegal.com\/wp-content\/uploads\/2026\/01\/Adriana-Castro-M365-768x767.jpg 768w\" sizes=\"auto, (max-width: 1402px) 100vw, 1402px\" \/>\t\t\t\t\t\t\n\t\t\t\t\t<\/div>\n\t\t\t\t\t\t\t\t\n<style>\n#image_2107171545 {\n  width: 100%;\n}\n<\/style>\n\t<\/div>\n\t\n\n<p align=\"left\"><strong><span style=\"color: #ff6800;\">Adriana Castro<br \/>\n<\/span>Socia<\/strong><br \/>\nCosta Rica<br \/>\n<span style=\"color: #ff6800;\"><strong><span class=\"s2\"><span class=\"Apple-converted-space\"><a style=\"color: #ff6800;\" href=\"mailto:acastro@blplegal.com\" target=\"_blank\" rel=\"noopener noreferrer\">E-mail<\/a><\/span><\/span><\/strong><\/span><\/p>\n\n\n\t\t<\/div>\n\t\t\t\t\t<\/div>\n\n\t\n\n\t<div id=\"col-1457536337\" class=\"col medium-3 small-6 large-3\"  >\n\t\t\t\t<div class=\"col-inner\"  >\n\t\t\t\n\t\t\t\n\n\t<div class=\"img has-hover x md-x lg-x y md-y lg-y\" id=\"image_88637311\">\n\t\t<a class=\"\" href=\"https:\/\/blplegal.com\/leon-weinstok\" >\t\t\t\t\t\t<div class=\"img-inner dark\" >\n\t\t\t<img loading=\"lazy\" decoding=\"async\" width=\"1402\" height=\"1401\" src=\"https:\/\/blplegal.com\/wp-content\/uploads\/2026\/01\/Uri-Weinstok-M365.jpg\" class=\"attachment-original size-original\" alt=\"\" srcset=\"https:\/\/blplegal.com\/wp-content\/uploads\/2026\/01\/Uri-Weinstok-M365.jpg 1402w, https:\/\/blplegal.com\/wp-content\/uploads\/2026\/01\/Uri-Weinstok-M365-300x300.jpg 300w, https:\/\/blplegal.com\/wp-content\/uploads\/2026\/01\/Uri-Weinstok-M365-1024x1024.jpg 1024w, https:\/\/blplegal.com\/wp-content\/uploads\/2026\/01\/Uri-Weinstok-M365-150x150.jpg 150w, https:\/\/blplegal.com\/wp-content\/uploads\/2026\/01\/Uri-Weinstok-M365-768x767.jpg 768w\" sizes=\"auto, (max-width: 1402px) 100vw, 1402px\" \/>\t\t\t\t\t\t\n\t\t\t\t\t<\/div>\n\t\t\t\t\t\t<\/a>\t\t\n<style>\n#image_88637311 {\n  width: 100%;\n}\n<\/style>\n\t<\/div>\n\t\n\n<p align=\"left\"><strong><span style=\"color: #ff6800;\"><span style=\"color: #ff6600;\">Uri Weinstok<\/span><br \/>\n<\/span>Socio<\/strong><br \/>\nCosta Rica<br \/>\n<span style=\"color: #ff6800;\"><strong><a style=\"color: #ff6800;\" href=\"mailto:uweinstok@blplegal.com\" target=\"_blank\" rel=\"noopener\"><span class=\"s2\"><span class=\"Apple-converted-space\">E-mail<\/span><\/span><\/a><\/strong><\/span><\/p>\n\n\n\t\t<\/div>\n\t\t\t\t\t<\/div>\n\n\t\n\n\t<div id=\"col-1082183712\" class=\"col medium-3 small-6 large-3\"  >\n\t\t\t\t<div class=\"col-inner\"  >\n\t\t\t\n\t\t\t\n\n\t<div class=\"img has-hover x md-x lg-x y md-y lg-y\" id=\"image_862713509\">\n\t\t<a class=\"\" href=\"https:\/\/blplegal.com\/leon-weinstok\" >\t\t\t\t\t\t<div class=\"img-inner dark\" >\n\t\t\t<img loading=\"lazy\" decoding=\"async\" width=\"1402\" height=\"1401\" src=\"https:\/\/blplegal.com\/wp-content\/uploads\/2026\/01\/Carlos-Garcia-M365.jpg\" class=\"attachment-original size-original\" alt=\"\" srcset=\"https:\/\/blplegal.com\/wp-content\/uploads\/2026\/01\/Carlos-Garcia-M365.jpg 1402w, https:\/\/blplegal.com\/wp-content\/uploads\/2026\/01\/Carlos-Garcia-M365-300x300.jpg 300w, https:\/\/blplegal.com\/wp-content\/uploads\/2026\/01\/Carlos-Garcia-M365-1024x1024.jpg 1024w, https:\/\/blplegal.com\/wp-content\/uploads\/2026\/01\/Carlos-Garcia-M365-150x150.jpg 150w, https:\/\/blplegal.com\/wp-content\/uploads\/2026\/01\/Carlos-Garcia-M365-768x767.jpg 768w\" sizes=\"auto, (max-width: 1402px) 100vw, 1402px\" \/>\t\t\t\t\t\t\n\t\t\t\t\t<\/div>\n\t\t\t\t\t\t<\/a>\t\t\n<style>\n#image_862713509 {\n  width: 100%;\n}\n<\/style>\n\t<\/div>\n\t\n\n<p align=\"left\"><strong><span style=\"color: #ff6800;\"><span style=\"color: #ff6600;\">Carlos Garc\u00eda<\/span><br \/>\n<\/span>Director<\/strong><br \/>\nCosta Rica<br \/>\n<span style=\"color: #ff6800;\"><strong><a style=\"color: #ff6800;\" href=\"mailto:cgarcia@blplegal.com\" target=\"_blank\" rel=\"noopener\"><span class=\"s2\"><span class=\"Apple-converted-space\">E-mail<\/span><\/span><\/a><\/strong><\/span><\/p>\n\n\n\t\t<\/div>\n\t\t\t\t\t<\/div>\n\n\t\n\n<\/div>\n\n\t\t<\/div>\n\n\t\t\n<style>\n#section_1151979783 {\n  padding-top: 0px;\n  padding-bottom: 0px;\n}\n<\/style>\n\t<\/section>\n\t\n\n","protected":false},"excerpt":{"rendered":"","protected":false},"author":3,"featured_media":22344,"comment_status":"open","ping_status":"open","sticky":false,"template":"","format":"standard","meta":{"_acf_changed":false,"footnotes":""},"categories":[301,270,259,269,303],"tags":[],"class_list":["post-20314","post","type-post","status-publish","format-standard","has-post-thumbnail","hentry","category-blog","category-competencia-y-antimonopolio","category-costa-rica","category-derecho-corporativo","category-noticias"],"acf":[],"yoast_head":"<!-- This site is optimized with the Yoast SEO plugin v28.4 - https:\/\/yoast.com\/product\/yoast-seo-wordpress\/ -->\n<title>BLP asesora a FIFCO en el exitoso cierre de la adquisici\u00f3n emblem\u00e1tica de HEINEKEN - BLP Legal<\/title>\n<meta name=\"description\" content=\"Asesor\u00eda integral a FIFCO en una de las transacciones corporativas m\u00e1s relevantes de la regi\u00f3n, culminando en un cierre exitoso.\" \/>\n<meta name=\"robots\" content=\"index, follow, max-snippet:-1, max-image-preview:large, max-video-preview:-1\" \/>\n<link rel=\"canonical\" href=\"https:\/\/blplegal.com\/es\/blp-asesora-a-fifco-en-el-exitoso-cierre-de-la-adquisicion-emblematica-de-heineken\/\" \/>\n<meta property=\"og:locale\" content=\"es_ES\" \/>\n<meta property=\"og:type\" content=\"article\" \/>\n<meta property=\"og:title\" content=\"BLP asesora a FIFCO en el exitoso cierre de la adquisici\u00f3n emblem\u00e1tica de HEINEKEN\" \/>\n<meta property=\"og:description\" content=\"Asesor\u00eda integral a FIFCO en una de las transacciones corporativas m\u00e1s relevantes de la regi\u00f3n, culminando en un cierre exitoso.\" \/>\n<meta property=\"og:url\" content=\"https:\/\/blplegal.com\/es\/blp-asesora-a-fifco-en-el-exitoso-cierre-de-la-adquisicion-emblematica-de-heineken\/\" \/>\n<meta property=\"og:site_name\" content=\"BLP Legal\" \/>\n<meta property=\"article:publisher\" content=\"https:\/\/www.facebook.com\/blplaw\" \/>\n<meta property=\"article:published_time\" content=\"2026-01-30T21:28:19+00:00\" \/>\n<meta property=\"article:modified_time\" content=\"2026-08-14T00:38:57+00:00\" \/>\n<meta name=\"author\" content=\"BLP\" \/>\n<meta name=\"twitter:card\" content=\"summary_large_image\" \/>\n<meta name=\"twitter:title\" content=\"BLP asesora a FIFCO en el exitoso cierre de la adquisici\u00f3n emblem\u00e1tica de HEINEKEN\" \/>\n<meta name=\"twitter:description\" content=\"Asesor\u00eda integral a FIFCO en una de las transacciones corporativas m\u00e1s relevantes de la regi\u00f3n, culminando en un cierre exitoso.\" \/>\n<meta name=\"twitter:creator\" content=\"@blplegal\" \/>\n<meta name=\"twitter:site\" content=\"@blplegal\" \/>\n<meta name=\"twitter:label1\" content=\"Escrito por\" \/>\n\t<meta name=\"twitter:data1\" content=\"BLP\" \/>\n\t<meta name=\"twitter:label2\" content=\"Tiempo de lectura\" \/>\n\t<meta name=\"twitter:data2\" content=\"2 minutos\" \/>\n<script type=\"application\/ld+json\" class=\"yoast-schema-graph\">{\"@context\":\"https:\\\/\\\/schema.org\",\"@graph\":[{\"@type\":\"Article\",\"@id\":\"https:\\\/\\\/blplegal.com\\\/es\\\/blp-asesora-a-fifco-en-el-exitoso-cierre-de-la-adquisicion-emblematica-de-heineken\\\/#article\",\"isPartOf\":{\"@id\":\"https:\\\/\\\/blplegal.com\\\/es\\\/blp-asesora-a-fifco-en-el-exitoso-cierre-de-la-adquisicion-emblematica-de-heineken\\\/\"},\"author\":{\"name\":\"BLP\",\"@id\":\"https:\\\/\\\/blplegal.com\\\/es\\\/#\\\/schema\\\/person\\\/f5c4052956a003aa19608c579d61d8d2\"},\"headline\":\"BLP asesora a FIFCO en el exitoso cierre de la adquisici\u00f3n emblem\u00e1tica de HEINEKEN\",\"datePublished\":\"2026-01-30T21:28:19+00:00\",\"dateModified\":\"2026-08-14T00:38:57+00:00\",\"mainEntityOfPage\":{\"@id\":\"https:\\\/\\\/blplegal.com\\\/es\\\/blp-asesora-a-fifco-en-el-exitoso-cierre-de-la-adquisicion-emblematica-de-heineken\\\/\"},\"wordCount\":403,\"commentCount\":0,\"publisher\":{\"@id\":\"https:\\\/\\\/blplegal.com\\\/es\\\/#organization\"},\"image\":{\"@id\":\"https:\\\/\\\/blplegal.com\\\/es\\\/blp-asesora-a-fifco-en-el-exitoso-cierre-de-la-adquisicion-emblematica-de-heineken\\\/#primaryimage\"},\"thumbnailUrl\":\"https:\\\/\\\/blplegal.com\\\/wp-content\\\/uploads\\\/2026\\\/05\\\/noticias-CA-2026-100.jpg\",\"articleSection\":[\"Blog\",\"Competencia &amp; Antimonopolio\",\"Costa Rica\",\"Derecho Corporativo\",\"Noticias\"],\"inLanguage\":\"es\",\"potentialAction\":[{\"@type\":\"CommentAction\",\"name\":\"Comment\",\"target\":[\"https:\\\/\\\/blplegal.com\\\/es\\\/blp-asesora-a-fifco-en-el-exitoso-cierre-de-la-adquisicion-emblematica-de-heineken\\\/#respond\"]}]},{\"@type\":\"WebPage\",\"@id\":\"https:\\\/\\\/blplegal.com\\\/es\\\/blp-asesora-a-fifco-en-el-exitoso-cierre-de-la-adquisicion-emblematica-de-heineken\\\/\",\"url\":\"https:\\\/\\\/blplegal.com\\\/es\\\/blp-asesora-a-fifco-en-el-exitoso-cierre-de-la-adquisicion-emblematica-de-heineken\\\/\",\"name\":\"BLP asesora a FIFCO en el exitoso cierre de la adquisici\u00f3n emblem\u00e1tica de HEINEKEN - BLP Legal\",\"isPartOf\":{\"@id\":\"https:\\\/\\\/blplegal.com\\\/es\\\/#website\"},\"primaryImageOfPage\":{\"@id\":\"https:\\\/\\\/blplegal.com\\\/es\\\/blp-asesora-a-fifco-en-el-exitoso-cierre-de-la-adquisicion-emblematica-de-heineken\\\/#primaryimage\"},\"image\":{\"@id\":\"https:\\\/\\\/blplegal.com\\\/es\\\/blp-asesora-a-fifco-en-el-exitoso-cierre-de-la-adquisicion-emblematica-de-heineken\\\/#primaryimage\"},\"thumbnailUrl\":\"https:\\\/\\\/blplegal.com\\\/wp-content\\\/uploads\\\/2026\\\/05\\\/noticias-CA-2026-100.jpg\",\"datePublished\":\"2026-01-30T21:28:19+00:00\",\"dateModified\":\"2026-08-14T00:38:57+00:00\",\"description\":\"Asesor\u00eda integral a FIFCO en una de las transacciones corporativas m\u00e1s relevantes de la regi\u00f3n, culminando en un cierre exitoso.\",\"breadcrumb\":{\"@id\":\"https:\\\/\\\/blplegal.com\\\/es\\\/blp-asesora-a-fifco-en-el-exitoso-cierre-de-la-adquisicion-emblematica-de-heineken\\\/#breadcrumb\"},\"inLanguage\":\"es\",\"potentialAction\":[{\"@type\":\"ReadAction\",\"target\":[\"https:\\\/\\\/blplegal.com\\\/es\\\/blp-asesora-a-fifco-en-el-exitoso-cierre-de-la-adquisicion-emblematica-de-heineken\\\/\"]}]},{\"@type\":\"ImageObject\",\"inLanguage\":\"es\",\"@id\":\"https:\\\/\\\/blplegal.com\\\/es\\\/blp-asesora-a-fifco-en-el-exitoso-cierre-de-la-adquisicion-emblematica-de-heineken\\\/#primaryimage\",\"url\":\"https:\\\/\\\/blplegal.com\\\/wp-content\\\/uploads\\\/2026\\\/05\\\/noticias-CA-2026-100.jpg\",\"contentUrl\":\"https:\\\/\\\/blplegal.com\\\/wp-content\\\/uploads\\\/2026\\\/05\\\/noticias-CA-2026-100.jpg\",\"width\":1920,\"height\":655},{\"@type\":\"BreadcrumbList\",\"@id\":\"https:\\\/\\\/blplegal.com\\\/es\\\/blp-asesora-a-fifco-en-el-exitoso-cierre-de-la-adquisicion-emblematica-de-heineken\\\/#breadcrumb\",\"itemListElement\":[{\"@type\":\"ListItem\",\"position\":1,\"name\":\"Home\",\"item\":\"https:\\\/\\\/blplegal.com\\\/es\\\/\"},{\"@type\":\"ListItem\",\"position\":2,\"name\":\"BLP asesora a FIFCO en el exitoso cierre de la adquisici\u00f3n emblem\u00e1tica de HEINEKEN\"}]},{\"@type\":\"WebSite\",\"@id\":\"https:\\\/\\\/blplegal.com\\\/es\\\/#website\",\"url\":\"https:\\\/\\\/blplegal.com\\\/es\\\/\",\"name\":\"BLP Legal\",\"description\":\"\",\"publisher\":{\"@id\":\"https:\\\/\\\/blplegal.com\\\/es\\\/#organization\"},\"potentialAction\":[{\"@type\":\"SearchAction\",\"target\":{\"@type\":\"EntryPoint\",\"urlTemplate\":\"https:\\\/\\\/blplegal.com\\\/es\\\/?s={search_term_string}\"},\"query-input\":{\"@type\":\"PropertyValueSpecification\",\"valueRequired\":true,\"valueName\":\"search_term_string\"}}],\"inLanguage\":\"es\"},{\"@type\":\"Organization\",\"@id\":\"https:\\\/\\\/blplegal.com\\\/es\\\/#organization\",\"name\":\"BLP Legal\",\"url\":\"https:\\\/\\\/blplegal.com\\\/es\\\/\",\"logo\":{\"@type\":\"ImageObject\",\"inLanguage\":\"es\",\"@id\":\"https:\\\/\\\/blplegal.com\\\/es\\\/#\\\/schema\\\/logo\\\/image\\\/\",\"url\":\"https:\\\/\\\/blplegal.com\\\/wp-content\\\/uploads\\\/2026\\\/02\\\/logo-horizontal-800x121-1.png\",\"contentUrl\":\"https:\\\/\\\/blplegal.com\\\/wp-content\\\/uploads\\\/2026\\\/02\\\/logo-horizontal-800x121-1.png\",\"width\":800,\"height\":121,\"caption\":\"BLP Legal\"},\"image\":{\"@id\":\"https:\\\/\\\/blplegal.com\\\/es\\\/#\\\/schema\\\/logo\\\/image\\\/\"},\"sameAs\":[\"https:\\\/\\\/www.facebook.com\\\/blplaw\",\"https:\\\/\\\/x.com\\\/blplegal\"]},{\"@type\":\"Person\",\"@id\":\"https:\\\/\\\/blplegal.com\\\/es\\\/#\\\/schema\\\/person\\\/f5c4052956a003aa19608c579d61d8d2\",\"name\":\"BLP\",\"url\":\"https:\\\/\\\/blplegal.com\\\/es\\\/author\\\/kvalverde\\\/\"}]}<\/script>\n<!-- \/ Yoast SEO plugin. -->","yoast_head_json":{"title":"BLP asesora a FIFCO en el exitoso cierre de la adquisici\u00f3n emblem\u00e1tica de HEINEKEN - BLP Legal","description":"Asesor\u00eda integral a FIFCO en una de las transacciones corporativas m\u00e1s relevantes de la regi\u00f3n, culminando en un cierre exitoso.","robots":{"index":"index","follow":"follow","max-snippet":"max-snippet:-1","max-image-preview":"max-image-preview:large","max-video-preview":"max-video-preview:-1"},"canonical":"https:\/\/blplegal.com\/es\/blp-asesora-a-fifco-en-el-exitoso-cierre-de-la-adquisicion-emblematica-de-heineken\/","og_locale":"es_ES","og_type":"article","og_title":"BLP asesora a FIFCO en el exitoso cierre de la adquisici\u00f3n emblem\u00e1tica de HEINEKEN","og_description":"Asesor\u00eda integral a FIFCO en una de las transacciones corporativas m\u00e1s relevantes de la regi\u00f3n, culminando en un cierre exitoso.","og_url":"https:\/\/blplegal.com\/es\/blp-asesora-a-fifco-en-el-exitoso-cierre-de-la-adquisicion-emblematica-de-heineken\/","og_site_name":"BLP Legal","article_publisher":"https:\/\/www.facebook.com\/blplaw","article_published_time":"2026-01-30T21:28:19+00:00","article_modified_time":"2026-08-14T00:38:57+00:00","author":"BLP","twitter_card":"summary_large_image","twitter_title":"BLP asesora a FIFCO en el exitoso cierre de la adquisici\u00f3n emblem\u00e1tica de HEINEKEN","twitter_description":"Asesor\u00eda integral a FIFCO en una de las transacciones corporativas m\u00e1s relevantes de la regi\u00f3n, culminando en un cierre exitoso.","twitter_creator":"@blplegal","twitter_site":"@blplegal","twitter_misc":{"Escrito por":"BLP","Tiempo de lectura":"2 minutos"},"schema":{"@context":"https:\/\/schema.org","@graph":[{"@type":"Article","@id":"https:\/\/blplegal.com\/es\/blp-asesora-a-fifco-en-el-exitoso-cierre-de-la-adquisicion-emblematica-de-heineken\/#article","isPartOf":{"@id":"https:\/\/blplegal.com\/es\/blp-asesora-a-fifco-en-el-exitoso-cierre-de-la-adquisicion-emblematica-de-heineken\/"},"author":{"name":"BLP","@id":"https:\/\/blplegal.com\/es\/#\/schema\/person\/f5c4052956a003aa19608c579d61d8d2"},"headline":"BLP asesora a FIFCO en el exitoso cierre de la adquisici\u00f3n emblem\u00e1tica de HEINEKEN","datePublished":"2026-01-30T21:28:19+00:00","dateModified":"2026-08-14T00:38:57+00:00","mainEntityOfPage":{"@id":"https:\/\/blplegal.com\/es\/blp-asesora-a-fifco-en-el-exitoso-cierre-de-la-adquisicion-emblematica-de-heineken\/"},"wordCount":403,"commentCount":0,"publisher":{"@id":"https:\/\/blplegal.com\/es\/#organization"},"image":{"@id":"https:\/\/blplegal.com\/es\/blp-asesora-a-fifco-en-el-exitoso-cierre-de-la-adquisicion-emblematica-de-heineken\/#primaryimage"},"thumbnailUrl":"https:\/\/blplegal.com\/wp-content\/uploads\/2026\/05\/noticias-CA-2026-100.jpg","articleSection":["Blog","Competencia &amp; Antimonopolio","Costa Rica","Derecho Corporativo","Noticias"],"inLanguage":"es","potentialAction":[{"@type":"CommentAction","name":"Comment","target":["https:\/\/blplegal.com\/es\/blp-asesora-a-fifco-en-el-exitoso-cierre-de-la-adquisicion-emblematica-de-heineken\/#respond"]}]},{"@type":"WebPage","@id":"https:\/\/blplegal.com\/es\/blp-asesora-a-fifco-en-el-exitoso-cierre-de-la-adquisicion-emblematica-de-heineken\/","url":"https:\/\/blplegal.com\/es\/blp-asesora-a-fifco-en-el-exitoso-cierre-de-la-adquisicion-emblematica-de-heineken\/","name":"BLP asesora a FIFCO en el exitoso cierre de la adquisici\u00f3n emblem\u00e1tica de HEINEKEN - BLP Legal","isPartOf":{"@id":"https:\/\/blplegal.com\/es\/#website"},"primaryImageOfPage":{"@id":"https:\/\/blplegal.com\/es\/blp-asesora-a-fifco-en-el-exitoso-cierre-de-la-adquisicion-emblematica-de-heineken\/#primaryimage"},"image":{"@id":"https:\/\/blplegal.com\/es\/blp-asesora-a-fifco-en-el-exitoso-cierre-de-la-adquisicion-emblematica-de-heineken\/#primaryimage"},"thumbnailUrl":"https:\/\/blplegal.com\/wp-content\/uploads\/2026\/05\/noticias-CA-2026-100.jpg","datePublished":"2026-01-30T21:28:19+00:00","dateModified":"2026-08-14T00:38:57+00:00","description":"Asesor\u00eda integral a FIFCO en una de las transacciones corporativas m\u00e1s relevantes de la regi\u00f3n, culminando en un cierre exitoso.","breadcrumb":{"@id":"https:\/\/blplegal.com\/es\/blp-asesora-a-fifco-en-el-exitoso-cierre-de-la-adquisicion-emblematica-de-heineken\/#breadcrumb"},"inLanguage":"es","potentialAction":[{"@type":"ReadAction","target":["https:\/\/blplegal.com\/es\/blp-asesora-a-fifco-en-el-exitoso-cierre-de-la-adquisicion-emblematica-de-heineken\/"]}]},{"@type":"ImageObject","inLanguage":"es","@id":"https:\/\/blplegal.com\/es\/blp-asesora-a-fifco-en-el-exitoso-cierre-de-la-adquisicion-emblematica-de-heineken\/#primaryimage","url":"https:\/\/blplegal.com\/wp-content\/uploads\/2026\/05\/noticias-CA-2026-100.jpg","contentUrl":"https:\/\/blplegal.com\/wp-content\/uploads\/2026\/05\/noticias-CA-2026-100.jpg","width":1920,"height":655},{"@type":"BreadcrumbList","@id":"https:\/\/blplegal.com\/es\/blp-asesora-a-fifco-en-el-exitoso-cierre-de-la-adquisicion-emblematica-de-heineken\/#breadcrumb","itemListElement":[{"@type":"ListItem","position":1,"name":"Home","item":"https:\/\/blplegal.com\/es\/"},{"@type":"ListItem","position":2,"name":"BLP asesora a FIFCO en el exitoso cierre de la adquisici\u00f3n emblem\u00e1tica de HEINEKEN"}]},{"@type":"WebSite","@id":"https:\/\/blplegal.com\/es\/#website","url":"https:\/\/blplegal.com\/es\/","name":"BLP Legal","description":"","publisher":{"@id":"https:\/\/blplegal.com\/es\/#organization"},"potentialAction":[{"@type":"SearchAction","target":{"@type":"EntryPoint","urlTemplate":"https:\/\/blplegal.com\/es\/?s={search_term_string}"},"query-input":{"@type":"PropertyValueSpecification","valueRequired":true,"valueName":"search_term_string"}}],"inLanguage":"es"},{"@type":"Organization","@id":"https:\/\/blplegal.com\/es\/#organization","name":"BLP Legal","url":"https:\/\/blplegal.com\/es\/","logo":{"@type":"ImageObject","inLanguage":"es","@id":"https:\/\/blplegal.com\/es\/#\/schema\/logo\/image\/","url":"https:\/\/blplegal.com\/wp-content\/uploads\/2026\/02\/logo-horizontal-800x121-1.png","contentUrl":"https:\/\/blplegal.com\/wp-content\/uploads\/2026\/02\/logo-horizontal-800x121-1.png","width":800,"height":121,"caption":"BLP Legal"},"image":{"@id":"https:\/\/blplegal.com\/es\/#\/schema\/logo\/image\/"},"sameAs":["https:\/\/www.facebook.com\/blplaw","https:\/\/x.com\/blplegal"]},{"@type":"Person","@id":"https:\/\/blplegal.com\/es\/#\/schema\/person\/f5c4052956a003aa19608c579d61d8d2","name":"BLP","url":"https:\/\/blplegal.com\/es\/author\/kvalverde\/"}]}},"_links":{"self":[{"href":"https:\/\/blplegal.com\/es\/wp-json\/wp\/v2\/posts\/20314","targetHints":{"allow":["GET"]}}],"collection":[{"href":"https:\/\/blplegal.com\/es\/wp-json\/wp\/v2\/posts"}],"about":[{"href":"https:\/\/blplegal.com\/es\/wp-json\/wp\/v2\/types\/post"}],"author":[{"embeddable":true,"href":"https:\/\/blplegal.com\/es\/wp-json\/wp\/v2\/users\/3"}],"replies":[{"embeddable":true,"href":"https:\/\/blplegal.com\/es\/wp-json\/wp\/v2\/comments?post=20314"}],"version-history":[{"count":0,"href":"https:\/\/blplegal.com\/es\/wp-json\/wp\/v2\/posts\/20314\/revisions"}],"wp:featuredmedia":[{"embeddable":true,"href":"https:\/\/blplegal.com\/es\/wp-json\/wp\/v2\/media\/22344"}],"wp:attachment":[{"href":"https:\/\/blplegal.com\/es\/wp-json\/wp\/v2\/media?parent=20314"}],"wp:term":[{"taxonomy":"category","embeddable":true,"href":"https:\/\/blplegal.com\/es\/wp-json\/wp\/v2\/categories?post=20314"},{"taxonomy":"post_tag","embeddable":true,"href":"https:\/\/blplegal.com\/es\/wp-json\/wp\/v2\/tags?post=20314"}],"curies":[{"name":"wp","href":"https:\/\/api.w.org\/{rel}","templated":true}]}}