{"id":14560,"date":"2024-02-16T10:41:29","date_gmt":"2024-02-16T16:41:29","guid":{"rendered":"https:\/\/blplegal.com\/?p=14560"},"modified":"2026-07-17T15:10:03","modified_gmt":"2026-07-17T21:10:03","slug":"costa-rica-que-nos-traera-el-2024-en-ied","status":"publish","type":"post","link":"https:\/\/blplegal.com\/es\/costa-rica-que-nos-traera-el-2024-en-ied\/","title":{"rendered":"Costa Rica: \u00bfQu\u00e9 nos traer\u00e1 el 2024 en IED?"},"content":{"rendered":"\n<p class=\"wp-block-paragraph\">El 2023 fue sin duda un a\u00f1o de cambios significativos en el modelo de atracci\u00f3n de Inversi\u00f3n Extranjera Directa (IED) que el pa\u00eds hab\u00eda sostenido por a\u00f1os y aunque a\u00fan es prematuro evaluar los resultados de estos cambios, el inicio del a\u00f1o siempre nos da el impulso de revisar en retrospectiva la labor realizada en el a\u00f1o anterior y a plantearnos los objetivos del a\u00f1o que comienza.<\/p>\n\n\n\n<p class=\"wp-block-paragraph\">En diciembre del 2023 el Ministerio de Comercio Exterior anunci\u00f3 que se duplic\u00f3 la atracci\u00f3n de IED para las regiones fuera del Gran \u00c1rea Metropolitana (GAM). Seg\u00fan la informaci\u00f3n proporcionada por la instituci\u00f3n para los primeros tres trimestres del a\u00f1o, de 56 proyectos de inversi\u00f3n establecidos en el pa\u00eds durante ese per\u00edodo, 12 eligieron una ubicaci\u00f3n fuera del GAM, lo que constituye un hito en materia de atracci\u00f3n de inversi\u00f3n. En t\u00e9rminos porcentuales, la atracci\u00f3n de IED experiment\u00f3 un crecimiento del 16% en comparaci\u00f3n con el a\u00f1o 2022, que traducido a cifras monetarias implica un monto cercano a los $3.000 millones que era la meta que se hab\u00eda fijado la instituci\u00f3n.<\/p>\n\n\n\n<p class=\"wp-block-paragraph\">De este monto de IED, las zonas francas siguen teniendo un rol protag\u00f3nico, pues alrededor del 51% se genera por ese sector, siendo los otros sectores empresas del r\u00e9gimen definitivo, sector inmobiliario turismo, sector financiero y los dem\u00e1s.<\/p>\n\n\n\n<p class=\"wp-block-paragraph\">El balance del 2023, con todo y los nuevos retos asumidos en la atracci\u00f3n de IED, demostr\u00f3 ser positivo. As\u00ed las cosas, es momento de empezar a trabajar en las metas del 2024 y entender qu\u00e9 depara el futuro para el a\u00f1o que comienza. <i>fDi Intelligence<\/i> del <i>Financial Times<\/i>, se\u00f1ala que las incertidumbres geopol\u00edticas y macroecon\u00f3micas a\u00fan contin\u00faan impactando la atracci\u00f3n de IED a nivel global, sin embargo, esto sigue siendo una excelente oportunidad para las econom\u00edas en desarrollo.<\/p>\n\n\n\n<p class=\"wp-block-paragraph\">La expectativa en la ca\u00edda de las tasas de inter\u00e9s en Estados Unidos y Europa y el consecuente acceso a capital de manera m\u00e1s econ\u00f3mica, podr\u00eda hacer que las multinacionales busquen diversificar sus inversiones en pa\u00edses con tasas de crecimiento econ\u00f3mico atractivas.<\/p>\n\n\n\n<p class=\"wp-block-paragraph\">En ese contexto, Costa Rica debe apostar por seguir en el mapa de los flujos de IED, para ello no solamente es importante reforzar la b\u00fasqueda de proyectos en las distintas latitudes, sino continuar teniendo una propuesta de valor como pa\u00eds. Costa Rica es atractiva no solamente por el r\u00e9gimen de incentivos fiscales que ofrece sino por su talento altamente capacitado, multiling\u00fce y con habilidades blandas, sin embargo, en la b\u00fasqueda de destinos de inversi\u00f3n el costo econ\u00f3mico siempre ser\u00e1 un factor determinante y es ah\u00ed donde estamos perdiendo competitividad.<\/p>\n\n\n\n<p class=\"wp-block-paragraph\">En esta l\u00ednea, es importante que se revise cuanto antes el impacto econ\u00f3mico que significa para las zonas francas, sector exportador y IED en general la apreciaci\u00f3n del col\u00f3n que se viene viviendo desde mediados del 2022. La pol\u00edtica cambiaria tiene un efecto directo en el costo operativo de las empresas en estos sectores, siendo uno de los principales el incremento en el costo de la mano de obra.<\/p>\n\n\n\n<p class=\"wp-block-paragraph\">Este es un tema que preocupa al sector empresarial desde hace varios meses, m\u00e1s recientemente la Junta Directiva de PROCOMER plante\u00f3 al Banco Central la necesidad de implementar medidas urgentes para estabilizar el tipo de cambio y mantener la competitividad de este sector.<\/p>\n\n\n\n<p class=\"wp-block-paragraph\">En el 2023 Costa Rica atrajo 12 veces m\u00e1s proyectos de IED que lo que es esperable para el tama\u00f1o de su econom\u00eda, ahora corresponde trabajar en retener los proyectos que ya tenemos establecidos en el pa\u00eds, hacer que crezcan y seguir siendo exitosos en la atracci\u00f3n de nuevas inversiones, ojal\u00e1 para las \u00e1reas fuera del GAM en donde tan necesario es el crecimiento econ\u00f3mico.<\/p>\n\n\n\n<hr class=\"wp-block-separator has-alpha-channel-opacity\" \/>\n\n\n\n<figure class=\"wp-block-image\"><img decoding=\"async\" src=\"https:\/\/blplegal.com\/blp-web-2021\/wp-content\/uploads\/2022\/08\/Adelina-Villalobos-2.png\" alt=\"\" \/><\/figure>\n\n\n\n<p class=\"wp-block-paragraph\" align=\"left\"><b>Adelina Villalobos\n<\/b><strong>Socia<\/strong>\nCosta Rica\n<strong><a href=\"mailto:avillalobos@blplegal.com\" target=\"_blank\" rel=\"noopener\">E-mail<\/a><\/strong><\/p>\n","protected":false},"excerpt":{"rendered":"<p>El 2023 fue sin duda un a\u00f1o de cambios significativos en el modelo de atracci\u00f3n de Inversi\u00f3n Extranjera Directa (IED) que el pa\u00eds hab\u00eda sostenido por a\u00f1os y aunque a\u00fan es prematuro evaluar los resultados de estos cambios, el inicio del a\u00f1o siempre nos da el impulso de revisar en retrospectiva la labor realizada en&#8230;<\/p>\n","protected":false},"author":3,"featured_media":22344,"comment_status":"open","ping_status":"open","sticky":false,"template":"","format":"standard","meta":{"_acf_changed":false,"footnotes":""},"categories":[299,301,259,277],"tags":[],"class_list":["post-14560","post","type-post","status-publish","format-standard","has-post-thumbnail","hentry","category-analisis","category-blog","category-costa-rica","category-zonas-francas"],"acf":[],"yoast_head":"<!-- This site is optimized with the Yoast SEO plugin v28.3 - https:\/\/yoast.com\/product\/yoast-seo-wordpress\/ -->\n<title>Costa Rica: \u00bfQu\u00e9 nos traer\u00e1 el 2024 en IED? - BLP Legal<\/title>\n<meta name=\"description\" content=\"El 2023 fue sin duda un a\u00f1o de cambios significativos en el modelo de atracci\u00f3n de Inversi\u00f3n Extranjera Directa (IED) que el pa\u00eds hab\u00eda sostenido por a\u00f1os y aunque a\u00fan es prematuro evaluar los resultados de estos cambios, el inicio del a\u00f1o siempre nos da el impulso de revisar en retrospectiva la labor realizada en el a\u00f1o anterior y a plantearnos los objetivos del a\u00f1o que comienza. %\" \/>\n<meta name=\"robots\" content=\"index, follow, max-snippet:-1, max-image-preview:large, max-video-preview:-1\" \/>\n<link rel=\"canonical\" href=\"https:\/\/blplegal.com\/es\/costa-rica-que-nos-traera-el-2024-en-ied\/\" \/>\n<meta property=\"og:locale\" content=\"es_ES\" \/>\n<meta property=\"og:type\" content=\"article\" \/>\n<meta property=\"og:title\" content=\"Costa Rica: \u00bfQu\u00e9 nos traer\u00e1 el 2024 en IED?\" \/>\n<meta property=\"og:description\" content=\"El 2023 fue sin duda un a\u00f1o de cambios significativos en el modelo de atracci\u00f3n de Inversi\u00f3n Extranjera Directa (IED) que el pa\u00eds hab\u00eda sostenido por a\u00f1os y aunque a\u00fan es prematuro evaluar los resultados de estos cambios, el inicio del a\u00f1o siempre nos da el impulso de revisar en retrospectiva la labor realizada en el a\u00f1o anterior y a plantearnos los objetivos del a\u00f1o que comienza.\" \/>\n<meta property=\"og:url\" content=\"https:\/\/blplegal.com\/es\/costa-rica-que-nos-traera-el-2024-en-ied\/\" \/>\n<meta property=\"og:site_name\" content=\"BLP Legal\" \/>\n<meta property=\"article:publisher\" content=\"https:\/\/www.facebook.com\/blplaw\" \/>\n<meta property=\"article:published_time\" content=\"2024-02-16T16:41:29+00:00\" \/>\n<meta property=\"article:modified_time\" content=\"2026-07-17T21:10:03+00:00\" \/>\n<meta name=\"author\" content=\"BLP\" \/>\n<meta name=\"twitter:card\" content=\"summary_large_image\" \/>\n<meta name=\"twitter:title\" content=\"Costa Rica: \u00bfQu\u00e9 nos traer\u00e1 el 2024 en IED?\" \/>\n<meta name=\"twitter:description\" content=\"El 2023 fue sin duda un a\u00f1o de cambios significativos en el modelo de atracci\u00f3n de Inversi\u00f3n Extranjera Directa (IED) que el pa\u00eds hab\u00eda sostenido por a\u00f1os y aunque a\u00fan es prematuro evaluar los resultados de estos cambios, el inicio del a\u00f1o siempre nos da el impulso de revisar en retrospectiva la labor realizada en el a\u00f1o anterior y a plantearnos los objetivos del a\u00f1o que comienza.\" \/>\n<meta name=\"twitter:creator\" content=\"@blplegal\" \/>\n<meta name=\"twitter:site\" content=\"@blplegal\" \/>\n<meta name=\"twitter:label1\" content=\"Escrito por\" \/>\n\t<meta name=\"twitter:data1\" content=\"BLP\" \/>\n\t<meta name=\"twitter:label2\" content=\"Tiempo de lectura\" \/>\n\t<meta name=\"twitter:data2\" content=\"4 minutos\" \/>\n<script type=\"application\/ld+json\" class=\"yoast-schema-graph\">{\"@context\":\"https:\\\/\\\/schema.org\",\"@graph\":[{\"@type\":\"Article\",\"@id\":\"https:\\\/\\\/blplegal.com\\\/es\\\/costa-rica-que-nos-traera-el-2024-en-ied\\\/#article\",\"isPartOf\":{\"@id\":\"https:\\\/\\\/blplegal.com\\\/es\\\/costa-rica-que-nos-traera-el-2024-en-ied\\\/\"},\"author\":{\"name\":\"BLP\",\"@id\":\"https:\\\/\\\/blplegal.com\\\/es\\\/#\\\/schema\\\/person\\\/f5c4052956a003aa19608c579d61d8d2\"},\"headline\":\"Costa Rica: \u00bfQu\u00e9 nos traer\u00e1 el 2024 en IED?\",\"datePublished\":\"2024-02-16T16:41:29+00:00\",\"dateModified\":\"2026-07-17T21:10:03+00:00\",\"mainEntityOfPage\":{\"@id\":\"https:\\\/\\\/blplegal.com\\\/es\\\/costa-rica-que-nos-traera-el-2024-en-ied\\\/\"},\"wordCount\":670,\"commentCount\":0,\"publisher\":{\"@id\":\"https:\\\/\\\/blplegal.com\\\/es\\\/#organization\"},\"image\":{\"@id\":\"https:\\\/\\\/blplegal.com\\\/es\\\/costa-rica-que-nos-traera-el-2024-en-ied\\\/#primaryimage\"},\"thumbnailUrl\":\"https:\\\/\\\/blplegal.com\\\/wp-content\\\/uploads\\\/2026\\\/05\\\/noticias-CA-2026-100.jpg\",\"articleSection\":[\"An\u00e1lisis\",\"Blog\",\"Costa Rica\",\"Zonas Francas\"],\"inLanguage\":\"es\",\"potentialAction\":[{\"@type\":\"CommentAction\",\"name\":\"Comment\",\"target\":[\"https:\\\/\\\/blplegal.com\\\/es\\\/costa-rica-que-nos-traera-el-2024-en-ied\\\/#respond\"]}]},{\"@type\":\"WebPage\",\"@id\":\"https:\\\/\\\/blplegal.com\\\/es\\\/costa-rica-que-nos-traera-el-2024-en-ied\\\/\",\"url\":\"https:\\\/\\\/blplegal.com\\\/es\\\/costa-rica-que-nos-traera-el-2024-en-ied\\\/\",\"name\":\"Costa Rica: \u00bfQu\u00e9 nos traer\u00e1 el 2024 en IED? - BLP Legal\",\"isPartOf\":{\"@id\":\"https:\\\/\\\/blplegal.com\\\/es\\\/#website\"},\"primaryImageOfPage\":{\"@id\":\"https:\\\/\\\/blplegal.com\\\/es\\\/costa-rica-que-nos-traera-el-2024-en-ied\\\/#primaryimage\"},\"image\":{\"@id\":\"https:\\\/\\\/blplegal.com\\\/es\\\/costa-rica-que-nos-traera-el-2024-en-ied\\\/#primaryimage\"},\"thumbnailUrl\":\"https:\\\/\\\/blplegal.com\\\/wp-content\\\/uploads\\\/2026\\\/05\\\/noticias-CA-2026-100.jpg\",\"datePublished\":\"2024-02-16T16:41:29+00:00\",\"dateModified\":\"2026-07-17T21:10:03+00:00\",\"description\":\"El 2023 fue sin duda un a\u00f1o de cambios significativos en el modelo de atracci\u00f3n de Inversi\u00f3n Extranjera Directa (IED) que el pa\u00eds hab\u00eda sostenido por a\u00f1os y aunque a\u00fan es prematuro evaluar los resultados de estos cambios, el inicio del a\u00f1o siempre nos da el impulso de revisar en retrospectiva la labor realizada en el a\u00f1o anterior y a plantearnos los objetivos del a\u00f1o que comienza. %\",\"breadcrumb\":{\"@id\":\"https:\\\/\\\/blplegal.com\\\/es\\\/costa-rica-que-nos-traera-el-2024-en-ied\\\/#breadcrumb\"},\"inLanguage\":\"es\",\"potentialAction\":[{\"@type\":\"ReadAction\",\"target\":[\"https:\\\/\\\/blplegal.com\\\/es\\\/costa-rica-que-nos-traera-el-2024-en-ied\\\/\"]}]},{\"@type\":\"ImageObject\",\"inLanguage\":\"es\",\"@id\":\"https:\\\/\\\/blplegal.com\\\/es\\\/costa-rica-que-nos-traera-el-2024-en-ied\\\/#primaryimage\",\"url\":\"https:\\\/\\\/blplegal.com\\\/wp-content\\\/uploads\\\/2026\\\/05\\\/noticias-CA-2026-100.jpg\",\"contentUrl\":\"https:\\\/\\\/blplegal.com\\\/wp-content\\\/uploads\\\/2026\\\/05\\\/noticias-CA-2026-100.jpg\",\"width\":1920,\"height\":655},{\"@type\":\"BreadcrumbList\",\"@id\":\"https:\\\/\\\/blplegal.com\\\/es\\\/costa-rica-que-nos-traera-el-2024-en-ied\\\/#breadcrumb\",\"itemListElement\":[{\"@type\":\"ListItem\",\"position\":1,\"name\":\"Home\",\"item\":\"https:\\\/\\\/blplegal.com\\\/es\\\/\"},{\"@type\":\"ListItem\",\"position\":2,\"name\":\"Costa Rica: \u00bfQu\u00e9 nos traer\u00e1 el 2024 en IED?\"}]},{\"@type\":\"WebSite\",\"@id\":\"https:\\\/\\\/blplegal.com\\\/es\\\/#website\",\"url\":\"https:\\\/\\\/blplegal.com\\\/es\\\/\",\"name\":\"BLP Legal\",\"description\":\"\",\"publisher\":{\"@id\":\"https:\\\/\\\/blplegal.com\\\/es\\\/#organization\"},\"potentialAction\":[{\"@type\":\"SearchAction\",\"target\":{\"@type\":\"EntryPoint\",\"urlTemplate\":\"https:\\\/\\\/blplegal.com\\\/es\\\/?s={search_term_string}\"},\"query-input\":{\"@type\":\"PropertyValueSpecification\",\"valueRequired\":true,\"valueName\":\"search_term_string\"}}],\"inLanguage\":\"es\"},{\"@type\":\"Organization\",\"@id\":\"https:\\\/\\\/blplegal.com\\\/es\\\/#organization\",\"name\":\"BLP Legal\",\"url\":\"https:\\\/\\\/blplegal.com\\\/es\\\/\",\"logo\":{\"@type\":\"ImageObject\",\"inLanguage\":\"es\",\"@id\":\"https:\\\/\\\/blplegal.com\\\/es\\\/#\\\/schema\\\/logo\\\/image\\\/\",\"url\":\"https:\\\/\\\/blplegal.com\\\/wp-content\\\/uploads\\\/2026\\\/02\\\/logo-horizontal-800x121-1.png\",\"contentUrl\":\"https:\\\/\\\/blplegal.com\\\/wp-content\\\/uploads\\\/2026\\\/02\\\/logo-horizontal-800x121-1.png\",\"width\":800,\"height\":121,\"caption\":\"BLP Legal\"},\"image\":{\"@id\":\"https:\\\/\\\/blplegal.com\\\/es\\\/#\\\/schema\\\/logo\\\/image\\\/\"},\"sameAs\":[\"https:\\\/\\\/www.facebook.com\\\/blplaw\",\"https:\\\/\\\/x.com\\\/blplegal\"]},{\"@type\":\"Person\",\"@id\":\"https:\\\/\\\/blplegal.com\\\/es\\\/#\\\/schema\\\/person\\\/f5c4052956a003aa19608c579d61d8d2\",\"name\":\"BLP\",\"url\":\"https:\\\/\\\/blplegal.com\\\/es\\\/author\\\/kvalverde\\\/\"}]}<\/script>\n<!-- \/ Yoast SEO plugin. -->","yoast_head_json":{"title":"Costa Rica: \u00bfQu\u00e9 nos traer\u00e1 el 2024 en IED? - BLP Legal","description":"El 2023 fue sin duda un a\u00f1o de cambios significativos en el modelo de atracci\u00f3n de Inversi\u00f3n Extranjera Directa (IED) que el pa\u00eds hab\u00eda sostenido por a\u00f1os y aunque a\u00fan es prematuro evaluar los resultados de estos cambios, el inicio del a\u00f1o siempre nos da el impulso de revisar en retrospectiva la labor realizada en el a\u00f1o anterior y a plantearnos los objetivos del a\u00f1o que comienza. %","robots":{"index":"index","follow":"follow","max-snippet":"max-snippet:-1","max-image-preview":"max-image-preview:large","max-video-preview":"max-video-preview:-1"},"canonical":"https:\/\/blplegal.com\/es\/costa-rica-que-nos-traera-el-2024-en-ied\/","og_locale":"es_ES","og_type":"article","og_title":"Costa Rica: \u00bfQu\u00e9 nos traer\u00e1 el 2024 en IED?","og_description":"El 2023 fue sin duda un a\u00f1o de cambios significativos en el modelo de atracci\u00f3n de Inversi\u00f3n Extranjera Directa (IED) que el pa\u00eds hab\u00eda sostenido por a\u00f1os y aunque a\u00fan es prematuro evaluar los resultados de estos cambios, el inicio del a\u00f1o siempre nos da el impulso de revisar en retrospectiva la labor realizada en el a\u00f1o anterior y a plantearnos los objetivos del a\u00f1o que comienza.","og_url":"https:\/\/blplegal.com\/es\/costa-rica-que-nos-traera-el-2024-en-ied\/","og_site_name":"BLP Legal","article_publisher":"https:\/\/www.facebook.com\/blplaw","article_published_time":"2024-02-16T16:41:29+00:00","article_modified_time":"2026-07-17T21:10:03+00:00","author":"BLP","twitter_card":"summary_large_image","twitter_title":"Costa Rica: \u00bfQu\u00e9 nos traer\u00e1 el 2024 en IED?","twitter_description":"El 2023 fue sin duda un a\u00f1o de cambios significativos en el modelo de atracci\u00f3n de Inversi\u00f3n Extranjera Directa (IED) que el pa\u00eds hab\u00eda sostenido por a\u00f1os y aunque a\u00fan es prematuro evaluar los resultados de estos cambios, el inicio del a\u00f1o siempre nos da el impulso de revisar en retrospectiva la labor realizada en el a\u00f1o anterior y a plantearnos los objetivos del a\u00f1o que comienza.","twitter_creator":"@blplegal","twitter_site":"@blplegal","twitter_misc":{"Escrito por":"BLP","Tiempo de lectura":"4 minutos"},"schema":{"@context":"https:\/\/schema.org","@graph":[{"@type":"Article","@id":"https:\/\/blplegal.com\/es\/costa-rica-que-nos-traera-el-2024-en-ied\/#article","isPartOf":{"@id":"https:\/\/blplegal.com\/es\/costa-rica-que-nos-traera-el-2024-en-ied\/"},"author":{"name":"BLP","@id":"https:\/\/blplegal.com\/es\/#\/schema\/person\/f5c4052956a003aa19608c579d61d8d2"},"headline":"Costa Rica: \u00bfQu\u00e9 nos traer\u00e1 el 2024 en IED?","datePublished":"2024-02-16T16:41:29+00:00","dateModified":"2026-07-17T21:10:03+00:00","mainEntityOfPage":{"@id":"https:\/\/blplegal.com\/es\/costa-rica-que-nos-traera-el-2024-en-ied\/"},"wordCount":670,"commentCount":0,"publisher":{"@id":"https:\/\/blplegal.com\/es\/#organization"},"image":{"@id":"https:\/\/blplegal.com\/es\/costa-rica-que-nos-traera-el-2024-en-ied\/#primaryimage"},"thumbnailUrl":"https:\/\/blplegal.com\/wp-content\/uploads\/2026\/05\/noticias-CA-2026-100.jpg","articleSection":["An\u00e1lisis","Blog","Costa Rica","Zonas Francas"],"inLanguage":"es","potentialAction":[{"@type":"CommentAction","name":"Comment","target":["https:\/\/blplegal.com\/es\/costa-rica-que-nos-traera-el-2024-en-ied\/#respond"]}]},{"@type":"WebPage","@id":"https:\/\/blplegal.com\/es\/costa-rica-que-nos-traera-el-2024-en-ied\/","url":"https:\/\/blplegal.com\/es\/costa-rica-que-nos-traera-el-2024-en-ied\/","name":"Costa Rica: \u00bfQu\u00e9 nos traer\u00e1 el 2024 en IED? - BLP Legal","isPartOf":{"@id":"https:\/\/blplegal.com\/es\/#website"},"primaryImageOfPage":{"@id":"https:\/\/blplegal.com\/es\/costa-rica-que-nos-traera-el-2024-en-ied\/#primaryimage"},"image":{"@id":"https:\/\/blplegal.com\/es\/costa-rica-que-nos-traera-el-2024-en-ied\/#primaryimage"},"thumbnailUrl":"https:\/\/blplegal.com\/wp-content\/uploads\/2026\/05\/noticias-CA-2026-100.jpg","datePublished":"2024-02-16T16:41:29+00:00","dateModified":"2026-07-17T21:10:03+00:00","description":"El 2023 fue sin duda un a\u00f1o de cambios significativos en el modelo de atracci\u00f3n de Inversi\u00f3n Extranjera Directa (IED) que el pa\u00eds hab\u00eda sostenido por a\u00f1os y aunque a\u00fan es prematuro evaluar los resultados de estos cambios, el inicio del a\u00f1o siempre nos da el impulso de revisar en retrospectiva la labor realizada en el a\u00f1o anterior y a plantearnos los objetivos del a\u00f1o que comienza. %","breadcrumb":{"@id":"https:\/\/blplegal.com\/es\/costa-rica-que-nos-traera-el-2024-en-ied\/#breadcrumb"},"inLanguage":"es","potentialAction":[{"@type":"ReadAction","target":["https:\/\/blplegal.com\/es\/costa-rica-que-nos-traera-el-2024-en-ied\/"]}]},{"@type":"ImageObject","inLanguage":"es","@id":"https:\/\/blplegal.com\/es\/costa-rica-que-nos-traera-el-2024-en-ied\/#primaryimage","url":"https:\/\/blplegal.com\/wp-content\/uploads\/2026\/05\/noticias-CA-2026-100.jpg","contentUrl":"https:\/\/blplegal.com\/wp-content\/uploads\/2026\/05\/noticias-CA-2026-100.jpg","width":1920,"height":655},{"@type":"BreadcrumbList","@id":"https:\/\/blplegal.com\/es\/costa-rica-que-nos-traera-el-2024-en-ied\/#breadcrumb","itemListElement":[{"@type":"ListItem","position":1,"name":"Home","item":"https:\/\/blplegal.com\/es\/"},{"@type":"ListItem","position":2,"name":"Costa Rica: \u00bfQu\u00e9 nos traer\u00e1 el 2024 en IED?"}]},{"@type":"WebSite","@id":"https:\/\/blplegal.com\/es\/#website","url":"https:\/\/blplegal.com\/es\/","name":"BLP Legal","description":"","publisher":{"@id":"https:\/\/blplegal.com\/es\/#organization"},"potentialAction":[{"@type":"SearchAction","target":{"@type":"EntryPoint","urlTemplate":"https:\/\/blplegal.com\/es\/?s={search_term_string}"},"query-input":{"@type":"PropertyValueSpecification","valueRequired":true,"valueName":"search_term_string"}}],"inLanguage":"es"},{"@type":"Organization","@id":"https:\/\/blplegal.com\/es\/#organization","name":"BLP Legal","url":"https:\/\/blplegal.com\/es\/","logo":{"@type":"ImageObject","inLanguage":"es","@id":"https:\/\/blplegal.com\/es\/#\/schema\/logo\/image\/","url":"https:\/\/blplegal.com\/wp-content\/uploads\/2026\/02\/logo-horizontal-800x121-1.png","contentUrl":"https:\/\/blplegal.com\/wp-content\/uploads\/2026\/02\/logo-horizontal-800x121-1.png","width":800,"height":121,"caption":"BLP Legal"},"image":{"@id":"https:\/\/blplegal.com\/es\/#\/schema\/logo\/image\/"},"sameAs":["https:\/\/www.facebook.com\/blplaw","https:\/\/x.com\/blplegal"]},{"@type":"Person","@id":"https:\/\/blplegal.com\/es\/#\/schema\/person\/f5c4052956a003aa19608c579d61d8d2","name":"BLP","url":"https:\/\/blplegal.com\/es\/author\/kvalverde\/"}]}},"_links":{"self":[{"href":"https:\/\/blplegal.com\/es\/wp-json\/wp\/v2\/posts\/14560","targetHints":{"allow":["GET"]}}],"collection":[{"href":"https:\/\/blplegal.com\/es\/wp-json\/wp\/v2\/posts"}],"about":[{"href":"https:\/\/blplegal.com\/es\/wp-json\/wp\/v2\/types\/post"}],"author":[{"embeddable":true,"href":"https:\/\/blplegal.com\/es\/wp-json\/wp\/v2\/users\/3"}],"replies":[{"embeddable":true,"href":"https:\/\/blplegal.com\/es\/wp-json\/wp\/v2\/comments?post=14560"}],"version-history":[{"count":0,"href":"https:\/\/blplegal.com\/es\/wp-json\/wp\/v2\/posts\/14560\/revisions"}],"wp:featuredmedia":[{"embeddable":true,"href":"https:\/\/blplegal.com\/es\/wp-json\/wp\/v2\/media\/22344"}],"wp:attachment":[{"href":"https:\/\/blplegal.com\/es\/wp-json\/wp\/v2\/media?parent=14560"}],"wp:term":[{"taxonomy":"category","embeddable":true,"href":"https:\/\/blplegal.com\/es\/wp-json\/wp\/v2\/categories?post=14560"},{"taxonomy":"post_tag","embeddable":true,"href":"https:\/\/blplegal.com\/es\/wp-json\/wp\/v2\/tags?post=14560"}],"curies":[{"name":"wp","href":"https:\/\/api.w.org\/{rel}","templated":true}]}}